{"id":2320,"date":"2024-02-29T08:21:56","date_gmt":"2024-02-29T07:21:56","guid":{"rendered":"https:\/\/pozeskakuca.hr\/?p=2320"},"modified":"2024-02-29T08:25:04","modified_gmt":"2024-02-29T07:25:04","slug":"proglaseni-pobjednici-natjecaja-moje-drago-srce-ogranka-matice-hrvatske-u-pozegi","status":"publish","type":"post","link":"https:\/\/pozeskakuca.gmp.hr\/en\/2024\/02\/29\/proglaseni-pobjednici-natjecaja-moje-drago-srce-ogranka-matice-hrvatske-u-pozegi\/","title":{"rendered":"Progla\u0161eni pobjednici natje\u010daja &#8220;Moje drago srce&#8221; Ogranka Matice hrvatske u Po\u017eegi"},"content":{"rendered":"<div data-elementor-type=\"wp-post\" data-elementor-id=\"2320\" class=\"elementor elementor-2320\">\n\t\t\t\t\t\t<section class=\"elementor-section elementor-top-section elementor-element elementor-element-bf896cf elementor-section-boxed elementor-section-height-default elementor-section-height-default\" data-id=\"bf896cf\" data-element_type=\"section\" data-e-type=\"section\">\n\t\t\t\t\t\t<div class=\"elementor-container elementor-column-gap-default\">\n\t\t\t\t\t<div class=\"elementor-column elementor-col-100 elementor-top-column elementor-element elementor-element-6225e0d\" data-id=\"6225e0d\" data-element_type=\"column\" data-e-type=\"column\">\n\t\t\t<div class=\"elementor-widget-wrap elementor-element-populated\">\n\t\t\t\t\t\t<div class=\"elementor-element elementor-element-341e12f elementor-widget elementor-widget-text-editor\" data-id=\"341e12f\" data-element_type=\"widget\" data-e-type=\"widget\" data-widget_type=\"text-editor.default\">\n\t\t\t\t<div class=\"elementor-widget-container\">\n\t\t\t\t\t\t\t\t\t<p style=\"text-align: center;\">U srijedu, 28. velja\u010de, u Centru za posjetitelje Po\u017ee\u0161ka ku\u0107a odr\u017eano je sve\u010dano progla\u0161enje pobjednika natje\u010daja &#8220;Moje drago srce&#8221; u organizaciji Ogranka Matice hrvatske u Po\u017eegi.<\/p>\t\t\t\t\t\t\t\t<\/div>\n\t\t\t\t<\/div>\n\t\t\t\t\t<\/div>\n\t\t<\/div>\n\t\t\t\t\t<\/div>\n\t\t<\/section>\n\t\t\t\t<section class=\"elementor-section elementor-top-section elementor-element elementor-element-987a771 elementor-section-boxed elementor-section-height-default elementor-section-height-default\" data-id=\"987a771\" data-element_type=\"section\" data-e-type=\"section\">\n\t\t\t\t\t\t<div class=\"elementor-container elementor-column-gap-default\">\n\t\t\t\t\t<div class=\"elementor-column elementor-col-100 elementor-top-column elementor-element elementor-element-7a53415\" data-id=\"7a53415\" data-element_type=\"column\" data-e-type=\"column\">\n\t\t\t<div class=\"elementor-widget-wrap elementor-element-populated\">\n\t\t\t\t\t\t<div class=\"elementor-element elementor-element-8f6c150 elementor-widget elementor-widget-text-editor\" data-id=\"8f6c150\" data-element_type=\"widget\" data-e-type=\"widget\" data-widget_type=\"text-editor.default\">\n\t\t\t\t<div class=\"elementor-widget-container\">\n\t\t\t\t\t\t\t\t\t<p>U modernom vremenu dru\u0161tvenih mre\u017ea i poruka koje stignu za sekundu do osobe kojoj ih \u0161aljemo \u2013 u\u010denici su se prepustili pisanju ljubavnih pisama, a sve u sklopu natje\u010daja \u201eMoje drago srce\u201c kojeg provodi Ogranak\u00a0Matice\u00a0hrvatske u Po\u017eegi, a putem kojeg biraju najljep\u0161e ljubavno pismo.<\/p><p>Na ovogodi\u0161nji, \u010detvrti po redu natje\u010daj, pristiglo je 24 pisma, od toga je deset napisano od strane u\u010denika srednjih \u0161kola, a \u010detiri su pak napisali u\u010denici osnovnih \u0161kola, \u010diju kreativnost su posebno istaknuli \u010dlanovi prosudbenoga povjerenstva.<\/p><p>Na po\u010detku sve\u010danoga progla\u0161enja pobjednika, odr\u017eanom u Po\u017ee\u0161koj ku\u0107i, sve okupljene je pozdravila profesorica Anita Kati\u0107, predsjednica Ogranka Po\u017eega, ukratko ponoviv\u0161i kako je natje\u010daj pokrenut povodom obilje\u017eavanja 351. obljetnice pogibelji hrvatskih velikana Petra Zrinskog i Frane Krste Frankopana, ujedno i obljetnice postojanja jednog od najljep\u0161ih i najdramati\u010dnijih ljubavnih pisama u hrvatskoj povijesti koje je prije smaknu\u0107a Petar napisao svojoj supruzi Katarini.<\/p><p>Naglasila je tako\u0111er kako je pismo pomalo zaboravljena forma te bi trebalo dodatno poticati mlade ljude na pisanje pisama, osobito ljubavnih. Upravo iz toga razloga Ogranak je \u017eelio potaknuti u\u010denike da se pozabave ovom knji\u017eevnom formom, a s druge strane uklju\u010diti mlade u aktivnosti Ogranka Matice hrvatske u Po\u017eegi. Pismo Petra Zrinskog pro\u010ditao je profesor Miroslav Pauli\u0107.<\/p><p>\u010clanovi prosudbenoga povjerenstva koje je vrednovalo pisma bili su profesorice Marijana \u0106orluka, Blanka \u0110imoti Zima i Anita Kati\u0107. Profesorica Blanka \u0110imoti Zima istaknula je da su mladi danas puno vje\u0161tiji u pisanju sms-poruka, poruka na aplikacijama i dru\u0161tvenim mre\u017eama nego u pisanju pisma. Sami u\u010denici ka\u017eu da im pisanje dugih pisama nije niti u\u0161lo u naviku pa se te\u017ee izra\u017eavaju tom formom. Ipak, ima i onih koji su posebno kreativni u pisanju ljubavnih pisama, a najbolji su u kategoriji osnovnih \u0161kola i kategoriji srednjih \u0161kola i ove godine nagra\u0111eni slatkim nagradama, knjigom i poklon-bonom.<\/p><p>Dana\u0161njem progla\u0161enju pobjednika natje\u010daja Najljep\u0161e ljubavno pismo prisustvovao je i zamjenik po\u017ee\u0161ko-slavonske \u017eupanice Ferdinand Troha koji je \u010destitao svim nagra\u0111enima te dodijelio nagrade. Prisutne je pozdravila i ravnateljica Gradskog muzeja Po\u017eega Ljiljana Mari\u0107.<\/p><p>Progla\u0161ena su prva tri najljep\u0161a pisma u kategoriji osnovnih i srednjih \u0161kola. U kategoriji osnovnih \u0161kola tre\u0107e mjesto osvojila je Marija \u0160ipek iz Osnovne \u0161kole Dobri\u0161a Cesari\u0107 Po\u017eega, njezina mentorica je prof. Blanka \u0110imoti Zima. Drugo mjesto osvojila je Mia \u0160tivi\u0107 iz Osnovne \u0161kole Zdenka Turkovi\u0107a Kutjevo, njezina mentorica je profesorica Marija John Ament. Prvo mjesto za najljep\u0161e ljubavno pismo osvojio je jedini mu\u0161ki sudionik natje\u010daja, Patrik Po\u017eega iz Osnovne \u0161kole Mladost Jak\u0161i\u0107, a njegova mentorica bila je prof. Marijana Beni\u0107.<\/p><p>U kategoriji srednjih \u0161kola tre\u0107e mjesto osvojila je Jana Dvora\u010dek iz Gimnazije Po\u017eega, njezina mentorica je prof. Du\u0161ka Gali\u0107. Drugo mjesto osvojila je Ena Podobnik iz Katoli\u010dke gimnazije s pravom javnosti u Po\u017eegi, a njezin mentor je prof. Miroslav Pauli\u0107. Prvo mjesto za najljep\u0161e pismo osvojila je Matea Majstorovi\u0107 iz Ekonomske \u0161kole u Po\u017eegi, a njezina mentorica je prof. Marija \u0160ag Sadilek.<\/p>\t\t\t\t\t\t\t\t<\/div>\n\t\t\t\t<\/div>\n\t\t\t\t\t<\/div>\n\t\t<\/div>\n\t\t\t\t\t<\/div>\n\t\t<\/section>\n\t\t\t\t<section class=\"elementor-section elementor-top-section elementor-element elementor-element-baa277d elementor-section-boxed elementor-section-height-default elementor-section-height-default\" data-id=\"baa277d\" data-element_type=\"section\" data-e-type=\"section\">\n\t\t\t\t\t\t<div class=\"elementor-container elementor-column-gap-default\">\n\t\t\t\t\t<div class=\"elementor-column elementor-col-100 elementor-top-column elementor-element elementor-element-97da666\" data-id=\"97da666\" data-element_type=\"column\" data-e-type=\"column\">\n\t\t\t<div class=\"elementor-widget-wrap elementor-element-populated\">\n\t\t\t\t\t\t<div class=\"elementor-element elementor-element-dd2af60 elementor-widget elementor-widget-text-editor\" data-id=\"dd2af60\" data-element_type=\"widget\" data-e-type=\"widget\" data-widget_type=\"text-editor.default\">\n\t\t\t\t<div class=\"elementor-widget-container\">\n\t\t\t\t\t\t\t\t\t<p>Izvor: rva.hr \/\/ <a href=\"https:\/\/rva.hr\/vijest\/2024\/proglaseni-pobjednici-natjecaja-patrik-pozega-i-matea-majstorovic-napisali-su-najljepsa-ljubavna-pisma\/\" target=\"_blank\" rel=\"noopener\">fotogalerija<\/a><\/p>\t\t\t\t\t\t\t\t<\/div>\n\t\t\t\t<\/div>\n\t\t\t\t\t<\/div>\n\t\t<\/div>\n\t\t\t\t\t<\/div>\n\t\t<\/section>\n\t\t\t\t<\/div>","protected":false},"excerpt":{"rendered":"<p>U srijedu, 28. velja\u010de, u Centru za posjetitelje Po\u017ee\u0161ka ku\u0107a odr\u017eano je sve\u010dano progla\u0161enje pobjednika natje\u010daja &#8220;Moje drago srce&#8221; u organizaciji Ogranka Matice hrvatske u Po\u017eegi. U modernom vremenu dru\u0161tvenih mre\u017ea i poruka koje stignu za sekundu do osobe kojoj ih \u0161aljemo \u2013 u\u010denici su se prepustili pisanju ljubavnih pisama, a sve u sklopu natje\u010daja [&hellip;]<\/p>\n","protected":false},"author":1,"featured_media":1337,"comment_status":"closed","ping_status":"closed","sticky":false,"template":"","format":"standard","meta":{"ocean_post_layout":"","ocean_both_sidebars_style":"","ocean_both_sidebars_content_width":0,"ocean_both_sidebars_sidebars_width":0,"ocean_sidebar":"","ocean_second_sidebar":"","ocean_disable_margins":"enable","ocean_add_body_class":"","ocean_shortcode_before_top_bar":"","ocean_shortcode_after_top_bar":"","ocean_shortcode_before_header":"","ocean_shortcode_after_header":"","ocean_has_shortcode":"","ocean_shortcode_after_title":"","ocean_shortcode_before_footer_widgets":"","ocean_shortcode_after_footer_widgets":"","ocean_shortcode_before_footer_bottom":"","ocean_shortcode_after_footer_bottom":"","ocean_display_top_bar":"default","ocean_display_header":"default","ocean_header_style":"","ocean_center_header_left_menu":"","ocean_custom_header_template":"","ocean_custom_logo":0,"ocean_custom_retina_logo":0,"ocean_custom_logo_max_width":0,"ocean_custom_logo_tablet_max_width":0,"ocean_custom_logo_mobile_max_width":0,"ocean_custom_logo_max_height":0,"ocean_custom_logo_tablet_max_height":0,"ocean_custom_logo_mobile_max_height":0,"ocean_header_custom_menu":"","ocean_menu_typo_font_family":"","ocean_menu_typo_font_subset":"","ocean_menu_typo_font_size":0,"ocean_menu_typo_font_size_tablet":0,"ocean_menu_typo_font_size_mobile":0,"ocean_menu_typo_font_size_unit":"px","ocean_menu_typo_font_weight":"","ocean_menu_typo_font_weight_tablet":"","ocean_menu_typo_font_weight_mobile":"","ocean_menu_typo_transform":"","ocean_menu_typo_transform_tablet":"","ocean_menu_typo_transform_mobile":"","ocean_menu_typo_line_height":0,"ocean_menu_typo_line_height_tablet":0,"ocean_menu_typo_line_height_mobile":0,"ocean_menu_typo_line_height_unit":"","ocean_menu_typo_spacing":0,"ocean_menu_typo_spacing_tablet":0,"ocean_menu_typo_spacing_mobile":0,"ocean_menu_typo_spacing_unit":"","ocean_menu_link_color":"","ocean_menu_link_color_hover":"","ocean_menu_link_color_active":"","ocean_menu_link_background":"","ocean_menu_link_hover_background":"","ocean_menu_link_active_background":"","ocean_menu_social_links_bg":"","ocean_menu_social_hover_links_bg":"","ocean_menu_social_links_color":"","ocean_menu_social_hover_links_color":"","ocean_disable_title":"default","ocean_disable_heading":"default","ocean_post_title":"","ocean_post_subheading":"","ocean_post_title_style":"","ocean_post_title_background_color":"","ocean_post_title_background":0,"ocean_post_title_bg_image_position":"","ocean_post_title_bg_image_attachment":"","ocean_post_title_bg_image_repeat":"","ocean_post_title_bg_image_size":"","ocean_post_title_height":0,"ocean_post_title_bg_overlay":0.5,"ocean_post_title_bg_overlay_color":"","ocean_disable_breadcrumbs":"default","ocean_breadcrumbs_color":"","ocean_breadcrumbs_separator_color":"","ocean_breadcrumbs_links_color":"","ocean_breadcrumbs_links_hover_color":"","ocean_display_footer_widgets":"default","ocean_display_footer_bottom":"default","ocean_custom_footer_template":"","ocean_post_oembed":"","ocean_post_self_hosted_media":"","ocean_post_video_embed":"","ocean_link_format":"","ocean_link_format_target":"self","ocean_quote_format":"","ocean_quote_format_link":"post","ocean_gallery_link_images":"on","ocean_gallery_id":[],"footnotes":""},"categories":[7],"tags":[],"class_list":["post-2320","post","type-post","status-publish","format-standard","has-post-thumbnail","hentry","category-novosti","entry","has-media"],"yoast_head":"<!-- This site is optimized with the Yoast SEO plugin v27.4 - https:\/\/yoast.com\/product\/yoast-seo-wordpress\/ -->\n<title>Progla\u0161eni pobjednici natje\u010daja &quot;Moje drago srce&quot; Ogranka Matice hrvatske u Po\u017eegi - Po\u017ee\u0161ka ku\u0107a<\/title>\n<meta name=\"robots\" content=\"index, follow, max-snippet:-1, max-image-preview:large, max-video-preview:-1\" \/>\n<link rel=\"canonical\" href=\"https:\/\/pozeskakuca.gmp.hr\/en\/2024\/02\/29\/proglaseni-pobjednici-natjecaja-moje-drago-srce-ogranka-matice-hrvatske-u-pozegi\/\" \/>\n<meta property=\"og:locale\" content=\"en_GB\" \/>\n<meta property=\"og:type\" content=\"article\" \/>\n<meta property=\"og:title\" content=\"Progla\u0161eni pobjednici natje\u010daja &quot;Moje drago srce&quot; Ogranka Matice hrvatske u Po\u017eegi - Po\u017ee\u0161ka ku\u0107a\" \/>\n<meta property=\"og:description\" content=\"U srijedu, 28. velja\u010de, u Centru za posjetitelje Po\u017ee\u0161ka ku\u0107a odr\u017eano je sve\u010dano progla\u0161enje pobjednika natje\u010daja &#8220;Moje drago srce&#8221; u organizaciji Ogranka Matice hrvatske u Po\u017eegi. U modernom vremenu dru\u0161tvenih mre\u017ea i poruka koje stignu za sekundu do osobe kojoj ih \u0161aljemo \u2013 u\u010denici su se prepustili pisanju ljubavnih pisama, a sve u sklopu natje\u010daja [&hellip;]\" \/>\n<meta property=\"og:url\" content=\"https:\/\/pozeskakuca.gmp.hr\/en\/2024\/02\/29\/proglaseni-pobjednici-natjecaja-moje-drago-srce-ogranka-matice-hrvatske-u-pozegi\/\" \/>\n<meta property=\"og:site_name\" content=\"Po\u017ee\u0161ka ku\u0107a\" \/>\n<meta property=\"article:publisher\" content=\"https:\/\/hr-hr.facebook.com\/muzej.pozega\/\" \/>\n<meta property=\"article:published_time\" content=\"2024-02-29T07:21:56+00:00\" \/>\n<meta property=\"article:modified_time\" content=\"2024-02-29T07:25:04+00:00\" \/>\n<meta property=\"og:image\" content=\"https:\/\/pozeskakuca.gmp.hr\/wp-content\/uploads\/2022\/11\/Pozeska-kuca-objekt-scaled.jpg\" \/>\n\t<meta property=\"og:image:width\" content=\"2560\" \/>\n\t<meta property=\"og:image:height\" content=\"1709\" \/>\n\t<meta property=\"og:image:type\" content=\"image\/jpeg\" \/>\n<meta name=\"author\" content=\"admin_matej\" \/>\n<meta name=\"twitter:card\" content=\"summary_large_image\" \/>\n<meta name=\"twitter:label1\" content=\"Written by\" \/>\n\t<meta name=\"twitter:data1\" content=\"admin_matej\" \/>\n\t<meta name=\"twitter:label2\" content=\"Estimated reading time\" \/>\n\t<meta name=\"twitter:data2\" content=\"3 minutes\" \/>\n<script type=\"application\/ld+json\" class=\"yoast-schema-graph\">{\"@context\":\"https:\\\/\\\/schema.org\",\"@graph\":[{\"@type\":\"Article\",\"@id\":\"https:\\\/\\\/pozeskakuca.gmp.hr\\\/2024\\\/02\\\/29\\\/proglaseni-pobjednici-natjecaja-moje-drago-srce-ogranka-matice-hrvatske-u-pozegi\\\/#article\",\"isPartOf\":{\"@id\":\"https:\\\/\\\/pozeskakuca.gmp.hr\\\/2024\\\/02\\\/29\\\/proglaseni-pobjednici-natjecaja-moje-drago-srce-ogranka-matice-hrvatske-u-pozegi\\\/\"},\"author\":{\"name\":\"admin_matej\",\"@id\":\"https:\\\/\\\/pozeskakuca.gmp.hr\\\/#\\\/schema\\\/person\\\/2538d9f50945a5db3d7ad1654a701dde\"},\"headline\":\"Progla\u0161eni pobjednici natje\u010daja &#8220;Moje drago srce&#8221; Ogranka Matice hrvatske u Po\u017eegi\",\"datePublished\":\"2024-02-29T07:21:56+00:00\",\"dateModified\":\"2024-02-29T07:25:04+00:00\",\"mainEntityOfPage\":{\"@id\":\"https:\\\/\\\/pozeskakuca.gmp.hr\\\/2024\\\/02\\\/29\\\/proglaseni-pobjednici-natjecaja-moje-drago-srce-ogranka-matice-hrvatske-u-pozegi\\\/\"},\"wordCount\":585,\"publisher\":{\"@id\":\"https:\\\/\\\/pozeskakuca.gmp.hr\\\/#organization\"},\"image\":{\"@id\":\"https:\\\/\\\/pozeskakuca.gmp.hr\\\/2024\\\/02\\\/29\\\/proglaseni-pobjednici-natjecaja-moje-drago-srce-ogranka-matice-hrvatske-u-pozegi\\\/#primaryimage\"},\"thumbnailUrl\":\"https:\\\/\\\/pozeskakuca.gmp.hr\\\/wp-content\\\/uploads\\\/2022\\\/11\\\/Pozeska-kuca-objekt-scaled.jpg\",\"articleSection\":[\"Novosti\"],\"inLanguage\":\"en-GB\"},{\"@type\":\"WebPage\",\"@id\":\"https:\\\/\\\/pozeskakuca.gmp.hr\\\/2024\\\/02\\\/29\\\/proglaseni-pobjednici-natjecaja-moje-drago-srce-ogranka-matice-hrvatske-u-pozegi\\\/\",\"url\":\"https:\\\/\\\/pozeskakuca.gmp.hr\\\/2024\\\/02\\\/29\\\/proglaseni-pobjednici-natjecaja-moje-drago-srce-ogranka-matice-hrvatske-u-pozegi\\\/\",\"name\":\"Progla\u0161eni pobjednici natje\u010daja \\\"Moje drago srce\\\" Ogranka Matice hrvatske u Po\u017eegi - Po\u017ee\u0161ka ku\u0107a\",\"isPartOf\":{\"@id\":\"https:\\\/\\\/pozeskakuca.gmp.hr\\\/#website\"},\"primaryImageOfPage\":{\"@id\":\"https:\\\/\\\/pozeskakuca.gmp.hr\\\/2024\\\/02\\\/29\\\/proglaseni-pobjednici-natjecaja-moje-drago-srce-ogranka-matice-hrvatske-u-pozegi\\\/#primaryimage\"},\"image\":{\"@id\":\"https:\\\/\\\/pozeskakuca.gmp.hr\\\/2024\\\/02\\\/29\\\/proglaseni-pobjednici-natjecaja-moje-drago-srce-ogranka-matice-hrvatske-u-pozegi\\\/#primaryimage\"},\"thumbnailUrl\":\"https:\\\/\\\/pozeskakuca.gmp.hr\\\/wp-content\\\/uploads\\\/2022\\\/11\\\/Pozeska-kuca-objekt-scaled.jpg\",\"datePublished\":\"2024-02-29T07:21:56+00:00\",\"dateModified\":\"2024-02-29T07:25:04+00:00\",\"breadcrumb\":{\"@id\":\"https:\\\/\\\/pozeskakuca.gmp.hr\\\/2024\\\/02\\\/29\\\/proglaseni-pobjednici-natjecaja-moje-drago-srce-ogranka-matice-hrvatske-u-pozegi\\\/#breadcrumb\"},\"inLanguage\":\"en-GB\",\"potentialAction\":[{\"@type\":\"ReadAction\",\"target\":[\"https:\\\/\\\/pozeskakuca.gmp.hr\\\/2024\\\/02\\\/29\\\/proglaseni-pobjednici-natjecaja-moje-drago-srce-ogranka-matice-hrvatske-u-pozegi\\\/\"]}]},{\"@type\":\"ImageObject\",\"inLanguage\":\"en-GB\",\"@id\":\"https:\\\/\\\/pozeskakuca.gmp.hr\\\/2024\\\/02\\\/29\\\/proglaseni-pobjednici-natjecaja-moje-drago-srce-ogranka-matice-hrvatske-u-pozegi\\\/#primaryimage\",\"url\":\"https:\\\/\\\/pozeskakuca.gmp.hr\\\/wp-content\\\/uploads\\\/2022\\\/11\\\/Pozeska-kuca-objekt-scaled.jpg\",\"contentUrl\":\"https:\\\/\\\/pozeskakuca.gmp.hr\\\/wp-content\\\/uploads\\\/2022\\\/11\\\/Pozeska-kuca-objekt-scaled.jpg\",\"width\":2560,\"height\":1709},{\"@type\":\"BreadcrumbList\",\"@id\":\"https:\\\/\\\/pozeskakuca.gmp.hr\\\/2024\\\/02\\\/29\\\/proglaseni-pobjednici-natjecaja-moje-drago-srce-ogranka-matice-hrvatske-u-pozegi\\\/#breadcrumb\",\"itemListElement\":[{\"@type\":\"ListItem\",\"position\":1,\"name\":\"Po\u010detna stranica\",\"item\":\"https:\\\/\\\/pozeskakuca.gmp.hr\\\/\"},{\"@type\":\"ListItem\",\"position\":2,\"name\":\"Progla\u0161eni pobjednici natje\u010daja &#8220;Moje drago srce&#8221; Ogranka Matice hrvatske u Po\u017eegi\"}]},{\"@type\":\"WebSite\",\"@id\":\"https:\\\/\\\/pozeskakuca.gmp.hr\\\/#website\",\"url\":\"https:\\\/\\\/pozeskakuca.gmp.hr\\\/\",\"name\":\"Po\u017ee\u0161ka ku\u0107a\",\"description\":\"\",\"publisher\":{\"@id\":\"https:\\\/\\\/pozeskakuca.gmp.hr\\\/#organization\"},\"potentialAction\":[{\"@type\":\"SearchAction\",\"target\":{\"@type\":\"EntryPoint\",\"urlTemplate\":\"https:\\\/\\\/pozeskakuca.gmp.hr\\\/?s={search_term_string}\"},\"query-input\":{\"@type\":\"PropertyValueSpecification\",\"valueRequired\":true,\"valueName\":\"search_term_string\"}}],\"inLanguage\":\"en-GB\"},{\"@type\":\"Organization\",\"@id\":\"https:\\\/\\\/pozeskakuca.gmp.hr\\\/#organization\",\"name\":\"Po\u017ee\u0161ka ku\u0107a\",\"url\":\"https:\\\/\\\/pozeskakuca.gmp.hr\\\/\",\"logo\":{\"@type\":\"ImageObject\",\"inLanguage\":\"en-GB\",\"@id\":\"https:\\\/\\\/pozeskakuca.gmp.hr\\\/#\\\/schema\\\/logo\\\/image\\\/\",\"url\":\"https:\\\/\\\/pozeskakuca.gmp.hr\\\/wp-content\\\/uploads\\\/2022\\\/09\\\/pk-logo1.png\",\"contentUrl\":\"https:\\\/\\\/pozeskakuca.gmp.hr\\\/wp-content\\\/uploads\\\/2022\\\/09\\\/pk-logo1.png\",\"width\":1368,\"height\":1153,\"caption\":\"Po\u017ee\u0161ka ku\u0107a\"},\"image\":{\"@id\":\"https:\\\/\\\/pozeskakuca.gmp.hr\\\/#\\\/schema\\\/logo\\\/image\\\/\"},\"sameAs\":[\"https:\\\/\\\/hr-hr.facebook.com\\\/muzej.pozega\\\/\"]},{\"@type\":\"Person\",\"@id\":\"https:\\\/\\\/pozeskakuca.gmp.hr\\\/#\\\/schema\\\/person\\\/2538d9f50945a5db3d7ad1654a701dde\",\"name\":\"admin_matej\",\"image\":{\"@type\":\"ImageObject\",\"inLanguage\":\"en-GB\",\"@id\":\"https:\\\/\\\/secure.gravatar.com\\\/avatar\\\/e93a0b81ded036501fe9dc2f1d7f0f8d01a9c1c68eec48450e4fad9dbd473411?s=96&d=mm&r=g\",\"url\":\"https:\\\/\\\/secure.gravatar.com\\\/avatar\\\/e93a0b81ded036501fe9dc2f1d7f0f8d01a9c1c68eec48450e4fad9dbd473411?s=96&d=mm&r=g\",\"contentUrl\":\"https:\\\/\\\/secure.gravatar.com\\\/avatar\\\/e93a0b81ded036501fe9dc2f1d7f0f8d01a9c1c68eec48450e4fad9dbd473411?s=96&d=mm&r=g\",\"caption\":\"admin_matej\"},\"sameAs\":[\"https:\\\/\\\/pozeskakuca.gmp.hr\"],\"url\":\"https:\\\/\\\/pozeskakuca.gmp.hr\\\/en\\\/author\\\/admin_matej\\\/\"}]}<\/script>\n<!-- \/ Yoast SEO plugin. -->","yoast_head_json":{"title":"Progla\u0161eni pobjednici natje\u010daja \"Moje drago srce\" Ogranka Matice hrvatske u Po\u017eegi - Po\u017ee\u0161ka ku\u0107a","robots":{"index":"index","follow":"follow","max-snippet":"max-snippet:-1","max-image-preview":"max-image-preview:large","max-video-preview":"max-video-preview:-1"},"canonical":"https:\/\/pozeskakuca.gmp.hr\/en\/2024\/02\/29\/proglaseni-pobjednici-natjecaja-moje-drago-srce-ogranka-matice-hrvatske-u-pozegi\/","og_locale":"en_GB","og_type":"article","og_title":"Progla\u0161eni pobjednici natje\u010daja \"Moje drago srce\" Ogranka Matice hrvatske u Po\u017eegi - Po\u017ee\u0161ka ku\u0107a","og_description":"U srijedu, 28. velja\u010de, u Centru za posjetitelje Po\u017ee\u0161ka ku\u0107a odr\u017eano je sve\u010dano progla\u0161enje pobjednika natje\u010daja &#8220;Moje drago srce&#8221; u organizaciji Ogranka Matice hrvatske u Po\u017eegi. U modernom vremenu dru\u0161tvenih mre\u017ea i poruka koje stignu za sekundu do osobe kojoj ih \u0161aljemo \u2013 u\u010denici su se prepustili pisanju ljubavnih pisama, a sve u sklopu natje\u010daja [&hellip;]","og_url":"https:\/\/pozeskakuca.gmp.hr\/en\/2024\/02\/29\/proglaseni-pobjednici-natjecaja-moje-drago-srce-ogranka-matice-hrvatske-u-pozegi\/","og_site_name":"Po\u017ee\u0161ka ku\u0107a","article_publisher":"https:\/\/hr-hr.facebook.com\/muzej.pozega\/","article_published_time":"2024-02-29T07:21:56+00:00","article_modified_time":"2024-02-29T07:25:04+00:00","og_image":[{"width":2560,"height":1709,"url":"https:\/\/pozeskakuca.gmp.hr\/wp-content\/uploads\/2022\/11\/Pozeska-kuca-objekt-scaled.jpg","type":"image\/jpeg"}],"author":"admin_matej","twitter_card":"summary_large_image","twitter_misc":{"Written by":"admin_matej","Estimated reading time":"3 minutes"},"schema":{"@context":"https:\/\/schema.org","@graph":[{"@type":"Article","@id":"https:\/\/pozeskakuca.gmp.hr\/2024\/02\/29\/proglaseni-pobjednici-natjecaja-moje-drago-srce-ogranka-matice-hrvatske-u-pozegi\/#article","isPartOf":{"@id":"https:\/\/pozeskakuca.gmp.hr\/2024\/02\/29\/proglaseni-pobjednici-natjecaja-moje-drago-srce-ogranka-matice-hrvatske-u-pozegi\/"},"author":{"name":"admin_matej","@id":"https:\/\/pozeskakuca.gmp.hr\/#\/schema\/person\/2538d9f50945a5db3d7ad1654a701dde"},"headline":"Progla\u0161eni pobjednici natje\u010daja &#8220;Moje drago srce&#8221; Ogranka Matice hrvatske u Po\u017eegi","datePublished":"2024-02-29T07:21:56+00:00","dateModified":"2024-02-29T07:25:04+00:00","mainEntityOfPage":{"@id":"https:\/\/pozeskakuca.gmp.hr\/2024\/02\/29\/proglaseni-pobjednici-natjecaja-moje-drago-srce-ogranka-matice-hrvatske-u-pozegi\/"},"wordCount":585,"publisher":{"@id":"https:\/\/pozeskakuca.gmp.hr\/#organization"},"image":{"@id":"https:\/\/pozeskakuca.gmp.hr\/2024\/02\/29\/proglaseni-pobjednici-natjecaja-moje-drago-srce-ogranka-matice-hrvatske-u-pozegi\/#primaryimage"},"thumbnailUrl":"https:\/\/pozeskakuca.gmp.hr\/wp-content\/uploads\/2022\/11\/Pozeska-kuca-objekt-scaled.jpg","articleSection":["Novosti"],"inLanguage":"en-GB"},{"@type":"WebPage","@id":"https:\/\/pozeskakuca.gmp.hr\/2024\/02\/29\/proglaseni-pobjednici-natjecaja-moje-drago-srce-ogranka-matice-hrvatske-u-pozegi\/","url":"https:\/\/pozeskakuca.gmp.hr\/2024\/02\/29\/proglaseni-pobjednici-natjecaja-moje-drago-srce-ogranka-matice-hrvatske-u-pozegi\/","name":"Progla\u0161eni pobjednici natje\u010daja \"Moje drago srce\" Ogranka Matice hrvatske u Po\u017eegi - Po\u017ee\u0161ka ku\u0107a","isPartOf":{"@id":"https:\/\/pozeskakuca.gmp.hr\/#website"},"primaryImageOfPage":{"@id":"https:\/\/pozeskakuca.gmp.hr\/2024\/02\/29\/proglaseni-pobjednici-natjecaja-moje-drago-srce-ogranka-matice-hrvatske-u-pozegi\/#primaryimage"},"image":{"@id":"https:\/\/pozeskakuca.gmp.hr\/2024\/02\/29\/proglaseni-pobjednici-natjecaja-moje-drago-srce-ogranka-matice-hrvatske-u-pozegi\/#primaryimage"},"thumbnailUrl":"https:\/\/pozeskakuca.gmp.hr\/wp-content\/uploads\/2022\/11\/Pozeska-kuca-objekt-scaled.jpg","datePublished":"2024-02-29T07:21:56+00:00","dateModified":"2024-02-29T07:25:04+00:00","breadcrumb":{"@id":"https:\/\/pozeskakuca.gmp.hr\/2024\/02\/29\/proglaseni-pobjednici-natjecaja-moje-drago-srce-ogranka-matice-hrvatske-u-pozegi\/#breadcrumb"},"inLanguage":"en-GB","potentialAction":[{"@type":"ReadAction","target":["https:\/\/pozeskakuca.gmp.hr\/2024\/02\/29\/proglaseni-pobjednici-natjecaja-moje-drago-srce-ogranka-matice-hrvatske-u-pozegi\/"]}]},{"@type":"ImageObject","inLanguage":"en-GB","@id":"https:\/\/pozeskakuca.gmp.hr\/2024\/02\/29\/proglaseni-pobjednici-natjecaja-moje-drago-srce-ogranka-matice-hrvatske-u-pozegi\/#primaryimage","url":"https:\/\/pozeskakuca.gmp.hr\/wp-content\/uploads\/2022\/11\/Pozeska-kuca-objekt-scaled.jpg","contentUrl":"https:\/\/pozeskakuca.gmp.hr\/wp-content\/uploads\/2022\/11\/Pozeska-kuca-objekt-scaled.jpg","width":2560,"height":1709},{"@type":"BreadcrumbList","@id":"https:\/\/pozeskakuca.gmp.hr\/2024\/02\/29\/proglaseni-pobjednici-natjecaja-moje-drago-srce-ogranka-matice-hrvatske-u-pozegi\/#breadcrumb","itemListElement":[{"@type":"ListItem","position":1,"name":"Po\u010detna stranica","item":"https:\/\/pozeskakuca.gmp.hr\/"},{"@type":"ListItem","position":2,"name":"Progla\u0161eni pobjednici natje\u010daja &#8220;Moje drago srce&#8221; Ogranka Matice hrvatske u Po\u017eegi"}]},{"@type":"WebSite","@id":"https:\/\/pozeskakuca.gmp.hr\/#website","url":"https:\/\/pozeskakuca.gmp.hr\/","name":"Po\u017eega house","description":"","publisher":{"@id":"https:\/\/pozeskakuca.gmp.hr\/#organization"},"potentialAction":[{"@type":"SearchAction","target":{"@type":"EntryPoint","urlTemplate":"https:\/\/pozeskakuca.gmp.hr\/?s={search_term_string}"},"query-input":{"@type":"PropertyValueSpecification","valueRequired":true,"valueName":"search_term_string"}}],"inLanguage":"en-GB"},{"@type":"Organization","@id":"https:\/\/pozeskakuca.gmp.hr\/#organization","name":"Po\u017eega house","url":"https:\/\/pozeskakuca.gmp.hr\/","logo":{"@type":"ImageObject","inLanguage":"en-GB","@id":"https:\/\/pozeskakuca.gmp.hr\/#\/schema\/logo\/image\/","url":"https:\/\/pozeskakuca.gmp.hr\/wp-content\/uploads\/2022\/09\/pk-logo1.png","contentUrl":"https:\/\/pozeskakuca.gmp.hr\/wp-content\/uploads\/2022\/09\/pk-logo1.png","width":1368,"height":1153,"caption":"Po\u017ee\u0161ka ku\u0107a"},"image":{"@id":"https:\/\/pozeskakuca.gmp.hr\/#\/schema\/logo\/image\/"},"sameAs":["https:\/\/hr-hr.facebook.com\/muzej.pozega\/"]},{"@type":"Person","@id":"https:\/\/pozeskakuca.gmp.hr\/#\/schema\/person\/2538d9f50945a5db3d7ad1654a701dde","name":"admin_matej","image":{"@type":"ImageObject","inLanguage":"en-GB","@id":"https:\/\/secure.gravatar.com\/avatar\/e93a0b81ded036501fe9dc2f1d7f0f8d01a9c1c68eec48450e4fad9dbd473411?s=96&d=mm&r=g","url":"https:\/\/secure.gravatar.com\/avatar\/e93a0b81ded036501fe9dc2f1d7f0f8d01a9c1c68eec48450e4fad9dbd473411?s=96&d=mm&r=g","contentUrl":"https:\/\/secure.gravatar.com\/avatar\/e93a0b81ded036501fe9dc2f1d7f0f8d01a9c1c68eec48450e4fad9dbd473411?s=96&d=mm&r=g","caption":"admin_matej"},"sameAs":["https:\/\/pozeskakuca.gmp.hr"],"url":"https:\/\/pozeskakuca.gmp.hr\/en\/author\/admin_matej\/"}]}},"_links":{"self":[{"href":"https:\/\/pozeskakuca.gmp.hr\/en\/wp-json\/wp\/v2\/posts\/2320","targetHints":{"allow":["GET"]}}],"collection":[{"href":"https:\/\/pozeskakuca.gmp.hr\/en\/wp-json\/wp\/v2\/posts"}],"about":[{"href":"https:\/\/pozeskakuca.gmp.hr\/en\/wp-json\/wp\/v2\/types\/post"}],"author":[{"embeddable":true,"href":"https:\/\/pozeskakuca.gmp.hr\/en\/wp-json\/wp\/v2\/users\/1"}],"replies":[{"embeddable":true,"href":"https:\/\/pozeskakuca.gmp.hr\/en\/wp-json\/wp\/v2\/comments?post=2320"}],"version-history":[{"count":4,"href":"https:\/\/pozeskakuca.gmp.hr\/en\/wp-json\/wp\/v2\/posts\/2320\/revisions"}],"predecessor-version":[{"id":2324,"href":"https:\/\/pozeskakuca.gmp.hr\/en\/wp-json\/wp\/v2\/posts\/2320\/revisions\/2324"}],"wp:featuredmedia":[{"embeddable":true,"href":"https:\/\/pozeskakuca.gmp.hr\/en\/wp-json\/wp\/v2\/media\/1337"}],"wp:attachment":[{"href":"https:\/\/pozeskakuca.gmp.hr\/en\/wp-json\/wp\/v2\/media?parent=2320"}],"wp:term":[{"taxonomy":"category","embeddable":true,"href":"https:\/\/pozeskakuca.gmp.hr\/en\/wp-json\/wp\/v2\/categories?post=2320"},{"taxonomy":"post_tag","embeddable":true,"href":"https:\/\/pozeskakuca.gmp.hr\/en\/wp-json\/wp\/v2\/tags?post=2320"}],"curies":[{"name":"wp","href":"https:\/\/api.w.org\/{rel}","templated":true}]}}