{"id":2303,"date":"2024-02-27T12:22:53","date_gmt":"2024-02-27T11:22:53","guid":{"rendered":"https:\/\/pozeskakuca.hr\/?p=2303"},"modified":"2024-02-27T13:36:04","modified_gmt":"2024-02-27T12:36:04","slug":"odrzana-radionica-o-turcizmima-za-maturante-katolicke-gimnazije","status":"publish","type":"post","link":"https:\/\/pozeskakuca.gmp.hr\/en\/2024\/02\/27\/odrzana-radionica-o-turcizmima-za-maturante-katolicke-gimnazije\/","title":{"rendered":"Odr\u017eana radionica o turcizmima za maturante Katoli\u010dke gimnazije"},"content":{"rendered":"<div data-elementor-type=\"wp-post\" data-elementor-id=\"2303\" class=\"elementor elementor-2303\">\n\t\t\t\t\t\t<section class=\"elementor-section elementor-top-section elementor-element elementor-element-e336170 elementor-section-boxed elementor-section-height-default elementor-section-height-default\" data-id=\"e336170\" data-element_type=\"section\" data-e-type=\"section\">\n\t\t\t\t\t\t<div class=\"elementor-container elementor-column-gap-default\">\n\t\t\t\t\t<div class=\"elementor-column elementor-col-100 elementor-top-column elementor-element elementor-element-071a6d0\" data-id=\"071a6d0\" data-element_type=\"column\" data-e-type=\"column\">\n\t\t\t<div class=\"elementor-widget-wrap elementor-element-populated\">\n\t\t\t\t\t\t<div class=\"elementor-element elementor-element-59e7590 elementor-widget elementor-widget-text-editor\" data-id=\"59e7590\" data-element_type=\"widget\" data-e-type=\"widget\" data-widget_type=\"text-editor.default\">\n\t\t\t\t<div class=\"elementor-widget-container\">\n\t\t\t\t\t\t\t\t\t<p style=\"text-align: center;\">U utorak, 27. velja\u010de, maturanti Katoli\u010dke gimnazije u sklopu nastave hrvatskoga jezika, pod vodstvom profesorice Marijane \u0106orluka sudjelovali su u radionici pod nazivom Turcizmi u frazemima hrvatskoga jezika u Po\u017ee\u0161koj ku\u0107i.<\/p>\t\t\t\t\t\t\t\t<\/div>\n\t\t\t\t<\/div>\n\t\t\t\t\t<\/div>\n\t\t<\/div>\n\t\t\t\t\t<\/div>\n\t\t<\/section>\n\t\t\t\t<section class=\"elementor-section elementor-top-section elementor-element elementor-element-2bab99f elementor-section-boxed elementor-section-height-default elementor-section-height-default\" data-id=\"2bab99f\" data-element_type=\"section\" data-e-type=\"section\">\n\t\t\t\t\t\t<div class=\"elementor-container elementor-column-gap-default\">\n\t\t\t\t\t<div class=\"elementor-column elementor-col-100 elementor-top-column elementor-element elementor-element-2751fd4\" data-id=\"2751fd4\" data-element_type=\"column\" data-e-type=\"column\">\n\t\t\t<div class=\"elementor-widget-wrap elementor-element-populated\">\n\t\t\t\t\t\t<div class=\"elementor-element elementor-element-521c35d elementor-widget elementor-widget-text-editor\" data-id=\"521c35d\" data-element_type=\"widget\" data-e-type=\"widget\" data-widget_type=\"text-editor.default\">\n\t\t\t\t<div class=\"elementor-widget-container\">\n\t\t\t\t\t\t\t\t\t<p>Maturanti Katoli\u010dke gimnazije op\u0107eg smjera posjetili su Po\u017ee\u0161ku ku\u0107u i sudjelovali u radionici pod nazivom Turcizmi u frazemima hrvatskoga jezika. Budu\u0107i da su prema nastavnom planu obra\u0111ivali nastavnu cjelinu frazema, u dogovoru s voditeljem Po\u017ee\u0161ke ku\u0107e profesorica Marijana \u0106orluka dovela je u\u010denike na predavanje i radionicu o frazemima.<\/p><p>U\u010denici su uvodno poslu\u0161ali teorijski dio o frazemima te su se kroz primjerke upoznali s pojmom frazema, a nakon toga su u obliku radionice zna\u010denjski rje\u0161avali frazeme koji su specifi\u010dni i za ovo podneblje gdje su se upoznali sa turcizmima koji su uvrije\u017eeni u hrvatskom jeziku, posebice na slavonskom govornom podru\u010dju.<\/p>\t\t\t\t\t\t\t\t<\/div>\n\t\t\t\t<\/div>\n\t\t\t\t\t<\/div>\n\t\t<\/div>\n\t\t\t\t\t<\/div>\n\t\t<\/section>\n\t\t\t\t<section class=\"elementor-section elementor-top-section elementor-element elementor-element-a8f28ed elementor-section-boxed elementor-section-height-default elementor-section-height-default\" data-id=\"a8f28ed\" data-element_type=\"section\" data-e-type=\"section\">\n\t\t\t\t\t\t<div class=\"elementor-container elementor-column-gap-default\">\n\t\t\t\t\t<div class=\"elementor-column elementor-col-100 elementor-top-column elementor-element elementor-element-c6cd427\" data-id=\"c6cd427\" data-element_type=\"column\" data-e-type=\"column\">\n\t\t\t<div class=\"elementor-widget-wrap elementor-element-populated\">\n\t\t\t\t\t\t<div class=\"elementor-element elementor-element-2d0f35a gallery-spacing-custom elementor-widget elementor-widget-image-gallery\" data-id=\"2d0f35a\" data-element_type=\"widget\" data-e-type=\"widget\" data-widget_type=\"image-gallery.default\">\n\t\t\t\t<div class=\"elementor-widget-container\">\n\t\t\t\t\t\t\t<div class=\"elementor-image-gallery\">\n\t\t\t<div id='gallery-1' class='gallery galleryid-2303 gallery-columns-2 gallery-size-medium_large'><figure class='gallery-item'>\n\t\t\t<div class='gallery-icon landscape'>\n\t\t\t\t<a data-elementor-open-lightbox=\"yes\" data-elementor-lightbox-slideshow=\"2d0f35a\" data-elementor-lightbox-title=\"Radionica - turcizmi - podrum\" data-e-action-hash=\"#elementor-action%3Aaction%3Dlightbox%26settings%3DeyJpZCI6MjMwNiwidXJsIjoiaHR0cHM6XC9cL3BvemVza2FrdWNhLmdtcC5oclwvd3AtY29udGVudFwvdXBsb2Fkc1wvMjAyNFwvMDJcL1JhZGlvbmljYS10dXJjaXptaS1wb2RydW0uanBnIiwic2xpZGVzaG93IjoiMmQwZjM1YSJ9\" href='https:\/\/pozeskakuca.gmp.hr\/wp-content\/uploads\/2024\/02\/Radionica-turcizmi-podrum.jpg'><img fetchpriority=\"high\" decoding=\"async\" width=\"768\" height=\"432\" src=\"https:\/\/pozeskakuca.gmp.hr\/wp-content\/uploads\/2024\/02\/Radionica-turcizmi-podrum-768x432.jpg\" class=\"attachment-medium_large size-medium_large\" alt=\"\" srcset=\"https:\/\/pozeskakuca.gmp.hr\/wp-content\/uploads\/2024\/02\/Radionica-turcizmi-podrum-768x432.jpg 768w, https:\/\/pozeskakuca.gmp.hr\/wp-content\/uploads\/2024\/02\/Radionica-turcizmi-podrum-1536x864.jpg 1536w, https:\/\/pozeskakuca.gmp.hr\/wp-content\/uploads\/2024\/02\/Radionica-turcizmi-podrum-18x10.jpg 18w, https:\/\/pozeskakuca.gmp.hr\/wp-content\/uploads\/2024\/02\/Radionica-turcizmi-podrum-800x450.jpg 800w, https:\/\/pozeskakuca.gmp.hr\/wp-content\/uploads\/2024\/02\/Radionica-turcizmi-podrum.jpg 2000w\" sizes=\"(max-width: 768px) 100vw, 768px\" \/><\/a>\n\t\t\t<\/div><\/figure><figure class='gallery-item'>\n\t\t\t<div class='gallery-icon landscape'>\n\t\t\t\t<a data-elementor-open-lightbox=\"yes\" data-elementor-lightbox-slideshow=\"2d0f35a\" data-elementor-lightbox-title=\"Radionica - turcizmi - radni zadatak 2\" data-e-action-hash=\"#elementor-action%3Aaction%3Dlightbox%26settings%3DeyJpZCI6MjMwNywidXJsIjoiaHR0cHM6XC9cL3BvemVza2FrdWNhLmdtcC5oclwvd3AtY29udGVudFwvdXBsb2Fkc1wvMjAyNFwvMDJcL1JhZGlvbmljYS10dXJjaXptaS1yYWRuaS16YWRhdGFrLTIuanBnIiwic2xpZGVzaG93IjoiMmQwZjM1YSJ9\" href='https:\/\/pozeskakuca.gmp.hr\/wp-content\/uploads\/2024\/02\/Radionica-turcizmi-radni-zadatak-2.jpg'><img decoding=\"async\" width=\"768\" height=\"432\" src=\"https:\/\/pozeskakuca.gmp.hr\/wp-content\/uploads\/2024\/02\/Radionica-turcizmi-radni-zadatak-2-768x432.jpg\" class=\"attachment-medium_large size-medium_large\" alt=\"\" srcset=\"https:\/\/pozeskakuca.gmp.hr\/wp-content\/uploads\/2024\/02\/Radionica-turcizmi-radni-zadatak-2-768x432.jpg 768w, https:\/\/pozeskakuca.gmp.hr\/wp-content\/uploads\/2024\/02\/Radionica-turcizmi-radni-zadatak-2-1536x864.jpg 1536w, https:\/\/pozeskakuca.gmp.hr\/wp-content\/uploads\/2024\/02\/Radionica-turcizmi-radni-zadatak-2-18x10.jpg 18w, https:\/\/pozeskakuca.gmp.hr\/wp-content\/uploads\/2024\/02\/Radionica-turcizmi-radni-zadatak-2-800x450.jpg 800w, https:\/\/pozeskakuca.gmp.hr\/wp-content\/uploads\/2024\/02\/Radionica-turcizmi-radni-zadatak-2.jpg 2000w\" sizes=\"(max-width: 768px) 100vw, 768px\" \/><\/a>\n\t\t\t<\/div><\/figure><figure class='gallery-item'>\n\t\t\t<div class='gallery-icon landscape'>\n\t\t\t\t<a data-elementor-open-lightbox=\"yes\" data-elementor-lightbox-slideshow=\"2d0f35a\" data-elementor-lightbox-title=\"Radionica - turcizmi - radni zadatak\" data-e-action-hash=\"#elementor-action%3Aaction%3Dlightbox%26settings%3DeyJpZCI6MjMwOCwidXJsIjoiaHR0cHM6XC9cL3BvemVza2FrdWNhLmdtcC5oclwvd3AtY29udGVudFwvdXBsb2Fkc1wvMjAyNFwvMDJcL1JhZGlvbmljYS10dXJjaXptaS1yYWRuaS16YWRhdGFrLmpwZyIsInNsaWRlc2hvdyI6IjJkMGYzNWEifQ%3D%3D\" href='https:\/\/pozeskakuca.gmp.hr\/wp-content\/uploads\/2024\/02\/Radionica-turcizmi-radni-zadatak.jpg'><img decoding=\"async\" width=\"768\" height=\"432\" src=\"https:\/\/pozeskakuca.gmp.hr\/wp-content\/uploads\/2024\/02\/Radionica-turcizmi-radni-zadatak-768x432.jpg\" class=\"attachment-medium_large size-medium_large\" alt=\"\" srcset=\"https:\/\/pozeskakuca.gmp.hr\/wp-content\/uploads\/2024\/02\/Radionica-turcizmi-radni-zadatak-768x432.jpg 768w, https:\/\/pozeskakuca.gmp.hr\/wp-content\/uploads\/2024\/02\/Radionica-turcizmi-radni-zadatak-1536x864.jpg 1536w, https:\/\/pozeskakuca.gmp.hr\/wp-content\/uploads\/2024\/02\/Radionica-turcizmi-radni-zadatak-18x10.jpg 18w, https:\/\/pozeskakuca.gmp.hr\/wp-content\/uploads\/2024\/02\/Radionica-turcizmi-radni-zadatak-800x450.jpg 800w, https:\/\/pozeskakuca.gmp.hr\/wp-content\/uploads\/2024\/02\/Radionica-turcizmi-radni-zadatak.jpg 2000w\" sizes=\"(max-width: 768px) 100vw, 768px\" \/><\/a>\n\t\t\t<\/div><\/figure><figure class='gallery-item'>\n\t\t\t<div class='gallery-icon landscape'>\n\t\t\t\t<a data-elementor-open-lightbox=\"yes\" data-elementor-lightbox-slideshow=\"2d0f35a\" data-elementor-lightbox-title=\"Radionica - turcizmi\" data-e-action-hash=\"#elementor-action%3Aaction%3Dlightbox%26settings%3DeyJpZCI6MjMwOSwidXJsIjoiaHR0cHM6XC9cL3BvemVza2FrdWNhLmdtcC5oclwvd3AtY29udGVudFwvdXBsb2Fkc1wvMjAyNFwvMDJcL1JhZGlvbmljYS10dXJjaXptaS5qcGciLCJzbGlkZXNob3ciOiIyZDBmMzVhIn0%3D\" href='https:\/\/pozeskakuca.gmp.hr\/wp-content\/uploads\/2024\/02\/Radionica-turcizmi.jpg'><img loading=\"lazy\" decoding=\"async\" width=\"768\" height=\"432\" src=\"https:\/\/pozeskakuca.gmp.hr\/wp-content\/uploads\/2024\/02\/Radionica-turcizmi-768x432.jpg\" class=\"attachment-medium_large size-medium_large\" alt=\"\" srcset=\"https:\/\/pozeskakuca.gmp.hr\/wp-content\/uploads\/2024\/02\/Radionica-turcizmi-768x432.jpg 768w, https:\/\/pozeskakuca.gmp.hr\/wp-content\/uploads\/2024\/02\/Radionica-turcizmi-1536x864.jpg 1536w, https:\/\/pozeskakuca.gmp.hr\/wp-content\/uploads\/2024\/02\/Radionica-turcizmi-18x10.jpg 18w, https:\/\/pozeskakuca.gmp.hr\/wp-content\/uploads\/2024\/02\/Radionica-turcizmi-800x450.jpg 800w, https:\/\/pozeskakuca.gmp.hr\/wp-content\/uploads\/2024\/02\/Radionica-turcizmi.jpg 2000w\" sizes=\"(max-width: 768px) 100vw, 768px\" \/><\/a>\n\t\t\t<\/div><\/figure>\n\t\t<\/div>\n\t\t<\/div>\n\t\t\t\t\t\t<\/div>\n\t\t\t\t<\/div>\n\t\t\t\t\t<\/div>\n\t\t<\/div>\n\t\t\t\t\t<\/div>\n\t\t<\/section>\n\t\t\t\t<\/div>","protected":false},"excerpt":{"rendered":"<p>U utorak, 27. velja\u010de, maturanti Katoli\u010dke gimnazije u sklopu nastave hrvatskoga jezika, pod vodstvom profesorice Marijane \u0106orluka sudjelovali su u radionici pod nazivom Turcizmi u frazemima hrvatskoga jezika u Po\u017ee\u0161koj ku\u0107i. Maturanti Katoli\u010dke gimnazije op\u0107eg smjera posjetili su Po\u017ee\u0161ku ku\u0107u i sudjelovali u radionici pod nazivom Turcizmi u frazemima hrvatskoga jezika. Budu\u0107i da su prema [&hellip;]<\/p>\n","protected":false},"author":1,"featured_media":1336,"comment_status":"closed","ping_status":"closed","sticky":false,"template":"","format":"standard","meta":{"ocean_post_layout":"","ocean_both_sidebars_style":"","ocean_both_sidebars_content_width":0,"ocean_both_sidebars_sidebars_width":0,"ocean_sidebar":"","ocean_second_sidebar":"","ocean_disable_margins":"enable","ocean_add_body_class":"","ocean_shortcode_before_top_bar":"","ocean_shortcode_after_top_bar":"","ocean_shortcode_before_header":"","ocean_shortcode_after_header":"","ocean_has_shortcode":"","ocean_shortcode_after_title":"","ocean_shortcode_before_footer_widgets":"","ocean_shortcode_after_footer_widgets":"","ocean_shortcode_before_footer_bottom":"","ocean_shortcode_after_footer_bottom":"","ocean_display_top_bar":"default","ocean_display_header":"default","ocean_header_style":"","ocean_center_header_left_menu":"","ocean_custom_header_template":"","ocean_custom_logo":0,"ocean_custom_retina_logo":0,"ocean_custom_logo_max_width":0,"ocean_custom_logo_tablet_max_width":0,"ocean_custom_logo_mobile_max_width":0,"ocean_custom_logo_max_height":0,"ocean_custom_logo_tablet_max_height":0,"ocean_custom_logo_mobile_max_height":0,"ocean_header_custom_menu":"","ocean_menu_typo_font_family":"","ocean_menu_typo_font_subset":"","ocean_menu_typo_font_size":0,"ocean_menu_typo_font_size_tablet":0,"ocean_menu_typo_font_size_mobile":0,"ocean_menu_typo_font_size_unit":"px","ocean_menu_typo_font_weight":"","ocean_menu_typo_font_weight_tablet":"","ocean_menu_typo_font_weight_mobile":"","ocean_menu_typo_transform":"","ocean_menu_typo_transform_tablet":"","ocean_menu_typo_transform_mobile":"","ocean_menu_typo_line_height":0,"ocean_menu_typo_line_height_tablet":0,"ocean_menu_typo_line_height_mobile":0,"ocean_menu_typo_line_height_unit":"","ocean_menu_typo_spacing":0,"ocean_menu_typo_spacing_tablet":0,"ocean_menu_typo_spacing_mobile":0,"ocean_menu_typo_spacing_unit":"","ocean_menu_link_color":"","ocean_menu_link_color_hover":"","ocean_menu_link_color_active":"","ocean_menu_link_background":"","ocean_menu_link_hover_background":"","ocean_menu_link_active_background":"","ocean_menu_social_links_bg":"","ocean_menu_social_hover_links_bg":"","ocean_menu_social_links_color":"","ocean_menu_social_hover_links_color":"","ocean_disable_title":"default","ocean_disable_heading":"default","ocean_post_title":"","ocean_post_subheading":"","ocean_post_title_style":"","ocean_post_title_background_color":"","ocean_post_title_background":0,"ocean_post_title_bg_image_position":"","ocean_post_title_bg_image_attachment":"","ocean_post_title_bg_image_repeat":"","ocean_post_title_bg_image_size":"","ocean_post_title_height":0,"ocean_post_title_bg_overlay":0.5,"ocean_post_title_bg_overlay_color":"","ocean_disable_breadcrumbs":"default","ocean_breadcrumbs_color":"","ocean_breadcrumbs_separator_color":"","ocean_breadcrumbs_links_color":"","ocean_breadcrumbs_links_hover_color":"","ocean_display_footer_widgets":"default","ocean_display_footer_bottom":"default","ocean_custom_footer_template":"","ocean_post_oembed":"","ocean_post_self_hosted_media":"","ocean_post_video_embed":"","ocean_link_format":"","ocean_link_format_target":"self","ocean_quote_format":"","ocean_quote_format_link":"post","ocean_gallery_link_images":"on","ocean_gallery_id":[],"footnotes":""},"categories":[7],"tags":[],"class_list":["post-2303","post","type-post","status-publish","format-standard","has-post-thumbnail","hentry","category-novosti","entry","has-media"],"yoast_head":"<!-- This site is optimized with the Yoast SEO plugin v27.4 - https:\/\/yoast.com\/product\/yoast-seo-wordpress\/ -->\n<title>Odr\u017eana radionica o turcizmima za maturante Katoli\u010dke gimnazije - Po\u017ee\u0161ka ku\u0107a<\/title>\n<meta name=\"robots\" content=\"index, follow, max-snippet:-1, max-image-preview:large, max-video-preview:-1\" \/>\n<link rel=\"canonical\" href=\"https:\/\/pozeskakuca.gmp.hr\/en\/2024\/02\/27\/odrzana-radionica-o-turcizmima-za-maturante-katolicke-gimnazije\/\" \/>\n<meta property=\"og:locale\" content=\"en_GB\" \/>\n<meta property=\"og:type\" content=\"article\" \/>\n<meta property=\"og:title\" content=\"Odr\u017eana radionica o turcizmima za maturante Katoli\u010dke gimnazije - Po\u017ee\u0161ka ku\u0107a\" \/>\n<meta property=\"og:description\" content=\"U utorak, 27. velja\u010de, maturanti Katoli\u010dke gimnazije u sklopu nastave hrvatskoga jezika, pod vodstvom profesorice Marijane \u0106orluka sudjelovali su u radionici pod nazivom Turcizmi u frazemima hrvatskoga jezika u Po\u017ee\u0161koj ku\u0107i. Maturanti Katoli\u010dke gimnazije op\u0107eg smjera posjetili su Po\u017ee\u0161ku ku\u0107u i sudjelovali u radionici pod nazivom Turcizmi u frazemima hrvatskoga jezika. Budu\u0107i da su prema [&hellip;]\" \/>\n<meta property=\"og:url\" content=\"https:\/\/pozeskakuca.gmp.hr\/en\/2024\/02\/27\/odrzana-radionica-o-turcizmima-za-maturante-katolicke-gimnazije\/\" \/>\n<meta property=\"og:site_name\" content=\"Po\u017ee\u0161ka ku\u0107a\" \/>\n<meta property=\"article:publisher\" content=\"https:\/\/hr-hr.facebook.com\/muzej.pozega\/\" \/>\n<meta property=\"article:published_time\" content=\"2024-02-27T11:22:53+00:00\" \/>\n<meta property=\"article:modified_time\" content=\"2024-02-27T12:36:04+00:00\" \/>\n<meta property=\"og:image\" content=\"https:\/\/pozeskakuca.gmp.hr\/wp-content\/uploads\/2022\/11\/Pozeska-kuca-cep-i-cokolada-naslovna-scaled.jpg\" \/>\n\t<meta property=\"og:image:width\" content=\"2560\" \/>\n\t<meta property=\"og:image:height\" content=\"1709\" \/>\n\t<meta property=\"og:image:type\" content=\"image\/jpeg\" \/>\n<meta name=\"author\" content=\"admin_matej\" \/>\n<meta name=\"twitter:card\" content=\"summary_large_image\" \/>\n<meta name=\"twitter:label1\" content=\"Written by\" \/>\n\t<meta name=\"twitter:data1\" content=\"admin_matej\" \/>\n\t<meta name=\"twitter:label2\" content=\"Estimated reading time\" \/>\n\t<meta name=\"twitter:data2\" content=\"2 minutes\" \/>\n<script type=\"application\/ld+json\" class=\"yoast-schema-graph\">{\"@context\":\"https:\\\/\\\/schema.org\",\"@graph\":[{\"@type\":\"Article\",\"@id\":\"https:\\\/\\\/pozeskakuca.gmp.hr\\\/2024\\\/02\\\/27\\\/odrzana-radionica-o-turcizmima-za-maturante-katolicke-gimnazije\\\/#article\",\"isPartOf\":{\"@id\":\"https:\\\/\\\/pozeskakuca.gmp.hr\\\/2024\\\/02\\\/27\\\/odrzana-radionica-o-turcizmima-za-maturante-katolicke-gimnazije\\\/\"},\"author\":{\"name\":\"admin_matej\",\"@id\":\"https:\\\/\\\/pozeskakuca.gmp.hr\\\/#\\\/schema\\\/person\\\/2538d9f50945a5db3d7ad1654a701dde\"},\"headline\":\"Odr\u017eana radionica o turcizmima za maturante Katoli\u010dke gimnazije\",\"datePublished\":\"2024-02-27T11:22:53+00:00\",\"dateModified\":\"2024-02-27T12:36:04+00:00\",\"mainEntityOfPage\":{\"@id\":\"https:\\\/\\\/pozeskakuca.gmp.hr\\\/2024\\\/02\\\/27\\\/odrzana-radionica-o-turcizmima-za-maturante-katolicke-gimnazije\\\/\"},\"wordCount\":162,\"publisher\":{\"@id\":\"https:\\\/\\\/pozeskakuca.gmp.hr\\\/#organization\"},\"image\":{\"@id\":\"https:\\\/\\\/pozeskakuca.gmp.hr\\\/2024\\\/02\\\/27\\\/odrzana-radionica-o-turcizmima-za-maturante-katolicke-gimnazije\\\/#primaryimage\"},\"thumbnailUrl\":\"https:\\\/\\\/pozeskakuca.gmp.hr\\\/wp-content\\\/uploads\\\/2022\\\/11\\\/Pozeska-kuca-cep-i-cokolada-naslovna-scaled.jpg\",\"articleSection\":[\"Novosti\"],\"inLanguage\":\"en-GB\"},{\"@type\":\"WebPage\",\"@id\":\"https:\\\/\\\/pozeskakuca.gmp.hr\\\/2024\\\/02\\\/27\\\/odrzana-radionica-o-turcizmima-za-maturante-katolicke-gimnazije\\\/\",\"url\":\"https:\\\/\\\/pozeskakuca.gmp.hr\\\/2024\\\/02\\\/27\\\/odrzana-radionica-o-turcizmima-za-maturante-katolicke-gimnazije\\\/\",\"name\":\"Odr\u017eana radionica o turcizmima za maturante Katoli\u010dke gimnazije - Po\u017ee\u0161ka ku\u0107a\",\"isPartOf\":{\"@id\":\"https:\\\/\\\/pozeskakuca.gmp.hr\\\/#website\"},\"primaryImageOfPage\":{\"@id\":\"https:\\\/\\\/pozeskakuca.gmp.hr\\\/2024\\\/02\\\/27\\\/odrzana-radionica-o-turcizmima-za-maturante-katolicke-gimnazije\\\/#primaryimage\"},\"image\":{\"@id\":\"https:\\\/\\\/pozeskakuca.gmp.hr\\\/2024\\\/02\\\/27\\\/odrzana-radionica-o-turcizmima-za-maturante-katolicke-gimnazije\\\/#primaryimage\"},\"thumbnailUrl\":\"https:\\\/\\\/pozeskakuca.gmp.hr\\\/wp-content\\\/uploads\\\/2022\\\/11\\\/Pozeska-kuca-cep-i-cokolada-naslovna-scaled.jpg\",\"datePublished\":\"2024-02-27T11:22:53+00:00\",\"dateModified\":\"2024-02-27T12:36:04+00:00\",\"breadcrumb\":{\"@id\":\"https:\\\/\\\/pozeskakuca.gmp.hr\\\/2024\\\/02\\\/27\\\/odrzana-radionica-o-turcizmima-za-maturante-katolicke-gimnazije\\\/#breadcrumb\"},\"inLanguage\":\"en-GB\",\"potentialAction\":[{\"@type\":\"ReadAction\",\"target\":[\"https:\\\/\\\/pozeskakuca.gmp.hr\\\/2024\\\/02\\\/27\\\/odrzana-radionica-o-turcizmima-za-maturante-katolicke-gimnazije\\\/\"]}]},{\"@type\":\"ImageObject\",\"inLanguage\":\"en-GB\",\"@id\":\"https:\\\/\\\/pozeskakuca.gmp.hr\\\/2024\\\/02\\\/27\\\/odrzana-radionica-o-turcizmima-za-maturante-katolicke-gimnazije\\\/#primaryimage\",\"url\":\"https:\\\/\\\/pozeskakuca.gmp.hr\\\/wp-content\\\/uploads\\\/2022\\\/11\\\/Pozeska-kuca-cep-i-cokolada-naslovna-scaled.jpg\",\"contentUrl\":\"https:\\\/\\\/pozeskakuca.gmp.hr\\\/wp-content\\\/uploads\\\/2022\\\/11\\\/Pozeska-kuca-cep-i-cokolada-naslovna-scaled.jpg\",\"width\":2560,\"height\":1709},{\"@type\":\"BreadcrumbList\",\"@id\":\"https:\\\/\\\/pozeskakuca.gmp.hr\\\/2024\\\/02\\\/27\\\/odrzana-radionica-o-turcizmima-za-maturante-katolicke-gimnazije\\\/#breadcrumb\",\"itemListElement\":[{\"@type\":\"ListItem\",\"position\":1,\"name\":\"Po\u010detna stranica\",\"item\":\"https:\\\/\\\/pozeskakuca.gmp.hr\\\/\"},{\"@type\":\"ListItem\",\"position\":2,\"name\":\"Odr\u017eana radionica o turcizmima za maturante Katoli\u010dke gimnazije\"}]},{\"@type\":\"WebSite\",\"@id\":\"https:\\\/\\\/pozeskakuca.gmp.hr\\\/#website\",\"url\":\"https:\\\/\\\/pozeskakuca.gmp.hr\\\/\",\"name\":\"Po\u017ee\u0161ka ku\u0107a\",\"description\":\"\",\"publisher\":{\"@id\":\"https:\\\/\\\/pozeskakuca.gmp.hr\\\/#organization\"},\"potentialAction\":[{\"@type\":\"SearchAction\",\"target\":{\"@type\":\"EntryPoint\",\"urlTemplate\":\"https:\\\/\\\/pozeskakuca.gmp.hr\\\/?s={search_term_string}\"},\"query-input\":{\"@type\":\"PropertyValueSpecification\",\"valueRequired\":true,\"valueName\":\"search_term_string\"}}],\"inLanguage\":\"en-GB\"},{\"@type\":\"Organization\",\"@id\":\"https:\\\/\\\/pozeskakuca.gmp.hr\\\/#organization\",\"name\":\"Po\u017ee\u0161ka ku\u0107a\",\"url\":\"https:\\\/\\\/pozeskakuca.gmp.hr\\\/\",\"logo\":{\"@type\":\"ImageObject\",\"inLanguage\":\"en-GB\",\"@id\":\"https:\\\/\\\/pozeskakuca.gmp.hr\\\/#\\\/schema\\\/logo\\\/image\\\/\",\"url\":\"https:\\\/\\\/pozeskakuca.gmp.hr\\\/wp-content\\\/uploads\\\/2022\\\/09\\\/pk-logo1.png\",\"contentUrl\":\"https:\\\/\\\/pozeskakuca.gmp.hr\\\/wp-content\\\/uploads\\\/2022\\\/09\\\/pk-logo1.png\",\"width\":1368,\"height\":1153,\"caption\":\"Po\u017ee\u0161ka ku\u0107a\"},\"image\":{\"@id\":\"https:\\\/\\\/pozeskakuca.gmp.hr\\\/#\\\/schema\\\/logo\\\/image\\\/\"},\"sameAs\":[\"https:\\\/\\\/hr-hr.facebook.com\\\/muzej.pozega\\\/\"]},{\"@type\":\"Person\",\"@id\":\"https:\\\/\\\/pozeskakuca.gmp.hr\\\/#\\\/schema\\\/person\\\/2538d9f50945a5db3d7ad1654a701dde\",\"name\":\"admin_matej\",\"image\":{\"@type\":\"ImageObject\",\"inLanguage\":\"en-GB\",\"@id\":\"https:\\\/\\\/secure.gravatar.com\\\/avatar\\\/e93a0b81ded036501fe9dc2f1d7f0f8d01a9c1c68eec48450e4fad9dbd473411?s=96&d=mm&r=g\",\"url\":\"https:\\\/\\\/secure.gravatar.com\\\/avatar\\\/e93a0b81ded036501fe9dc2f1d7f0f8d01a9c1c68eec48450e4fad9dbd473411?s=96&d=mm&r=g\",\"contentUrl\":\"https:\\\/\\\/secure.gravatar.com\\\/avatar\\\/e93a0b81ded036501fe9dc2f1d7f0f8d01a9c1c68eec48450e4fad9dbd473411?s=96&d=mm&r=g\",\"caption\":\"admin_matej\"},\"sameAs\":[\"https:\\\/\\\/pozeskakuca.gmp.hr\"],\"url\":\"https:\\\/\\\/pozeskakuca.gmp.hr\\\/en\\\/author\\\/admin_matej\\\/\"}]}<\/script>\n<!-- \/ Yoast SEO plugin. -->","yoast_head_json":{"title":"Odr\u017eana radionica o turcizmima za maturante Katoli\u010dke gimnazije - Po\u017ee\u0161ka ku\u0107a","robots":{"index":"index","follow":"follow","max-snippet":"max-snippet:-1","max-image-preview":"max-image-preview:large","max-video-preview":"max-video-preview:-1"},"canonical":"https:\/\/pozeskakuca.gmp.hr\/en\/2024\/02\/27\/odrzana-radionica-o-turcizmima-za-maturante-katolicke-gimnazije\/","og_locale":"en_GB","og_type":"article","og_title":"Odr\u017eana radionica o turcizmima za maturante Katoli\u010dke gimnazije - Po\u017ee\u0161ka ku\u0107a","og_description":"U utorak, 27. velja\u010de, maturanti Katoli\u010dke gimnazije u sklopu nastave hrvatskoga jezika, pod vodstvom profesorice Marijane \u0106orluka sudjelovali su u radionici pod nazivom Turcizmi u frazemima hrvatskoga jezika u Po\u017ee\u0161koj ku\u0107i. Maturanti Katoli\u010dke gimnazije op\u0107eg smjera posjetili su Po\u017ee\u0161ku ku\u0107u i sudjelovali u radionici pod nazivom Turcizmi u frazemima hrvatskoga jezika. Budu\u0107i da su prema [&hellip;]","og_url":"https:\/\/pozeskakuca.gmp.hr\/en\/2024\/02\/27\/odrzana-radionica-o-turcizmima-za-maturante-katolicke-gimnazije\/","og_site_name":"Po\u017ee\u0161ka ku\u0107a","article_publisher":"https:\/\/hr-hr.facebook.com\/muzej.pozega\/","article_published_time":"2024-02-27T11:22:53+00:00","article_modified_time":"2024-02-27T12:36:04+00:00","og_image":[{"width":2560,"height":1709,"url":"https:\/\/pozeskakuca.gmp.hr\/wp-content\/uploads\/2022\/11\/Pozeska-kuca-cep-i-cokolada-naslovna-scaled.jpg","type":"image\/jpeg"}],"author":"admin_matej","twitter_card":"summary_large_image","twitter_misc":{"Written by":"admin_matej","Estimated reading time":"2 minutes"},"schema":{"@context":"https:\/\/schema.org","@graph":[{"@type":"Article","@id":"https:\/\/pozeskakuca.gmp.hr\/2024\/02\/27\/odrzana-radionica-o-turcizmima-za-maturante-katolicke-gimnazije\/#article","isPartOf":{"@id":"https:\/\/pozeskakuca.gmp.hr\/2024\/02\/27\/odrzana-radionica-o-turcizmima-za-maturante-katolicke-gimnazije\/"},"author":{"name":"admin_matej","@id":"https:\/\/pozeskakuca.gmp.hr\/#\/schema\/person\/2538d9f50945a5db3d7ad1654a701dde"},"headline":"Odr\u017eana radionica o turcizmima za maturante Katoli\u010dke gimnazije","datePublished":"2024-02-27T11:22:53+00:00","dateModified":"2024-02-27T12:36:04+00:00","mainEntityOfPage":{"@id":"https:\/\/pozeskakuca.gmp.hr\/2024\/02\/27\/odrzana-radionica-o-turcizmima-za-maturante-katolicke-gimnazije\/"},"wordCount":162,"publisher":{"@id":"https:\/\/pozeskakuca.gmp.hr\/#organization"},"image":{"@id":"https:\/\/pozeskakuca.gmp.hr\/2024\/02\/27\/odrzana-radionica-o-turcizmima-za-maturante-katolicke-gimnazije\/#primaryimage"},"thumbnailUrl":"https:\/\/pozeskakuca.gmp.hr\/wp-content\/uploads\/2022\/11\/Pozeska-kuca-cep-i-cokolada-naslovna-scaled.jpg","articleSection":["Novosti"],"inLanguage":"en-GB"},{"@type":"WebPage","@id":"https:\/\/pozeskakuca.gmp.hr\/2024\/02\/27\/odrzana-radionica-o-turcizmima-za-maturante-katolicke-gimnazije\/","url":"https:\/\/pozeskakuca.gmp.hr\/2024\/02\/27\/odrzana-radionica-o-turcizmima-za-maturante-katolicke-gimnazije\/","name":"Odr\u017eana radionica o turcizmima za maturante Katoli\u010dke gimnazije - Po\u017ee\u0161ka ku\u0107a","isPartOf":{"@id":"https:\/\/pozeskakuca.gmp.hr\/#website"},"primaryImageOfPage":{"@id":"https:\/\/pozeskakuca.gmp.hr\/2024\/02\/27\/odrzana-radionica-o-turcizmima-za-maturante-katolicke-gimnazije\/#primaryimage"},"image":{"@id":"https:\/\/pozeskakuca.gmp.hr\/2024\/02\/27\/odrzana-radionica-o-turcizmima-za-maturante-katolicke-gimnazije\/#primaryimage"},"thumbnailUrl":"https:\/\/pozeskakuca.gmp.hr\/wp-content\/uploads\/2022\/11\/Pozeska-kuca-cep-i-cokolada-naslovna-scaled.jpg","datePublished":"2024-02-27T11:22:53+00:00","dateModified":"2024-02-27T12:36:04+00:00","breadcrumb":{"@id":"https:\/\/pozeskakuca.gmp.hr\/2024\/02\/27\/odrzana-radionica-o-turcizmima-za-maturante-katolicke-gimnazije\/#breadcrumb"},"inLanguage":"en-GB","potentialAction":[{"@type":"ReadAction","target":["https:\/\/pozeskakuca.gmp.hr\/2024\/02\/27\/odrzana-radionica-o-turcizmima-za-maturante-katolicke-gimnazije\/"]}]},{"@type":"ImageObject","inLanguage":"en-GB","@id":"https:\/\/pozeskakuca.gmp.hr\/2024\/02\/27\/odrzana-radionica-o-turcizmima-za-maturante-katolicke-gimnazije\/#primaryimage","url":"https:\/\/pozeskakuca.gmp.hr\/wp-content\/uploads\/2022\/11\/Pozeska-kuca-cep-i-cokolada-naslovna-scaled.jpg","contentUrl":"https:\/\/pozeskakuca.gmp.hr\/wp-content\/uploads\/2022\/11\/Pozeska-kuca-cep-i-cokolada-naslovna-scaled.jpg","width":2560,"height":1709},{"@type":"BreadcrumbList","@id":"https:\/\/pozeskakuca.gmp.hr\/2024\/02\/27\/odrzana-radionica-o-turcizmima-za-maturante-katolicke-gimnazije\/#breadcrumb","itemListElement":[{"@type":"ListItem","position":1,"name":"Po\u010detna stranica","item":"https:\/\/pozeskakuca.gmp.hr\/"},{"@type":"ListItem","position":2,"name":"Odr\u017eana radionica o turcizmima za maturante Katoli\u010dke gimnazije"}]},{"@type":"WebSite","@id":"https:\/\/pozeskakuca.gmp.hr\/#website","url":"https:\/\/pozeskakuca.gmp.hr\/","name":"Po\u017eega house","description":"","publisher":{"@id":"https:\/\/pozeskakuca.gmp.hr\/#organization"},"potentialAction":[{"@type":"SearchAction","target":{"@type":"EntryPoint","urlTemplate":"https:\/\/pozeskakuca.gmp.hr\/?s={search_term_string}"},"query-input":{"@type":"PropertyValueSpecification","valueRequired":true,"valueName":"search_term_string"}}],"inLanguage":"en-GB"},{"@type":"Organization","@id":"https:\/\/pozeskakuca.gmp.hr\/#organization","name":"Po\u017eega house","url":"https:\/\/pozeskakuca.gmp.hr\/","logo":{"@type":"ImageObject","inLanguage":"en-GB","@id":"https:\/\/pozeskakuca.gmp.hr\/#\/schema\/logo\/image\/","url":"https:\/\/pozeskakuca.gmp.hr\/wp-content\/uploads\/2022\/09\/pk-logo1.png","contentUrl":"https:\/\/pozeskakuca.gmp.hr\/wp-content\/uploads\/2022\/09\/pk-logo1.png","width":1368,"height":1153,"caption":"Po\u017ee\u0161ka ku\u0107a"},"image":{"@id":"https:\/\/pozeskakuca.gmp.hr\/#\/schema\/logo\/image\/"},"sameAs":["https:\/\/hr-hr.facebook.com\/muzej.pozega\/"]},{"@type":"Person","@id":"https:\/\/pozeskakuca.gmp.hr\/#\/schema\/person\/2538d9f50945a5db3d7ad1654a701dde","name":"admin_matej","image":{"@type":"ImageObject","inLanguage":"en-GB","@id":"https:\/\/secure.gravatar.com\/avatar\/e93a0b81ded036501fe9dc2f1d7f0f8d01a9c1c68eec48450e4fad9dbd473411?s=96&d=mm&r=g","url":"https:\/\/secure.gravatar.com\/avatar\/e93a0b81ded036501fe9dc2f1d7f0f8d01a9c1c68eec48450e4fad9dbd473411?s=96&d=mm&r=g","contentUrl":"https:\/\/secure.gravatar.com\/avatar\/e93a0b81ded036501fe9dc2f1d7f0f8d01a9c1c68eec48450e4fad9dbd473411?s=96&d=mm&r=g","caption":"admin_matej"},"sameAs":["https:\/\/pozeskakuca.gmp.hr"],"url":"https:\/\/pozeskakuca.gmp.hr\/en\/author\/admin_matej\/"}]}},"_links":{"self":[{"href":"https:\/\/pozeskakuca.gmp.hr\/en\/wp-json\/wp\/v2\/posts\/2303","targetHints":{"allow":["GET"]}}],"collection":[{"href":"https:\/\/pozeskakuca.gmp.hr\/en\/wp-json\/wp\/v2\/posts"}],"about":[{"href":"https:\/\/pozeskakuca.gmp.hr\/en\/wp-json\/wp\/v2\/types\/post"}],"author":[{"embeddable":true,"href":"https:\/\/pozeskakuca.gmp.hr\/en\/wp-json\/wp\/v2\/users\/1"}],"replies":[{"embeddable":true,"href":"https:\/\/pozeskakuca.gmp.hr\/en\/wp-json\/wp\/v2\/comments?post=2303"}],"version-history":[{"count":11,"href":"https:\/\/pozeskakuca.gmp.hr\/en\/wp-json\/wp\/v2\/posts\/2303\/revisions"}],"predecessor-version":[{"id":2318,"href":"https:\/\/pozeskakuca.gmp.hr\/en\/wp-json\/wp\/v2\/posts\/2303\/revisions\/2318"}],"wp:featuredmedia":[{"embeddable":true,"href":"https:\/\/pozeskakuca.gmp.hr\/en\/wp-json\/wp\/v2\/media\/1336"}],"wp:attachment":[{"href":"https:\/\/pozeskakuca.gmp.hr\/en\/wp-json\/wp\/v2\/media?parent=2303"}],"wp:term":[{"taxonomy":"category","embeddable":true,"href":"https:\/\/pozeskakuca.gmp.hr\/en\/wp-json\/wp\/v2\/categories?post=2303"},{"taxonomy":"post_tag","embeddable":true,"href":"https:\/\/pozeskakuca.gmp.hr\/en\/wp-json\/wp\/v2\/tags?post=2303"}],"curies":[{"name":"wp","href":"https:\/\/api.w.org\/{rel}","templated":true}]}}