{"id":2281,"date":"2024-02-21T09:14:36","date_gmt":"2024-02-21T08:14:36","guid":{"rendered":"https:\/\/pozeskakuca.hr\/?p=2281"},"modified":"2024-02-21T11:08:15","modified_gmt":"2024-02-21T10:08:15","slug":"u-pozeskoj-kuci-odrzano-zsv-nastavnika-povijesti","status":"publish","type":"post","link":"https:\/\/pozeskakuca.gmp.hr\/en\/2024\/02\/21\/u-pozeskoj-kuci-odrzano-zsv-nastavnika-povijesti\/","title":{"rendered":"U Po\u017ee\u0161koj ku\u0107i odr\u017eano \u017dSV u\u010ditelja i nastavnika povijesti"},"content":{"rendered":"<div data-elementor-type=\"wp-post\" data-elementor-id=\"2281\" class=\"elementor elementor-2281\">\n\t\t\t\t\t\t<section class=\"elementor-section elementor-top-section elementor-element elementor-element-19f6d98 elementor-section-boxed elementor-section-height-default elementor-section-height-default\" data-id=\"19f6d98\" data-element_type=\"section\" data-e-type=\"section\">\n\t\t\t\t\t\t<div class=\"elementor-container elementor-column-gap-default\">\n\t\t\t\t\t<div class=\"elementor-column elementor-col-100 elementor-top-column elementor-element elementor-element-13663b9\" data-id=\"13663b9\" data-element_type=\"column\" data-e-type=\"column\">\n\t\t\t<div class=\"elementor-widget-wrap elementor-element-populated\">\n\t\t\t\t\t\t<div class=\"elementor-element elementor-element-7089c18 elementor-widget elementor-widget-text-editor\" data-id=\"7089c18\" data-element_type=\"widget\" data-e-type=\"widget\" data-widget_type=\"text-editor.default\">\n\t\t\t\t<div class=\"elementor-widget-container\">\n\t\t\t\t\t\t\t\t\t<p style=\"text-align: center;\">U Centru za posjetitelje <strong>Po\u017eega house<\/strong>, u utorak, 20. velja\u010de, odr\u017eano je<strong> \u017dupanijsko stru\u010dno vije\u0107e u\u010ditelja i nastavnika povijesti Po\u017ee\u0161ko-slavonske \u017eupanije<\/strong>.\u00a0<\/p>\t\t\t\t\t\t\t\t<\/div>\n\t\t\t\t<\/div>\n\t\t\t\t\t<\/div>\n\t\t<\/div>\n\t\t\t\t\t<\/div>\n\t\t<\/section>\n\t\t\t\t<section class=\"elementor-section elementor-top-section elementor-element elementor-element-2883864 elementor-section-boxed elementor-section-height-default elementor-section-height-default\" data-id=\"2883864\" data-element_type=\"section\" data-e-type=\"section\">\n\t\t\t\t\t\t<div class=\"elementor-container elementor-column-gap-default\">\n\t\t\t\t\t<div class=\"elementor-column elementor-col-100 elementor-top-column elementor-element elementor-element-3e9b780\" data-id=\"3e9b780\" data-element_type=\"column\" data-e-type=\"column\">\n\t\t\t<div class=\"elementor-widget-wrap elementor-element-populated\">\n\t\t\t\t\t\t<div class=\"elementor-element elementor-element-16a758d elementor-widget elementor-widget-text-editor\" data-id=\"16a758d\" data-element_type=\"widget\" data-e-type=\"widget\" data-widget_type=\"text-editor.default\">\n\t\t\t\t<div class=\"elementor-widget-container\">\n\t\t\t\t\t\t\t\t\t<p>U tjednu \u0161kolskih praznika odr\u017eano je \u017dupanijsko stru\u010dno vije\u0107e u\u010ditelja i nastavnika povijesti PS\u017d u Centru za posjetitelje Po\u017ee\u0161ka ku\u0107a. Voditeljica \u017dupanijskog stru\u010dnog vije\u0107a, dr.sc. Mihaela Markovac, uvodno je pozdravila sve prisutne u\u010ditelje i nastavnike povijesti te ih je upoznala sa temom i sadr\u017eajem sastanka. Dnevni red \u010dinile su dvije to\u010dke, odnosno odr\u017eana su predavanja u dva dijela.\u00a0<\/p><p>U prvom dijelu izlaganja svi u\u010ditelji i nastavnici pro\u0161li su kroz interaktivni postav Centra za posjetitelje Po\u017ee\u0161ka ku\u0107a gdje ih je voditelj M. Peharda upoznao sa konceptom rada Centra, razmijenjena su iskustva izme\u0111u razli\u010ditih u\u010deni\u010dkih grupa koje su posjetile Centar te je zaklju\u010deno da su interpretacijski centri u ovom opsegu sadr\u017eaja i interaktivne multimedije vrlo funkcionalni po pitanju u\u010denja zavi\u010dajne povijesti, ali i razli\u010ditih povijesnih razdoblja kroz lokalne teme.<\/p><p>Drugi dio izlaganja odnosio se na znamenite Po\u017ee\u017eane, a ovu \u0161iroku temu pripremili su profesori Gimnazije Po\u017eega Nata\u0161a Pulja\u0161i\u0107 i Dragan Silukovi\u0107. Spomenuti su brojni Po\u017ee\u017eani koji su zna\u010dajan trag ostavili i na nacionalnoj i na me\u0111unarodnoj razini, a samo neki od njih su Boris Han\u017eekovi\u0107, Miroslav Kraljevi\u0107 (\u017eupan), Zdenka Markovi\u0107, Ante Schwarz, Dragutin Lerman i brojni drugi. Predava\u010di su se u svom izlaganju usredoto\u010dili na manje poznate \u010dinjenice o znamenitim Po\u017ee\u017eanima, a koje su bitno utjecale na razvoj znanosti i kulture u \u0161irem smislu.\u00a0<\/p><p>Na kraju susreta dr.sc. Mihaela Markovac, voditeljica \u017dupanijskog stru\u010dnog vije\u0107a, zahvalila se predava\u010dima i u\u010diteljima i nastavnicima povijesti koji su s velikim zanimanjem pratili navedene teme.<\/p>\t\t\t\t\t\t\t\t<\/div>\n\t\t\t\t<\/div>\n\t\t\t\t<div class=\"elementor-element elementor-element-4430e49 gallery-spacing-custom elementor-widget elementor-widget-image-gallery\" data-id=\"4430e49\" data-element_type=\"widget\" data-e-type=\"widget\" data-widget_type=\"image-gallery.default\">\n\t\t\t\t<div class=\"elementor-widget-container\">\n\t\t\t\t\t\t\t<div class=\"elementor-image-gallery\">\n\t\t\t\n<a data-elementor-open-lightbox=\"no\" href='https:\/\/pozeskakuca.gmp.hr\/wp-content\/uploads\/2024\/02\/20240220_164350.jpg'><img fetchpriority=\"high\" decoding=\"async\" width=\"600\" height=\"600\" src=\"https:\/\/pozeskakuca.gmp.hr\/wp-content\/uploads\/2024\/02\/20240220_164350-600x600.jpg\" class=\"attachment-ocean-thumb-m size-ocean-thumb-m\" alt=\"\" \/><\/a>\n<a data-elementor-open-lightbox=\"no\" href='https:\/\/pozeskakuca.gmp.hr\/wp-content\/uploads\/2024\/02\/IMG_7495.jpg'><img decoding=\"async\" width=\"600\" height=\"600\" src=\"https:\/\/pozeskakuca.gmp.hr\/wp-content\/uploads\/2024\/02\/IMG_7495-600x600.jpg\" class=\"attachment-ocean-thumb-m size-ocean-thumb-m\" alt=\"\" \/><\/a>\n<a data-elementor-open-lightbox=\"no\" href='https:\/\/pozeskakuca.gmp.hr\/wp-content\/uploads\/2024\/02\/IMG_7516.jpg'><img decoding=\"async\" width=\"600\" height=\"600\" src=\"https:\/\/pozeskakuca.gmp.hr\/wp-content\/uploads\/2024\/02\/IMG_7516-600x600.jpg\" class=\"attachment-ocean-thumb-m size-ocean-thumb-m\" alt=\"\" \/><\/a>\n<a data-elementor-open-lightbox=\"no\" href='https:\/\/pozeskakuca.gmp.hr\/wp-content\/uploads\/2024\/02\/IMG_7486.jpg'><img loading=\"lazy\" decoding=\"async\" width=\"600\" height=\"600\" src=\"https:\/\/pozeskakuca.gmp.hr\/wp-content\/uploads\/2024\/02\/IMG_7486-600x600.jpg\" class=\"attachment-ocean-thumb-m size-ocean-thumb-m\" alt=\"\" \/><\/a>\n<a data-elementor-open-lightbox=\"no\" href='https:\/\/pozeskakuca.gmp.hr\/wp-content\/uploads\/2024\/02\/20240220_160758.jpg'><img loading=\"lazy\" decoding=\"async\" width=\"600\" height=\"600\" src=\"https:\/\/pozeskakuca.gmp.hr\/wp-content\/uploads\/2024\/02\/20240220_160758-600x600.jpg\" class=\"attachment-ocean-thumb-m size-ocean-thumb-m\" alt=\"\" \/><\/a>\n<a data-elementor-open-lightbox=\"no\" href='https:\/\/pozeskakuca.gmp.hr\/wp-content\/uploads\/2024\/02\/IMG_7485.jpg'><img loading=\"lazy\" decoding=\"async\" width=\"600\" height=\"600\" src=\"https:\/\/pozeskakuca.gmp.hr\/wp-content\/uploads\/2024\/02\/IMG_7485-600x600.jpg\" class=\"attachment-ocean-thumb-m size-ocean-thumb-m\" alt=\"\" \/><\/a>\n<a data-elementor-open-lightbox=\"no\" href='https:\/\/pozeskakuca.gmp.hr\/wp-content\/uploads\/2024\/02\/IMG_7488.jpg'><img loading=\"lazy\" decoding=\"async\" width=\"600\" height=\"600\" src=\"https:\/\/pozeskakuca.gmp.hr\/wp-content\/uploads\/2024\/02\/IMG_7488-600x600.jpg\" class=\"attachment-ocean-thumb-m size-ocean-thumb-m\" alt=\"\" \/><\/a>\n<a data-elementor-open-lightbox=\"no\" href='https:\/\/pozeskakuca.gmp.hr\/wp-content\/uploads\/2024\/02\/IMG_7491.jpg'><img loading=\"lazy\" decoding=\"async\" width=\"600\" height=\"600\" src=\"https:\/\/pozeskakuca.gmp.hr\/wp-content\/uploads\/2024\/02\/IMG_7491-600x600.jpg\" class=\"attachment-ocean-thumb-m size-ocean-thumb-m\" alt=\"\" \/><\/a>\n<a data-elementor-open-lightbox=\"no\" href='https:\/\/pozeskakuca.gmp.hr\/wp-content\/uploads\/2024\/02\/IMG_7502.jpg'><img loading=\"lazy\" decoding=\"async\" width=\"600\" height=\"600\" src=\"https:\/\/pozeskakuca.gmp.hr\/wp-content\/uploads\/2024\/02\/IMG_7502-600x600.jpg\" class=\"attachment-ocean-thumb-m size-ocean-thumb-m\" alt=\"\" \/><\/a>\n\t\t<\/div>\n\t\t\t\t\t\t<\/div>\n\t\t\t\t<\/div>\n\t\t\t\t\t<\/div>\n\t\t<\/div>\n\t\t\t\t\t<\/div>\n\t\t<\/section>\n\t\t\t\t<\/div>","protected":false},"excerpt":{"rendered":"<p>U Centru za posjetitelje Po\u017ee\u0161ka ku\u0107a, u utorak, 20. velja\u010de, odr\u017eano je \u017dupanijsko stru\u010dno vije\u0107e u\u010ditelja i nastavnika povijesti Po\u017ee\u0161ko-slavonske \u017eupanije.\u00a0 U tjednu \u0161kolskih praznika odr\u017eano je \u017dupanijsko stru\u010dno vije\u0107e u\u010ditelja i nastavnika povijesti PS\u017d u Centru za posjetitelje Po\u017ee\u0161ka ku\u0107a. Voditeljica \u017dupanijskog stru\u010dnog vije\u0107a, dr.sc. Mihaela Markovac, uvodno je pozdravila sve prisutne u\u010ditelje i [&hellip;]<\/p>\n","protected":false},"author":1,"featured_media":1334,"comment_status":"closed","ping_status":"closed","sticky":false,"template":"","format":"standard","meta":{"ocean_post_layout":"","ocean_both_sidebars_style":"","ocean_both_sidebars_content_width":0,"ocean_both_sidebars_sidebars_width":0,"ocean_sidebar":"","ocean_second_sidebar":"","ocean_disable_margins":"enable","ocean_add_body_class":"","ocean_shortcode_before_top_bar":"","ocean_shortcode_after_top_bar":"","ocean_shortcode_before_header":"","ocean_shortcode_after_header":"","ocean_has_shortcode":"","ocean_shortcode_after_title":"","ocean_shortcode_before_footer_widgets":"","ocean_shortcode_after_footer_widgets":"","ocean_shortcode_before_footer_bottom":"","ocean_shortcode_after_footer_bottom":"","ocean_display_top_bar":"default","ocean_display_header":"default","ocean_header_style":"","ocean_center_header_left_menu":"","ocean_custom_header_template":"","ocean_custom_logo":0,"ocean_custom_retina_logo":0,"ocean_custom_logo_max_width":0,"ocean_custom_logo_tablet_max_width":0,"ocean_custom_logo_mobile_max_width":0,"ocean_custom_logo_max_height":0,"ocean_custom_logo_tablet_max_height":0,"ocean_custom_logo_mobile_max_height":0,"ocean_header_custom_menu":"","ocean_menu_typo_font_family":"","ocean_menu_typo_font_subset":"","ocean_menu_typo_font_size":0,"ocean_menu_typo_font_size_tablet":0,"ocean_menu_typo_font_size_mobile":0,"ocean_menu_typo_font_size_unit":"px","ocean_menu_typo_font_weight":"","ocean_menu_typo_font_weight_tablet":"","ocean_menu_typo_font_weight_mobile":"","ocean_menu_typo_transform":"","ocean_menu_typo_transform_tablet":"","ocean_menu_typo_transform_mobile":"","ocean_menu_typo_line_height":0,"ocean_menu_typo_line_height_tablet":0,"ocean_menu_typo_line_height_mobile":0,"ocean_menu_typo_line_height_unit":"","ocean_menu_typo_spacing":0,"ocean_menu_typo_spacing_tablet":0,"ocean_menu_typo_spacing_mobile":0,"ocean_menu_typo_spacing_unit":"","ocean_menu_link_color":"","ocean_menu_link_color_hover":"","ocean_menu_link_color_active":"","ocean_menu_link_background":"","ocean_menu_link_hover_background":"","ocean_menu_link_active_background":"","ocean_menu_social_links_bg":"","ocean_menu_social_hover_links_bg":"","ocean_menu_social_links_color":"","ocean_menu_social_hover_links_color":"","ocean_disable_title":"default","ocean_disable_heading":"default","ocean_post_title":"","ocean_post_subheading":"","ocean_post_title_style":"","ocean_post_title_background_color":"","ocean_post_title_background":0,"ocean_post_title_bg_image_position":"","ocean_post_title_bg_image_attachment":"","ocean_post_title_bg_image_repeat":"","ocean_post_title_bg_image_size":"","ocean_post_title_height":0,"ocean_post_title_bg_overlay":0.5,"ocean_post_title_bg_overlay_color":"","ocean_disable_breadcrumbs":"default","ocean_breadcrumbs_color":"","ocean_breadcrumbs_separator_color":"","ocean_breadcrumbs_links_color":"","ocean_breadcrumbs_links_hover_color":"","ocean_display_footer_widgets":"default","ocean_display_footer_bottom":"default","ocean_custom_footer_template":"","ocean_post_oembed":"","ocean_post_self_hosted_media":"","ocean_post_video_embed":"","ocean_link_format":"","ocean_link_format_target":"self","ocean_quote_format":"","ocean_quote_format_link":"post","ocean_gallery_link_images":"on","ocean_gallery_id":[],"footnotes":""},"categories":[7],"tags":[],"class_list":["post-2281","post","type-post","status-publish","format-standard","has-post-thumbnail","hentry","category-novosti","entry","has-media"],"yoast_head":"<!-- This site is optimized with the Yoast SEO plugin v27.4 - https:\/\/yoast.com\/product\/yoast-seo-wordpress\/ -->\n<title>U Po\u017ee\u0161koj ku\u0107i odr\u017eano \u017dSV u\u010ditelja i nastavnika povijesti - Po\u017ee\u0161ka ku\u0107a<\/title>\n<meta name=\"robots\" content=\"index, follow, max-snippet:-1, max-image-preview:large, max-video-preview:-1\" \/>\n<link rel=\"canonical\" href=\"https:\/\/pozeskakuca.gmp.hr\/en\/2024\/02\/21\/u-pozeskoj-kuci-odrzano-zsv-nastavnika-povijesti\/\" \/>\n<meta property=\"og:locale\" content=\"en_GB\" \/>\n<meta property=\"og:type\" content=\"article\" \/>\n<meta property=\"og:title\" content=\"U Po\u017ee\u0161koj ku\u0107i odr\u017eano \u017dSV u\u010ditelja i nastavnika povijesti - Po\u017ee\u0161ka ku\u0107a\" \/>\n<meta property=\"og:description\" content=\"U Centru za posjetitelje Po\u017ee\u0161ka ku\u0107a, u utorak, 20. velja\u010de, odr\u017eano je \u017dupanijsko stru\u010dno vije\u0107e u\u010ditelja i nastavnika povijesti Po\u017ee\u0161ko-slavonske \u017eupanije.\u00a0 U tjednu \u0161kolskih praznika odr\u017eano je \u017dupanijsko stru\u010dno vije\u0107e u\u010ditelja i nastavnika povijesti PS\u017d u Centru za posjetitelje Po\u017ee\u0161ka ku\u0107a. Voditeljica \u017dupanijskog stru\u010dnog vije\u0107a, dr.sc. Mihaela Markovac, uvodno je pozdravila sve prisutne u\u010ditelje i [&hellip;]\" \/>\n<meta property=\"og:url\" content=\"https:\/\/pozeskakuca.gmp.hr\/en\/2024\/02\/21\/u-pozeskoj-kuci-odrzano-zsv-nastavnika-povijesti\/\" \/>\n<meta property=\"og:site_name\" content=\"Po\u017ee\u0161ka ku\u0107a\" \/>\n<meta property=\"article:publisher\" content=\"https:\/\/hr-hr.facebook.com\/muzej.pozega\/\" \/>\n<meta property=\"article:published_time\" content=\"2024-02-21T08:14:36+00:00\" \/>\n<meta property=\"article:modified_time\" content=\"2024-02-21T10:08:15+00:00\" \/>\n<meta property=\"og:image\" content=\"https:\/\/pozeskakuca.gmp.hr\/wp-content\/uploads\/2022\/10\/Pozeska-kuca-bicikl-naslovna-scaled.jpg\" \/>\n\t<meta property=\"og:image:width\" content=\"2560\" \/>\n\t<meta property=\"og:image:height\" content=\"1709\" \/>\n\t<meta property=\"og:image:type\" content=\"image\/jpeg\" \/>\n<meta name=\"author\" content=\"admin_matej\" \/>\n<meta name=\"twitter:card\" content=\"summary_large_image\" \/>\n<meta name=\"twitter:label1\" content=\"Written by\" \/>\n\t<meta name=\"twitter:data1\" content=\"admin_matej\" \/>\n\t<meta name=\"twitter:label2\" content=\"Estimated reading time\" \/>\n\t<meta name=\"twitter:data2\" content=\"4 minutes\" \/>\n<script type=\"application\/ld+json\" class=\"yoast-schema-graph\">{\"@context\":\"https:\\\/\\\/schema.org\",\"@graph\":[{\"@type\":\"Article\",\"@id\":\"https:\\\/\\\/pozeskakuca.gmp.hr\\\/2024\\\/02\\\/21\\\/u-pozeskoj-kuci-odrzano-zsv-nastavnika-povijesti\\\/#article\",\"isPartOf\":{\"@id\":\"https:\\\/\\\/pozeskakuca.gmp.hr\\\/2024\\\/02\\\/21\\\/u-pozeskoj-kuci-odrzano-zsv-nastavnika-povijesti\\\/\"},\"author\":{\"name\":\"admin_matej\",\"@id\":\"https:\\\/\\\/pozeskakuca.gmp.hr\\\/#\\\/schema\\\/person\\\/2538d9f50945a5db3d7ad1654a701dde\"},\"headline\":\"U Po\u017ee\u0161koj ku\u0107i odr\u017eano \u017dSV u\u010ditelja i nastavnika povijesti\",\"datePublished\":\"2024-02-21T08:14:36+00:00\",\"dateModified\":\"2024-02-21T10:08:15+00:00\",\"mainEntityOfPage\":{\"@id\":\"https:\\\/\\\/pozeskakuca.gmp.hr\\\/2024\\\/02\\\/21\\\/u-pozeskoj-kuci-odrzano-zsv-nastavnika-povijesti\\\/\"},\"wordCount\":329,\"publisher\":{\"@id\":\"https:\\\/\\\/pozeskakuca.gmp.hr\\\/#organization\"},\"image\":{\"@id\":\"https:\\\/\\\/pozeskakuca.gmp.hr\\\/2024\\\/02\\\/21\\\/u-pozeskoj-kuci-odrzano-zsv-nastavnika-povijesti\\\/#primaryimage\"},\"thumbnailUrl\":\"https:\\\/\\\/pozeskakuca.gmp.hr\\\/wp-content\\\/uploads\\\/2022\\\/10\\\/Pozeska-kuca-bicikl-naslovna-scaled.jpg\",\"articleSection\":[\"Novosti\"],\"inLanguage\":\"en-GB\"},{\"@type\":\"WebPage\",\"@id\":\"https:\\\/\\\/pozeskakuca.gmp.hr\\\/2024\\\/02\\\/21\\\/u-pozeskoj-kuci-odrzano-zsv-nastavnika-povijesti\\\/\",\"url\":\"https:\\\/\\\/pozeskakuca.gmp.hr\\\/2024\\\/02\\\/21\\\/u-pozeskoj-kuci-odrzano-zsv-nastavnika-povijesti\\\/\",\"name\":\"U Po\u017ee\u0161koj ku\u0107i odr\u017eano \u017dSV u\u010ditelja i nastavnika povijesti - Po\u017ee\u0161ka ku\u0107a\",\"isPartOf\":{\"@id\":\"https:\\\/\\\/pozeskakuca.gmp.hr\\\/#website\"},\"primaryImageOfPage\":{\"@id\":\"https:\\\/\\\/pozeskakuca.gmp.hr\\\/2024\\\/02\\\/21\\\/u-pozeskoj-kuci-odrzano-zsv-nastavnika-povijesti\\\/#primaryimage\"},\"image\":{\"@id\":\"https:\\\/\\\/pozeskakuca.gmp.hr\\\/2024\\\/02\\\/21\\\/u-pozeskoj-kuci-odrzano-zsv-nastavnika-povijesti\\\/#primaryimage\"},\"thumbnailUrl\":\"https:\\\/\\\/pozeskakuca.gmp.hr\\\/wp-content\\\/uploads\\\/2022\\\/10\\\/Pozeska-kuca-bicikl-naslovna-scaled.jpg\",\"datePublished\":\"2024-02-21T08:14:36+00:00\",\"dateModified\":\"2024-02-21T10:08:15+00:00\",\"breadcrumb\":{\"@id\":\"https:\\\/\\\/pozeskakuca.gmp.hr\\\/2024\\\/02\\\/21\\\/u-pozeskoj-kuci-odrzano-zsv-nastavnika-povijesti\\\/#breadcrumb\"},\"inLanguage\":\"en-GB\",\"potentialAction\":[{\"@type\":\"ReadAction\",\"target\":[\"https:\\\/\\\/pozeskakuca.gmp.hr\\\/2024\\\/02\\\/21\\\/u-pozeskoj-kuci-odrzano-zsv-nastavnika-povijesti\\\/\"]}]},{\"@type\":\"ImageObject\",\"inLanguage\":\"en-GB\",\"@id\":\"https:\\\/\\\/pozeskakuca.gmp.hr\\\/2024\\\/02\\\/21\\\/u-pozeskoj-kuci-odrzano-zsv-nastavnika-povijesti\\\/#primaryimage\",\"url\":\"https:\\\/\\\/pozeskakuca.gmp.hr\\\/wp-content\\\/uploads\\\/2022\\\/10\\\/Pozeska-kuca-bicikl-naslovna-scaled.jpg\",\"contentUrl\":\"https:\\\/\\\/pozeskakuca.gmp.hr\\\/wp-content\\\/uploads\\\/2022\\\/10\\\/Pozeska-kuca-bicikl-naslovna-scaled.jpg\",\"width\":2560,\"height\":1709},{\"@type\":\"BreadcrumbList\",\"@id\":\"https:\\\/\\\/pozeskakuca.gmp.hr\\\/2024\\\/02\\\/21\\\/u-pozeskoj-kuci-odrzano-zsv-nastavnika-povijesti\\\/#breadcrumb\",\"itemListElement\":[{\"@type\":\"ListItem\",\"position\":1,\"name\":\"Po\u010detna stranica\",\"item\":\"https:\\\/\\\/pozeskakuca.gmp.hr\\\/\"},{\"@type\":\"ListItem\",\"position\":2,\"name\":\"U Po\u017ee\u0161koj ku\u0107i odr\u017eano \u017dSV u\u010ditelja i nastavnika povijesti\"}]},{\"@type\":\"WebSite\",\"@id\":\"https:\\\/\\\/pozeskakuca.gmp.hr\\\/#website\",\"url\":\"https:\\\/\\\/pozeskakuca.gmp.hr\\\/\",\"name\":\"Po\u017ee\u0161ka ku\u0107a\",\"description\":\"\",\"publisher\":{\"@id\":\"https:\\\/\\\/pozeskakuca.gmp.hr\\\/#organization\"},\"potentialAction\":[{\"@type\":\"SearchAction\",\"target\":{\"@type\":\"EntryPoint\",\"urlTemplate\":\"https:\\\/\\\/pozeskakuca.gmp.hr\\\/?s={search_term_string}\"},\"query-input\":{\"@type\":\"PropertyValueSpecification\",\"valueRequired\":true,\"valueName\":\"search_term_string\"}}],\"inLanguage\":\"en-GB\"},{\"@type\":\"Organization\",\"@id\":\"https:\\\/\\\/pozeskakuca.gmp.hr\\\/#organization\",\"name\":\"Po\u017ee\u0161ka ku\u0107a\",\"url\":\"https:\\\/\\\/pozeskakuca.gmp.hr\\\/\",\"logo\":{\"@type\":\"ImageObject\",\"inLanguage\":\"en-GB\",\"@id\":\"https:\\\/\\\/pozeskakuca.gmp.hr\\\/#\\\/schema\\\/logo\\\/image\\\/\",\"url\":\"https:\\\/\\\/pozeskakuca.gmp.hr\\\/wp-content\\\/uploads\\\/2022\\\/09\\\/pk-logo1.png\",\"contentUrl\":\"https:\\\/\\\/pozeskakuca.gmp.hr\\\/wp-content\\\/uploads\\\/2022\\\/09\\\/pk-logo1.png\",\"width\":1368,\"height\":1153,\"caption\":\"Po\u017ee\u0161ka ku\u0107a\"},\"image\":{\"@id\":\"https:\\\/\\\/pozeskakuca.gmp.hr\\\/#\\\/schema\\\/logo\\\/image\\\/\"},\"sameAs\":[\"https:\\\/\\\/hr-hr.facebook.com\\\/muzej.pozega\\\/\"]},{\"@type\":\"Person\",\"@id\":\"https:\\\/\\\/pozeskakuca.gmp.hr\\\/#\\\/schema\\\/person\\\/2538d9f50945a5db3d7ad1654a701dde\",\"name\":\"admin_matej\",\"image\":{\"@type\":\"ImageObject\",\"inLanguage\":\"en-GB\",\"@id\":\"https:\\\/\\\/secure.gravatar.com\\\/avatar\\\/e93a0b81ded036501fe9dc2f1d7f0f8d01a9c1c68eec48450e4fad9dbd473411?s=96&d=mm&r=g\",\"url\":\"https:\\\/\\\/secure.gravatar.com\\\/avatar\\\/e93a0b81ded036501fe9dc2f1d7f0f8d01a9c1c68eec48450e4fad9dbd473411?s=96&d=mm&r=g\",\"contentUrl\":\"https:\\\/\\\/secure.gravatar.com\\\/avatar\\\/e93a0b81ded036501fe9dc2f1d7f0f8d01a9c1c68eec48450e4fad9dbd473411?s=96&d=mm&r=g\",\"caption\":\"admin_matej\"},\"sameAs\":[\"https:\\\/\\\/pozeskakuca.gmp.hr\"],\"url\":\"https:\\\/\\\/pozeskakuca.gmp.hr\\\/en\\\/author\\\/admin_matej\\\/\"}]}<\/script>\n<!-- \/ Yoast SEO plugin. -->","yoast_head_json":{"title":"U Po\u017ee\u0161koj ku\u0107i odr\u017eano \u017dSV u\u010ditelja i nastavnika povijesti - Po\u017ee\u0161ka ku\u0107a","robots":{"index":"index","follow":"follow","max-snippet":"max-snippet:-1","max-image-preview":"max-image-preview:large","max-video-preview":"max-video-preview:-1"},"canonical":"https:\/\/pozeskakuca.gmp.hr\/en\/2024\/02\/21\/u-pozeskoj-kuci-odrzano-zsv-nastavnika-povijesti\/","og_locale":"en_GB","og_type":"article","og_title":"U Po\u017ee\u0161koj ku\u0107i odr\u017eano \u017dSV u\u010ditelja i nastavnika povijesti - Po\u017ee\u0161ka ku\u0107a","og_description":"U Centru za posjetitelje Po\u017ee\u0161ka ku\u0107a, u utorak, 20. velja\u010de, odr\u017eano je \u017dupanijsko stru\u010dno vije\u0107e u\u010ditelja i nastavnika povijesti Po\u017ee\u0161ko-slavonske \u017eupanije.\u00a0 U tjednu \u0161kolskih praznika odr\u017eano je \u017dupanijsko stru\u010dno vije\u0107e u\u010ditelja i nastavnika povijesti PS\u017d u Centru za posjetitelje Po\u017ee\u0161ka ku\u0107a. Voditeljica \u017dupanijskog stru\u010dnog vije\u0107a, dr.sc. Mihaela Markovac, uvodno je pozdravila sve prisutne u\u010ditelje i [&hellip;]","og_url":"https:\/\/pozeskakuca.gmp.hr\/en\/2024\/02\/21\/u-pozeskoj-kuci-odrzano-zsv-nastavnika-povijesti\/","og_site_name":"Po\u017ee\u0161ka ku\u0107a","article_publisher":"https:\/\/hr-hr.facebook.com\/muzej.pozega\/","article_published_time":"2024-02-21T08:14:36+00:00","article_modified_time":"2024-02-21T10:08:15+00:00","og_image":[{"width":2560,"height":1709,"url":"https:\/\/pozeskakuca.gmp.hr\/wp-content\/uploads\/2022\/10\/Pozeska-kuca-bicikl-naslovna-scaled.jpg","type":"image\/jpeg"}],"author":"admin_matej","twitter_card":"summary_large_image","twitter_misc":{"Written by":"admin_matej","Estimated reading time":"4 minutes"},"schema":{"@context":"https:\/\/schema.org","@graph":[{"@type":"Article","@id":"https:\/\/pozeskakuca.gmp.hr\/2024\/02\/21\/u-pozeskoj-kuci-odrzano-zsv-nastavnika-povijesti\/#article","isPartOf":{"@id":"https:\/\/pozeskakuca.gmp.hr\/2024\/02\/21\/u-pozeskoj-kuci-odrzano-zsv-nastavnika-povijesti\/"},"author":{"name":"admin_matej","@id":"https:\/\/pozeskakuca.gmp.hr\/#\/schema\/person\/2538d9f50945a5db3d7ad1654a701dde"},"headline":"U Po\u017ee\u0161koj ku\u0107i odr\u017eano \u017dSV u\u010ditelja i nastavnika povijesti","datePublished":"2024-02-21T08:14:36+00:00","dateModified":"2024-02-21T10:08:15+00:00","mainEntityOfPage":{"@id":"https:\/\/pozeskakuca.gmp.hr\/2024\/02\/21\/u-pozeskoj-kuci-odrzano-zsv-nastavnika-povijesti\/"},"wordCount":329,"publisher":{"@id":"https:\/\/pozeskakuca.gmp.hr\/#organization"},"image":{"@id":"https:\/\/pozeskakuca.gmp.hr\/2024\/02\/21\/u-pozeskoj-kuci-odrzano-zsv-nastavnika-povijesti\/#primaryimage"},"thumbnailUrl":"https:\/\/pozeskakuca.gmp.hr\/wp-content\/uploads\/2022\/10\/Pozeska-kuca-bicikl-naslovna-scaled.jpg","articleSection":["Novosti"],"inLanguage":"en-GB"},{"@type":"WebPage","@id":"https:\/\/pozeskakuca.gmp.hr\/2024\/02\/21\/u-pozeskoj-kuci-odrzano-zsv-nastavnika-povijesti\/","url":"https:\/\/pozeskakuca.gmp.hr\/2024\/02\/21\/u-pozeskoj-kuci-odrzano-zsv-nastavnika-povijesti\/","name":"U Po\u017ee\u0161koj ku\u0107i odr\u017eano \u017dSV u\u010ditelja i nastavnika povijesti - Po\u017ee\u0161ka ku\u0107a","isPartOf":{"@id":"https:\/\/pozeskakuca.gmp.hr\/#website"},"primaryImageOfPage":{"@id":"https:\/\/pozeskakuca.gmp.hr\/2024\/02\/21\/u-pozeskoj-kuci-odrzano-zsv-nastavnika-povijesti\/#primaryimage"},"image":{"@id":"https:\/\/pozeskakuca.gmp.hr\/2024\/02\/21\/u-pozeskoj-kuci-odrzano-zsv-nastavnika-povijesti\/#primaryimage"},"thumbnailUrl":"https:\/\/pozeskakuca.gmp.hr\/wp-content\/uploads\/2022\/10\/Pozeska-kuca-bicikl-naslovna-scaled.jpg","datePublished":"2024-02-21T08:14:36+00:00","dateModified":"2024-02-21T10:08:15+00:00","breadcrumb":{"@id":"https:\/\/pozeskakuca.gmp.hr\/2024\/02\/21\/u-pozeskoj-kuci-odrzano-zsv-nastavnika-povijesti\/#breadcrumb"},"inLanguage":"en-GB","potentialAction":[{"@type":"ReadAction","target":["https:\/\/pozeskakuca.gmp.hr\/2024\/02\/21\/u-pozeskoj-kuci-odrzano-zsv-nastavnika-povijesti\/"]}]},{"@type":"ImageObject","inLanguage":"en-GB","@id":"https:\/\/pozeskakuca.gmp.hr\/2024\/02\/21\/u-pozeskoj-kuci-odrzano-zsv-nastavnika-povijesti\/#primaryimage","url":"https:\/\/pozeskakuca.gmp.hr\/wp-content\/uploads\/2022\/10\/Pozeska-kuca-bicikl-naslovna-scaled.jpg","contentUrl":"https:\/\/pozeskakuca.gmp.hr\/wp-content\/uploads\/2022\/10\/Pozeska-kuca-bicikl-naslovna-scaled.jpg","width":2560,"height":1709},{"@type":"BreadcrumbList","@id":"https:\/\/pozeskakuca.gmp.hr\/2024\/02\/21\/u-pozeskoj-kuci-odrzano-zsv-nastavnika-povijesti\/#breadcrumb","itemListElement":[{"@type":"ListItem","position":1,"name":"Po\u010detna stranica","item":"https:\/\/pozeskakuca.gmp.hr\/"},{"@type":"ListItem","position":2,"name":"U Po\u017ee\u0161koj ku\u0107i odr\u017eano \u017dSV u\u010ditelja i nastavnika povijesti"}]},{"@type":"WebSite","@id":"https:\/\/pozeskakuca.gmp.hr\/#website","url":"https:\/\/pozeskakuca.gmp.hr\/","name":"Po\u017eega house","description":"","publisher":{"@id":"https:\/\/pozeskakuca.gmp.hr\/#organization"},"potentialAction":[{"@type":"SearchAction","target":{"@type":"EntryPoint","urlTemplate":"https:\/\/pozeskakuca.gmp.hr\/?s={search_term_string}"},"query-input":{"@type":"PropertyValueSpecification","valueRequired":true,"valueName":"search_term_string"}}],"inLanguage":"en-GB"},{"@type":"Organization","@id":"https:\/\/pozeskakuca.gmp.hr\/#organization","name":"Po\u017eega house","url":"https:\/\/pozeskakuca.gmp.hr\/","logo":{"@type":"ImageObject","inLanguage":"en-GB","@id":"https:\/\/pozeskakuca.gmp.hr\/#\/schema\/logo\/image\/","url":"https:\/\/pozeskakuca.gmp.hr\/wp-content\/uploads\/2022\/09\/pk-logo1.png","contentUrl":"https:\/\/pozeskakuca.gmp.hr\/wp-content\/uploads\/2022\/09\/pk-logo1.png","width":1368,"height":1153,"caption":"Po\u017ee\u0161ka ku\u0107a"},"image":{"@id":"https:\/\/pozeskakuca.gmp.hr\/#\/schema\/logo\/image\/"},"sameAs":["https:\/\/hr-hr.facebook.com\/muzej.pozega\/"]},{"@type":"Person","@id":"https:\/\/pozeskakuca.gmp.hr\/#\/schema\/person\/2538d9f50945a5db3d7ad1654a701dde","name":"admin_matej","image":{"@type":"ImageObject","inLanguage":"en-GB","@id":"https:\/\/secure.gravatar.com\/avatar\/e93a0b81ded036501fe9dc2f1d7f0f8d01a9c1c68eec48450e4fad9dbd473411?s=96&d=mm&r=g","url":"https:\/\/secure.gravatar.com\/avatar\/e93a0b81ded036501fe9dc2f1d7f0f8d01a9c1c68eec48450e4fad9dbd473411?s=96&d=mm&r=g","contentUrl":"https:\/\/secure.gravatar.com\/avatar\/e93a0b81ded036501fe9dc2f1d7f0f8d01a9c1c68eec48450e4fad9dbd473411?s=96&d=mm&r=g","caption":"admin_matej"},"sameAs":["https:\/\/pozeskakuca.gmp.hr"],"url":"https:\/\/pozeskakuca.gmp.hr\/en\/author\/admin_matej\/"}]}},"_links":{"self":[{"href":"https:\/\/pozeskakuca.gmp.hr\/en\/wp-json\/wp\/v2\/posts\/2281","targetHints":{"allow":["GET"]}}],"collection":[{"href":"https:\/\/pozeskakuca.gmp.hr\/en\/wp-json\/wp\/v2\/posts"}],"about":[{"href":"https:\/\/pozeskakuca.gmp.hr\/en\/wp-json\/wp\/v2\/types\/post"}],"author":[{"embeddable":true,"href":"https:\/\/pozeskakuca.gmp.hr\/en\/wp-json\/wp\/v2\/users\/1"}],"replies":[{"embeddable":true,"href":"https:\/\/pozeskakuca.gmp.hr\/en\/wp-json\/wp\/v2\/comments?post=2281"}],"version-history":[{"count":12,"href":"https:\/\/pozeskakuca.gmp.hr\/en\/wp-json\/wp\/v2\/posts\/2281\/revisions"}],"predecessor-version":[{"id":2302,"href":"https:\/\/pozeskakuca.gmp.hr\/en\/wp-json\/wp\/v2\/posts\/2281\/revisions\/2302"}],"wp:featuredmedia":[{"embeddable":true,"href":"https:\/\/pozeskakuca.gmp.hr\/en\/wp-json\/wp\/v2\/media\/1334"}],"wp:attachment":[{"href":"https:\/\/pozeskakuca.gmp.hr\/en\/wp-json\/wp\/v2\/media?parent=2281"}],"wp:term":[{"taxonomy":"category","embeddable":true,"href":"https:\/\/pozeskakuca.gmp.hr\/en\/wp-json\/wp\/v2\/categories?post=2281"},{"taxonomy":"post_tag","embeddable":true,"href":"https:\/\/pozeskakuca.gmp.hr\/en\/wp-json\/wp\/v2\/tags?post=2281"}],"curies":[{"name":"wp","href":"https:\/\/api.w.org\/{rel}","templated":true}]}}