{"id":2148,"date":"2023-11-28T07:55:52","date_gmt":"2023-11-28T06:55:52","guid":{"rendered":"https:\/\/pozeskakuca.hr\/?p=2148"},"modified":"2023-11-28T08:08:14","modified_gmt":"2023-11-28T07:08:14","slug":"godinu-dana-od-otvorenja-pozeska-kuca-u-brojkama","status":"publish","type":"post","link":"https:\/\/pozeskakuca.gmp.hr\/en\/2023\/11\/28\/godinu-dana-od-otvorenja-pozeska-kuca-u-brojkama\/","title":{"rendered":"Godinu dana od otvorenja &#8211; Po\u017ee\u0161ka ku\u0107a u brojkama"},"content":{"rendered":"<div data-elementor-type=\"wp-post\" data-elementor-id=\"2148\" class=\"elementor elementor-2148\">\n\t\t\t\t\t\t<section class=\"elementor-section elementor-top-section elementor-element elementor-element-fc3e061 elementor-section-boxed elementor-section-height-default elementor-section-height-default\" data-id=\"fc3e061\" data-element_type=\"section\" data-e-type=\"section\">\n\t\t\t\t\t\t<div class=\"elementor-container elementor-column-gap-default\">\n\t\t\t\t\t<div class=\"elementor-column elementor-col-100 elementor-top-column elementor-element elementor-element-9588c69\" data-id=\"9588c69\" data-element_type=\"column\" data-e-type=\"column\">\n\t\t\t<div class=\"elementor-widget-wrap elementor-element-populated\">\n\t\t\t\t\t\t<div class=\"elementor-element elementor-element-6a6ae54 elementor-widget elementor-widget-text-editor\" data-id=\"6a6ae54\" data-element_type=\"widget\" data-e-type=\"widget\" data-widget_type=\"text-editor.default\">\n\t\t\t\t<div class=\"elementor-widget-container\">\n\t\t\t\t\t\t\t\t\t<p>Centar za posjetitelje Po\u017ee\u0161ka ku\u0107a sve\u010dano je otvoren 11. studenog pro\u0161le godine. Kao odjel Gradskog muzeja Po\u017eega, Centar je idejno zami\u0161ljen kao po\u010detna to\u010dka upoznavanja s kulturnim sadr\u017eajima grada \u0161to su Po\u017ee\u017eanke i Po\u017ee\u017eani, ali i gosti Po\u017eege prepoznali. Centar je od studenog 2022. do danas posjetilo gotovo 5000 posjetitelja.<\/p>\t\t\t\t\t\t\t\t<\/div>\n\t\t\t\t<\/div>\n\t\t\t\t\t<\/div>\n\t\t<\/div>\n\t\t\t\t\t<\/div>\n\t\t<\/section>\n\t\t\t\t<section class=\"elementor-section elementor-top-section elementor-element elementor-element-1300767 elementor-section-boxed elementor-section-height-default elementor-section-height-default\" data-id=\"1300767\" data-element_type=\"section\" data-e-type=\"section\">\n\t\t\t\t\t\t<div class=\"elementor-container elementor-column-gap-default\">\n\t\t\t\t\t<div class=\"elementor-column elementor-col-100 elementor-top-column elementor-element elementor-element-2fa76a6\" data-id=\"2fa76a6\" data-element_type=\"column\" data-e-type=\"column\">\n\t\t\t<div class=\"elementor-widget-wrap elementor-element-populated\">\n\t\t\t\t\t\t<div class=\"elementor-element elementor-element-2bc1757 elementor-widget elementor-widget-text-editor\" data-id=\"2bc1757\" data-element_type=\"widget\" data-e-type=\"widget\" data-widget_type=\"text-editor.default\">\n\t\t\t\t<div class=\"elementor-widget-container\">\n\t\t\t\t\t\t\t\t\t<p>Budu\u0107i da se radi o centru \u010dija je djelatnost uslu\u017ena, najbolji pokazatelj su brojke posjeta Centru s obzirom na to da u Centar dolaze \u201ejedinstveni\u201c posjetitelji. To zna\u010di da, osim u organiziranim doga\u0111ajima u sklopu udruga ispred Grada Po\u017eege, Centar posjeti veliki broj razli\u010ditih ljudi, razli\u010ditih dobnih skupina i iz razli\u010ditih krajeva. Po\u017ee\u0161ka ku\u0107a osim uslu\u017ene djelatnosti pru\u017ea i prodajnu djelatnost, odnosno u sklopu Centra je i suvenirnica koja se odli\u010dno uklapa i zaokru\u017euje turisti\u010dku ponudu kulturnih sadr\u017eaja na jednom mjestu \u0161to su posjetitelji i sami do\u017eivjeli. Ponuda suvenira kontinuirano se osvje\u017eava i prati trendove i potrebe kupaca.<\/p>\t\t\t\t\t\t\t\t<\/div>\n\t\t\t\t<\/div>\n\t\t\t\t\t<\/div>\n\t\t<\/div>\n\t\t\t\t\t<\/div>\n\t\t<\/section>\n\t\t\t\t<section class=\"elementor-section elementor-top-section elementor-element elementor-element-b0f667d elementor-section-boxed elementor-section-height-default elementor-section-height-default\" data-id=\"b0f667d\" data-element_type=\"section\" data-e-type=\"section\">\n\t\t\t\t\t\t<div class=\"elementor-container elementor-column-gap-default\">\n\t\t\t\t\t<div class=\"elementor-column elementor-col-100 elementor-top-column elementor-element elementor-element-cf76fd7\" data-id=\"cf76fd7\" data-element_type=\"column\" data-e-type=\"column\">\n\t\t\t<div class=\"elementor-widget-wrap elementor-element-populated\">\n\t\t\t\t\t\t<div class=\"elementor-element elementor-element-c77c630 elementor-widget elementor-widget-text-editor\" data-id=\"c77c630\" data-element_type=\"widget\" data-e-type=\"widget\" data-widget_type=\"text-editor.default\">\n\t\t\t\t<div class=\"elementor-widget-container\">\n\t\t\t\t\t\t\t\t\t<p>U proteklih godinu dana, od otvorenja do danas, Centar je ubilje\u017eio brojku od pribli\u017eno <strong>5 000 posjeta<\/strong>, odnosno <strong>prosje\u010dna mjese\u010dna posje\u0107enost bila je oko 400 posjetitelja<\/strong>. 47 % posjetitelja u tom razdoblju bili su odrasli, 39 % djeca (do 18 godina) te 14 % posjetitelja su umirovljenici\/studenti\/osobe s invaliditetom. Ponajvi\u0161e se u proteklom razdoblju isti\u010du o\u017eujak i kolovoz\/rujan kao mjeseci u kojima se obilje\u017eavaju dvije najva\u017enije manifestacije za Grad Po\u017eegu, a to su Dan grada (Grgurevo) i festival Zlatne \u017eice Slavonije u kojima je Centar aktivno sudjelovao.<\/p><p><strong>Ukupno je najavljeno i ostvareno 130 grupnih posjeta<\/strong> koji su uklju\u010divali ponajprije osnovne i srednje \u0161kole, a zatim i fakultete, turisti\u010dke agencije, udruge te televizijske ku\u0107e.<\/p>\t\t\t\t\t\t\t\t<\/div>\n\t\t\t\t<\/div>\n\t\t\t\t\t<\/div>\n\t\t<\/div>\n\t\t\t\t\t<\/div>\n\t\t<\/section>\n\t\t\t\t<section class=\"elementor-section elementor-top-section elementor-element elementor-element-2b6c254 elementor-section-boxed elementor-section-height-default elementor-section-height-default\" data-id=\"2b6c254\" data-element_type=\"section\" data-e-type=\"section\">\n\t\t\t\t\t\t<div class=\"elementor-container elementor-column-gap-default\">\n\t\t\t\t\t<div class=\"elementor-column elementor-col-100 elementor-top-column elementor-element elementor-element-84da18d\" data-id=\"84da18d\" data-element_type=\"column\" data-e-type=\"column\">\n\t\t\t<div class=\"elementor-widget-wrap elementor-element-populated\">\n\t\t\t\t\t\t<div class=\"elementor-element elementor-element-1dd13db elementor-widget elementor-widget-text-editor\" data-id=\"1dd13db\" data-element_type=\"widget\" data-e-type=\"widget\" data-widget_type=\"text-editor.default\">\n\t\t\t\t<div class=\"elementor-widget-container\">\n\t\t\t\t\t\t\t\t\t<p>Od istaknutih doga\u0111aja, svakako treba naglasiti manifestaciju \u201eMuzejska no\u0107 2023.\u201c koja je uklju\u010divala besplatni obilazak Centra i upoznavanje sadr\u017eaja za gra\u0111ane, zatim organizacija literarnih susreta osnovnih \u0161kola s podru\u010dja Grada povodom obilje\u017eavanja stote obljetnice ro\u0111enja Matka Pei\u0107a. U sklopu obilje\u017eavanja Grgureva, odnosno Dana grada Po\u017eege, 12. o\u017eujka organiziran je Dan otvorenih vrata Centra gdje su se posjetitelji iz svih krajeva mogli upoznati sa sadr\u017eajem Centra. U svibnju je obilje\u017een Me\u0111unarodni dan muzeja u podrumu Po\u017ee\u0161ke ku\u0107e predavanjem u sklopu ovogodi\u0161nje teme \u201eMuzeji, odr\u017eivost, dobrobit\u201c. Centar je u sklopu organizacije festivala Zlatne \u017eice Slavonije predstavljao info\/press Centar za sve sudionike festivala, ali i posjetitelje Po\u017eege koji su u tri dana festivala imali priliku upoznati se s Centrom.<\/p><p>\u00a0<\/p><p>Centar kroz razne oblike vanjske suradnje poti\u010de vidljivost, ostvarene su suradnje sa svim kulturnim ustanovama Grada Po\u017eege, Turisti\u010dkom zajednicom Grada Po\u017eege, Po\u017ee\u0161ko-slavonske \u017eupanije, Fakultetom turizma i ruralnog razvoja, udrugama koje djeluju na podru\u010dju Grada Po\u017eege, ugostiteljskim objektima, ali i mnogim drugim \u010diniteljima turisti\u010dke ponude Po\u017eege i Po\u017ee\u0161tine.<\/p>\t\t\t\t\t\t\t\t<\/div>\n\t\t\t\t<\/div>\n\t\t\t\t\t<\/div>\n\t\t<\/div>\n\t\t\t\t\t<\/div>\n\t\t<\/section>\n\t\t\t\t<section class=\"elementor-section elementor-top-section elementor-element elementor-element-c7ada90 elementor-section-boxed elementor-section-height-default elementor-section-height-default\" data-id=\"c7ada90\" data-element_type=\"section\" data-e-type=\"section\">\n\t\t\t\t\t\t<div class=\"elementor-container elementor-column-gap-default\">\n\t\t\t\t\t<div class=\"elementor-column elementor-col-100 elementor-top-column elementor-element elementor-element-4ef8d43\" data-id=\"4ef8d43\" data-element_type=\"column\" data-e-type=\"column\">\n\t\t\t<div class=\"elementor-widget-wrap elementor-element-populated\">\n\t\t\t\t\t\t<div class=\"elementor-element elementor-element-e7997c9 elementor-widget elementor-widget-text-editor\" data-id=\"e7997c9\" data-element_type=\"widget\" data-e-type=\"widget\" data-widget_type=\"text-editor.default\">\n\t\t\t\t<div class=\"elementor-widget-container\">\n\t\t\t\t\t\t\t\t\t<p>Slijedi dovr\u0161etak radova na rekonstrukciji Gradskog muzeja Po\u017eega te \u0107e se <strong>Po\u017eega house<\/strong> kao odjel Muzeja u razdoblju koje dolazi zasigurno u\u010dvrstiti u \u0161irokoj ponudi kulturnih sadr\u017eaja za Po\u017ee\u017eane, ali i sve posjetitelje Po\u017eege i Po\u017ee\u0161tine. Budu\u0107i da Po\u017ee\u0161ka ku\u0107a predstavlja prvu to\u010dku u upoznavanju grada, u budu\u0107nosti je cilj osim privla\u010denja ve\u0107eg broja posjetitelja oplemeniti postoje\u0107e sadr\u017eaje organizacijom razli\u010ditih doga\u0111aja i manifestacija kako bi Po\u017ee\u0161ka ku\u0107a gra\u0111anima Po\u017eege, ali i gostima pru\u017eila dodatnu vrijednost.<\/p>\t\t\t\t\t\t\t\t<\/div>\n\t\t\t\t<\/div>\n\t\t\t\t\t<\/div>\n\t\t<\/div>\n\t\t\t\t\t<\/div>\n\t\t<\/section>\n\t\t\t\t<\/div>","protected":false},"excerpt":{"rendered":"<p>Centar za posjetitelje Po\u017ee\u0161ka ku\u0107a sve\u010dano je otvoren 11. studenog pro\u0161le godine. Kao odjel Gradskog muzeja Po\u017eega, Centar je idejno zami\u0161ljen kao po\u010detna to\u010dka upoznavanja s kulturnim sadr\u017eajima grada \u0161to su Po\u017ee\u017eanke i Po\u017ee\u017eani, ali i gosti Po\u017eege prepoznali. Centar je od studenog 2022. do danas posjetilo gotovo 5000 posjetitelja. Budu\u0107i da se radi o [&hellip;]<\/p>\n","protected":false},"author":1,"featured_media":1337,"comment_status":"closed","ping_status":"closed","sticky":false,"template":"","format":"standard","meta":{"ocean_post_layout":"","ocean_both_sidebars_style":"","ocean_both_sidebars_content_width":0,"ocean_both_sidebars_sidebars_width":0,"ocean_sidebar":"","ocean_second_sidebar":"","ocean_disable_margins":"enable","ocean_add_body_class":"","ocean_shortcode_before_top_bar":"","ocean_shortcode_after_top_bar":"","ocean_shortcode_before_header":"","ocean_shortcode_after_header":"","ocean_has_shortcode":"","ocean_shortcode_after_title":"","ocean_shortcode_before_footer_widgets":"","ocean_shortcode_after_footer_widgets":"","ocean_shortcode_before_footer_bottom":"","ocean_shortcode_after_footer_bottom":"","ocean_display_top_bar":"default","ocean_display_header":"default","ocean_header_style":"","ocean_center_header_left_menu":"","ocean_custom_header_template":"","ocean_custom_logo":0,"ocean_custom_retina_logo":0,"ocean_custom_logo_max_width":0,"ocean_custom_logo_tablet_max_width":0,"ocean_custom_logo_mobile_max_width":0,"ocean_custom_logo_max_height":0,"ocean_custom_logo_tablet_max_height":0,"ocean_custom_logo_mobile_max_height":0,"ocean_header_custom_menu":"","ocean_menu_typo_font_family":"","ocean_menu_typo_font_subset":"","ocean_menu_typo_font_size":0,"ocean_menu_typo_font_size_tablet":0,"ocean_menu_typo_font_size_mobile":0,"ocean_menu_typo_font_size_unit":"px","ocean_menu_typo_font_weight":"","ocean_menu_typo_font_weight_tablet":"","ocean_menu_typo_font_weight_mobile":"","ocean_menu_typo_transform":"","ocean_menu_typo_transform_tablet":"","ocean_menu_typo_transform_mobile":"","ocean_menu_typo_line_height":0,"ocean_menu_typo_line_height_tablet":0,"ocean_menu_typo_line_height_mobile":0,"ocean_menu_typo_line_height_unit":"","ocean_menu_typo_spacing":0,"ocean_menu_typo_spacing_tablet":0,"ocean_menu_typo_spacing_mobile":0,"ocean_menu_typo_spacing_unit":"","ocean_menu_link_color":"","ocean_menu_link_color_hover":"","ocean_menu_link_color_active":"","ocean_menu_link_background":"","ocean_menu_link_hover_background":"","ocean_menu_link_active_background":"","ocean_menu_social_links_bg":"","ocean_menu_social_hover_links_bg":"","ocean_menu_social_links_color":"","ocean_menu_social_hover_links_color":"","ocean_disable_title":"default","ocean_disable_heading":"default","ocean_post_title":"","ocean_post_subheading":"","ocean_post_title_style":"","ocean_post_title_background_color":"","ocean_post_title_background":0,"ocean_post_title_bg_image_position":"","ocean_post_title_bg_image_attachment":"","ocean_post_title_bg_image_repeat":"","ocean_post_title_bg_image_size":"","ocean_post_title_height":0,"ocean_post_title_bg_overlay":0.5,"ocean_post_title_bg_overlay_color":"","ocean_disable_breadcrumbs":"default","ocean_breadcrumbs_color":"","ocean_breadcrumbs_separator_color":"","ocean_breadcrumbs_links_color":"","ocean_breadcrumbs_links_hover_color":"","ocean_display_footer_widgets":"default","ocean_display_footer_bottom":"default","ocean_custom_footer_template":"","ocean_post_oembed":"","ocean_post_self_hosted_media":"","ocean_post_video_embed":"","ocean_link_format":"","ocean_link_format_target":"self","ocean_quote_format":"","ocean_quote_format_link":"post","ocean_gallery_link_images":"on","ocean_gallery_id":[],"footnotes":""},"categories":[7],"tags":[],"class_list":["post-2148","post","type-post","status-publish","format-standard","has-post-thumbnail","hentry","category-novosti","entry","has-media"],"yoast_head":"<!-- This site is optimized with the Yoast SEO plugin v27.4 - https:\/\/yoast.com\/product\/yoast-seo-wordpress\/ -->\n<title>Godinu dana od otvorenja - Po\u017ee\u0161ka ku\u0107a u brojkama - Po\u017ee\u0161ka ku\u0107a<\/title>\n<meta name=\"robots\" content=\"index, follow, max-snippet:-1, max-image-preview:large, max-video-preview:-1\" \/>\n<link rel=\"canonical\" href=\"https:\/\/pozeskakuca.gmp.hr\/en\/2023\/11\/28\/godinu-dana-od-otvorenja-pozeska-kuca-u-brojkama\/\" \/>\n<meta property=\"og:locale\" content=\"en_GB\" \/>\n<meta property=\"og:type\" content=\"article\" \/>\n<meta property=\"og:title\" content=\"Godinu dana od otvorenja - Po\u017ee\u0161ka ku\u0107a u brojkama - Po\u017ee\u0161ka ku\u0107a\" \/>\n<meta property=\"og:description\" content=\"Centar za posjetitelje Po\u017ee\u0161ka ku\u0107a sve\u010dano je otvoren 11. studenog pro\u0161le godine. Kao odjel Gradskog muzeja Po\u017eega, Centar je idejno zami\u0161ljen kao po\u010detna to\u010dka upoznavanja s kulturnim sadr\u017eajima grada \u0161to su Po\u017ee\u017eanke i Po\u017ee\u017eani, ali i gosti Po\u017eege prepoznali. Centar je od studenog 2022. do danas posjetilo gotovo 5000 posjetitelja. Budu\u0107i da se radi o [&hellip;]\" \/>\n<meta property=\"og:url\" content=\"https:\/\/pozeskakuca.gmp.hr\/en\/2023\/11\/28\/godinu-dana-od-otvorenja-pozeska-kuca-u-brojkama\/\" \/>\n<meta property=\"og:site_name\" content=\"Po\u017ee\u0161ka ku\u0107a\" \/>\n<meta property=\"article:publisher\" content=\"https:\/\/hr-hr.facebook.com\/muzej.pozega\/\" \/>\n<meta property=\"article:published_time\" content=\"2023-11-28T06:55:52+00:00\" \/>\n<meta property=\"article:modified_time\" content=\"2023-11-28T07:08:14+00:00\" \/>\n<meta property=\"og:image\" content=\"https:\/\/pozeskakuca.gmp.hr\/wp-content\/uploads\/2022\/11\/Pozeska-kuca-objekt-scaled.jpg\" \/>\n\t<meta property=\"og:image:width\" content=\"2560\" \/>\n\t<meta property=\"og:image:height\" content=\"1709\" \/>\n\t<meta property=\"og:image:type\" content=\"image\/jpeg\" \/>\n<meta name=\"author\" content=\"admin_matej\" \/>\n<meta name=\"twitter:card\" content=\"summary_large_image\" \/>\n<meta name=\"twitter:label1\" content=\"Written by\" \/>\n\t<meta name=\"twitter:data1\" content=\"admin_matej\" \/>\n\t<meta name=\"twitter:label2\" content=\"Estimated reading time\" \/>\n\t<meta name=\"twitter:data2\" content=\"3 minutes\" \/>\n<script type=\"application\/ld+json\" class=\"yoast-schema-graph\">{\"@context\":\"https:\\\/\\\/schema.org\",\"@graph\":[{\"@type\":\"Article\",\"@id\":\"https:\\\/\\\/pozeskakuca.gmp.hr\\\/2023\\\/11\\\/28\\\/godinu-dana-od-otvorenja-pozeska-kuca-u-brojkama\\\/#article\",\"isPartOf\":{\"@id\":\"https:\\\/\\\/pozeskakuca.gmp.hr\\\/2023\\\/11\\\/28\\\/godinu-dana-od-otvorenja-pozeska-kuca-u-brojkama\\\/\"},\"author\":{\"name\":\"admin_matej\",\"@id\":\"https:\\\/\\\/pozeskakuca.gmp.hr\\\/#\\\/schema\\\/person\\\/2538d9f50945a5db3d7ad1654a701dde\"},\"headline\":\"Godinu dana od otvorenja &#8211; Po\u017ee\u0161ka ku\u0107a u brojkama\",\"datePublished\":\"2023-11-28T06:55:52+00:00\",\"dateModified\":\"2023-11-28T07:08:14+00:00\",\"mainEntityOfPage\":{\"@id\":\"https:\\\/\\\/pozeskakuca.gmp.hr\\\/2023\\\/11\\\/28\\\/godinu-dana-od-otvorenja-pozeska-kuca-u-brojkama\\\/\"},\"wordCount\":609,\"publisher\":{\"@id\":\"https:\\\/\\\/pozeskakuca.gmp.hr\\\/#organization\"},\"image\":{\"@id\":\"https:\\\/\\\/pozeskakuca.gmp.hr\\\/2023\\\/11\\\/28\\\/godinu-dana-od-otvorenja-pozeska-kuca-u-brojkama\\\/#primaryimage\"},\"thumbnailUrl\":\"https:\\\/\\\/pozeskakuca.gmp.hr\\\/wp-content\\\/uploads\\\/2022\\\/11\\\/Pozeska-kuca-objekt-scaled.jpg\",\"articleSection\":[\"Novosti\"],\"inLanguage\":\"en-GB\"},{\"@type\":\"WebPage\",\"@id\":\"https:\\\/\\\/pozeskakuca.gmp.hr\\\/2023\\\/11\\\/28\\\/godinu-dana-od-otvorenja-pozeska-kuca-u-brojkama\\\/\",\"url\":\"https:\\\/\\\/pozeskakuca.gmp.hr\\\/2023\\\/11\\\/28\\\/godinu-dana-od-otvorenja-pozeska-kuca-u-brojkama\\\/\",\"name\":\"Godinu dana od otvorenja - Po\u017ee\u0161ka ku\u0107a u brojkama - Po\u017ee\u0161ka ku\u0107a\",\"isPartOf\":{\"@id\":\"https:\\\/\\\/pozeskakuca.gmp.hr\\\/#website\"},\"primaryImageOfPage\":{\"@id\":\"https:\\\/\\\/pozeskakuca.gmp.hr\\\/2023\\\/11\\\/28\\\/godinu-dana-od-otvorenja-pozeska-kuca-u-brojkama\\\/#primaryimage\"},\"image\":{\"@id\":\"https:\\\/\\\/pozeskakuca.gmp.hr\\\/2023\\\/11\\\/28\\\/godinu-dana-od-otvorenja-pozeska-kuca-u-brojkama\\\/#primaryimage\"},\"thumbnailUrl\":\"https:\\\/\\\/pozeskakuca.gmp.hr\\\/wp-content\\\/uploads\\\/2022\\\/11\\\/Pozeska-kuca-objekt-scaled.jpg\",\"datePublished\":\"2023-11-28T06:55:52+00:00\",\"dateModified\":\"2023-11-28T07:08:14+00:00\",\"breadcrumb\":{\"@id\":\"https:\\\/\\\/pozeskakuca.gmp.hr\\\/2023\\\/11\\\/28\\\/godinu-dana-od-otvorenja-pozeska-kuca-u-brojkama\\\/#breadcrumb\"},\"inLanguage\":\"en-GB\",\"potentialAction\":[{\"@type\":\"ReadAction\",\"target\":[\"https:\\\/\\\/pozeskakuca.gmp.hr\\\/2023\\\/11\\\/28\\\/godinu-dana-od-otvorenja-pozeska-kuca-u-brojkama\\\/\"]}]},{\"@type\":\"ImageObject\",\"inLanguage\":\"en-GB\",\"@id\":\"https:\\\/\\\/pozeskakuca.gmp.hr\\\/2023\\\/11\\\/28\\\/godinu-dana-od-otvorenja-pozeska-kuca-u-brojkama\\\/#primaryimage\",\"url\":\"https:\\\/\\\/pozeskakuca.gmp.hr\\\/wp-content\\\/uploads\\\/2022\\\/11\\\/Pozeska-kuca-objekt-scaled.jpg\",\"contentUrl\":\"https:\\\/\\\/pozeskakuca.gmp.hr\\\/wp-content\\\/uploads\\\/2022\\\/11\\\/Pozeska-kuca-objekt-scaled.jpg\",\"width\":2560,\"height\":1709},{\"@type\":\"BreadcrumbList\",\"@id\":\"https:\\\/\\\/pozeskakuca.gmp.hr\\\/2023\\\/11\\\/28\\\/godinu-dana-od-otvorenja-pozeska-kuca-u-brojkama\\\/#breadcrumb\",\"itemListElement\":[{\"@type\":\"ListItem\",\"position\":1,\"name\":\"Po\u010detna stranica\",\"item\":\"https:\\\/\\\/pozeskakuca.gmp.hr\\\/\"},{\"@type\":\"ListItem\",\"position\":2,\"name\":\"Godinu dana od otvorenja &#8211; Po\u017ee\u0161ka ku\u0107a u brojkama\"}]},{\"@type\":\"WebSite\",\"@id\":\"https:\\\/\\\/pozeskakuca.gmp.hr\\\/#website\",\"url\":\"https:\\\/\\\/pozeskakuca.gmp.hr\\\/\",\"name\":\"Po\u017ee\u0161ka ku\u0107a\",\"description\":\"\",\"publisher\":{\"@id\":\"https:\\\/\\\/pozeskakuca.gmp.hr\\\/#organization\"},\"potentialAction\":[{\"@type\":\"SearchAction\",\"target\":{\"@type\":\"EntryPoint\",\"urlTemplate\":\"https:\\\/\\\/pozeskakuca.gmp.hr\\\/?s={search_term_string}\"},\"query-input\":{\"@type\":\"PropertyValueSpecification\",\"valueRequired\":true,\"valueName\":\"search_term_string\"}}],\"inLanguage\":\"en-GB\"},{\"@type\":\"Organization\",\"@id\":\"https:\\\/\\\/pozeskakuca.gmp.hr\\\/#organization\",\"name\":\"Po\u017ee\u0161ka ku\u0107a\",\"url\":\"https:\\\/\\\/pozeskakuca.gmp.hr\\\/\",\"logo\":{\"@type\":\"ImageObject\",\"inLanguage\":\"en-GB\",\"@id\":\"https:\\\/\\\/pozeskakuca.gmp.hr\\\/#\\\/schema\\\/logo\\\/image\\\/\",\"url\":\"https:\\\/\\\/pozeskakuca.gmp.hr\\\/wp-content\\\/uploads\\\/2022\\\/09\\\/pk-logo1.png\",\"contentUrl\":\"https:\\\/\\\/pozeskakuca.gmp.hr\\\/wp-content\\\/uploads\\\/2022\\\/09\\\/pk-logo1.png\",\"width\":1368,\"height\":1153,\"caption\":\"Po\u017ee\u0161ka ku\u0107a\"},\"image\":{\"@id\":\"https:\\\/\\\/pozeskakuca.gmp.hr\\\/#\\\/schema\\\/logo\\\/image\\\/\"},\"sameAs\":[\"https:\\\/\\\/hr-hr.facebook.com\\\/muzej.pozega\\\/\"]},{\"@type\":\"Person\",\"@id\":\"https:\\\/\\\/pozeskakuca.gmp.hr\\\/#\\\/schema\\\/person\\\/2538d9f50945a5db3d7ad1654a701dde\",\"name\":\"admin_matej\",\"image\":{\"@type\":\"ImageObject\",\"inLanguage\":\"en-GB\",\"@id\":\"https:\\\/\\\/secure.gravatar.com\\\/avatar\\\/e93a0b81ded036501fe9dc2f1d7f0f8d01a9c1c68eec48450e4fad9dbd473411?s=96&d=mm&r=g\",\"url\":\"https:\\\/\\\/secure.gravatar.com\\\/avatar\\\/e93a0b81ded036501fe9dc2f1d7f0f8d01a9c1c68eec48450e4fad9dbd473411?s=96&d=mm&r=g\",\"contentUrl\":\"https:\\\/\\\/secure.gravatar.com\\\/avatar\\\/e93a0b81ded036501fe9dc2f1d7f0f8d01a9c1c68eec48450e4fad9dbd473411?s=96&d=mm&r=g\",\"caption\":\"admin_matej\"},\"sameAs\":[\"https:\\\/\\\/pozeskakuca.gmp.hr\"],\"url\":\"https:\\\/\\\/pozeskakuca.gmp.hr\\\/en\\\/author\\\/admin_matej\\\/\"}]}<\/script>\n<!-- \/ Yoast SEO plugin. -->","yoast_head_json":{"title":"Godinu dana od otvorenja - Po\u017ee\u0161ka ku\u0107a u brojkama - Po\u017ee\u0161ka ku\u0107a","robots":{"index":"index","follow":"follow","max-snippet":"max-snippet:-1","max-image-preview":"max-image-preview:large","max-video-preview":"max-video-preview:-1"},"canonical":"https:\/\/pozeskakuca.gmp.hr\/en\/2023\/11\/28\/godinu-dana-od-otvorenja-pozeska-kuca-u-brojkama\/","og_locale":"en_GB","og_type":"article","og_title":"Godinu dana od otvorenja - Po\u017ee\u0161ka ku\u0107a u brojkama - Po\u017ee\u0161ka ku\u0107a","og_description":"Centar za posjetitelje Po\u017ee\u0161ka ku\u0107a sve\u010dano je otvoren 11. studenog pro\u0161le godine. Kao odjel Gradskog muzeja Po\u017eega, Centar je idejno zami\u0161ljen kao po\u010detna to\u010dka upoznavanja s kulturnim sadr\u017eajima grada \u0161to su Po\u017ee\u017eanke i Po\u017ee\u017eani, ali i gosti Po\u017eege prepoznali. Centar je od studenog 2022. do danas posjetilo gotovo 5000 posjetitelja. Budu\u0107i da se radi o [&hellip;]","og_url":"https:\/\/pozeskakuca.gmp.hr\/en\/2023\/11\/28\/godinu-dana-od-otvorenja-pozeska-kuca-u-brojkama\/","og_site_name":"Po\u017ee\u0161ka ku\u0107a","article_publisher":"https:\/\/hr-hr.facebook.com\/muzej.pozega\/","article_published_time":"2023-11-28T06:55:52+00:00","article_modified_time":"2023-11-28T07:08:14+00:00","og_image":[{"width":2560,"height":1709,"url":"https:\/\/pozeskakuca.gmp.hr\/wp-content\/uploads\/2022\/11\/Pozeska-kuca-objekt-scaled.jpg","type":"image\/jpeg"}],"author":"admin_matej","twitter_card":"summary_large_image","twitter_misc":{"Written by":"admin_matej","Estimated reading time":"3 minutes"},"schema":{"@context":"https:\/\/schema.org","@graph":[{"@type":"Article","@id":"https:\/\/pozeskakuca.gmp.hr\/2023\/11\/28\/godinu-dana-od-otvorenja-pozeska-kuca-u-brojkama\/#article","isPartOf":{"@id":"https:\/\/pozeskakuca.gmp.hr\/2023\/11\/28\/godinu-dana-od-otvorenja-pozeska-kuca-u-brojkama\/"},"author":{"name":"admin_matej","@id":"https:\/\/pozeskakuca.gmp.hr\/#\/schema\/person\/2538d9f50945a5db3d7ad1654a701dde"},"headline":"Godinu dana od otvorenja &#8211; Po\u017ee\u0161ka ku\u0107a u brojkama","datePublished":"2023-11-28T06:55:52+00:00","dateModified":"2023-11-28T07:08:14+00:00","mainEntityOfPage":{"@id":"https:\/\/pozeskakuca.gmp.hr\/2023\/11\/28\/godinu-dana-od-otvorenja-pozeska-kuca-u-brojkama\/"},"wordCount":609,"publisher":{"@id":"https:\/\/pozeskakuca.gmp.hr\/#organization"},"image":{"@id":"https:\/\/pozeskakuca.gmp.hr\/2023\/11\/28\/godinu-dana-od-otvorenja-pozeska-kuca-u-brojkama\/#primaryimage"},"thumbnailUrl":"https:\/\/pozeskakuca.gmp.hr\/wp-content\/uploads\/2022\/11\/Pozeska-kuca-objekt-scaled.jpg","articleSection":["Novosti"],"inLanguage":"en-GB"},{"@type":"WebPage","@id":"https:\/\/pozeskakuca.gmp.hr\/2023\/11\/28\/godinu-dana-od-otvorenja-pozeska-kuca-u-brojkama\/","url":"https:\/\/pozeskakuca.gmp.hr\/2023\/11\/28\/godinu-dana-od-otvorenja-pozeska-kuca-u-brojkama\/","name":"Godinu dana od otvorenja - Po\u017ee\u0161ka ku\u0107a u brojkama - Po\u017ee\u0161ka ku\u0107a","isPartOf":{"@id":"https:\/\/pozeskakuca.gmp.hr\/#website"},"primaryImageOfPage":{"@id":"https:\/\/pozeskakuca.gmp.hr\/2023\/11\/28\/godinu-dana-od-otvorenja-pozeska-kuca-u-brojkama\/#primaryimage"},"image":{"@id":"https:\/\/pozeskakuca.gmp.hr\/2023\/11\/28\/godinu-dana-od-otvorenja-pozeska-kuca-u-brojkama\/#primaryimage"},"thumbnailUrl":"https:\/\/pozeskakuca.gmp.hr\/wp-content\/uploads\/2022\/11\/Pozeska-kuca-objekt-scaled.jpg","datePublished":"2023-11-28T06:55:52+00:00","dateModified":"2023-11-28T07:08:14+00:00","breadcrumb":{"@id":"https:\/\/pozeskakuca.gmp.hr\/2023\/11\/28\/godinu-dana-od-otvorenja-pozeska-kuca-u-brojkama\/#breadcrumb"},"inLanguage":"en-GB","potentialAction":[{"@type":"ReadAction","target":["https:\/\/pozeskakuca.gmp.hr\/2023\/11\/28\/godinu-dana-od-otvorenja-pozeska-kuca-u-brojkama\/"]}]},{"@type":"ImageObject","inLanguage":"en-GB","@id":"https:\/\/pozeskakuca.gmp.hr\/2023\/11\/28\/godinu-dana-od-otvorenja-pozeska-kuca-u-brojkama\/#primaryimage","url":"https:\/\/pozeskakuca.gmp.hr\/wp-content\/uploads\/2022\/11\/Pozeska-kuca-objekt-scaled.jpg","contentUrl":"https:\/\/pozeskakuca.gmp.hr\/wp-content\/uploads\/2022\/11\/Pozeska-kuca-objekt-scaled.jpg","width":2560,"height":1709},{"@type":"BreadcrumbList","@id":"https:\/\/pozeskakuca.gmp.hr\/2023\/11\/28\/godinu-dana-od-otvorenja-pozeska-kuca-u-brojkama\/#breadcrumb","itemListElement":[{"@type":"ListItem","position":1,"name":"Po\u010detna stranica","item":"https:\/\/pozeskakuca.gmp.hr\/"},{"@type":"ListItem","position":2,"name":"Godinu dana od otvorenja &#8211; Po\u017ee\u0161ka ku\u0107a u brojkama"}]},{"@type":"WebSite","@id":"https:\/\/pozeskakuca.gmp.hr\/#website","url":"https:\/\/pozeskakuca.gmp.hr\/","name":"Po\u017eega house","description":"","publisher":{"@id":"https:\/\/pozeskakuca.gmp.hr\/#organization"},"potentialAction":[{"@type":"SearchAction","target":{"@type":"EntryPoint","urlTemplate":"https:\/\/pozeskakuca.gmp.hr\/?s={search_term_string}"},"query-input":{"@type":"PropertyValueSpecification","valueRequired":true,"valueName":"search_term_string"}}],"inLanguage":"en-GB"},{"@type":"Organization","@id":"https:\/\/pozeskakuca.gmp.hr\/#organization","name":"Po\u017eega house","url":"https:\/\/pozeskakuca.gmp.hr\/","logo":{"@type":"ImageObject","inLanguage":"en-GB","@id":"https:\/\/pozeskakuca.gmp.hr\/#\/schema\/logo\/image\/","url":"https:\/\/pozeskakuca.gmp.hr\/wp-content\/uploads\/2022\/09\/pk-logo1.png","contentUrl":"https:\/\/pozeskakuca.gmp.hr\/wp-content\/uploads\/2022\/09\/pk-logo1.png","width":1368,"height":1153,"caption":"Po\u017ee\u0161ka ku\u0107a"},"image":{"@id":"https:\/\/pozeskakuca.gmp.hr\/#\/schema\/logo\/image\/"},"sameAs":["https:\/\/hr-hr.facebook.com\/muzej.pozega\/"]},{"@type":"Person","@id":"https:\/\/pozeskakuca.gmp.hr\/#\/schema\/person\/2538d9f50945a5db3d7ad1654a701dde","name":"admin_matej","image":{"@type":"ImageObject","inLanguage":"en-GB","@id":"https:\/\/secure.gravatar.com\/avatar\/e93a0b81ded036501fe9dc2f1d7f0f8d01a9c1c68eec48450e4fad9dbd473411?s=96&d=mm&r=g","url":"https:\/\/secure.gravatar.com\/avatar\/e93a0b81ded036501fe9dc2f1d7f0f8d01a9c1c68eec48450e4fad9dbd473411?s=96&d=mm&r=g","contentUrl":"https:\/\/secure.gravatar.com\/avatar\/e93a0b81ded036501fe9dc2f1d7f0f8d01a9c1c68eec48450e4fad9dbd473411?s=96&d=mm&r=g","caption":"admin_matej"},"sameAs":["https:\/\/pozeskakuca.gmp.hr"],"url":"https:\/\/pozeskakuca.gmp.hr\/en\/author\/admin_matej\/"}]}},"_links":{"self":[{"href":"https:\/\/pozeskakuca.gmp.hr\/en\/wp-json\/wp\/v2\/posts\/2148","targetHints":{"allow":["GET"]}}],"collection":[{"href":"https:\/\/pozeskakuca.gmp.hr\/en\/wp-json\/wp\/v2\/posts"}],"about":[{"href":"https:\/\/pozeskakuca.gmp.hr\/en\/wp-json\/wp\/v2\/types\/post"}],"author":[{"embeddable":true,"href":"https:\/\/pozeskakuca.gmp.hr\/en\/wp-json\/wp\/v2\/users\/1"}],"replies":[{"embeddable":true,"href":"https:\/\/pozeskakuca.gmp.hr\/en\/wp-json\/wp\/v2\/comments?post=2148"}],"version-history":[{"count":0,"href":"https:\/\/pozeskakuca.gmp.hr\/en\/wp-json\/wp\/v2\/posts\/2148\/revisions"}],"wp:featuredmedia":[{"embeddable":true,"href":"https:\/\/pozeskakuca.gmp.hr\/en\/wp-json\/wp\/v2\/media\/1337"}],"wp:attachment":[{"href":"https:\/\/pozeskakuca.gmp.hr\/en\/wp-json\/wp\/v2\/media?parent=2148"}],"wp:term":[{"taxonomy":"category","embeddable":true,"href":"https:\/\/pozeskakuca.gmp.hr\/en\/wp-json\/wp\/v2\/categories?post=2148"},{"taxonomy":"post_tag","embeddable":true,"href":"https:\/\/pozeskakuca.gmp.hr\/en\/wp-json\/wp\/v2\/tags?post=2148"}],"curies":[{"name":"wp","href":"https:\/\/api.w.org\/{rel}","templated":true}]}}