{"id":2120,"date":"2023-10-30T07:58:07","date_gmt":"2023-10-30T06:58:07","guid":{"rendered":"https:\/\/pozeskakuca.hr\/?p=2120"},"modified":"2023-10-30T08:06:21","modified_gmt":"2023-10-30T07:06:21","slug":"zbirka-mirisi-djetinjstva-predstavljena-u-pozeskoj-kuci","status":"publish","type":"post","link":"https:\/\/pozeskakuca.gmp.hr\/en\/2023\/10\/30\/zbirka-mirisi-djetinjstva-predstavljena-u-pozeskoj-kuci\/","title":{"rendered":"Zbirka &#8220;Mirisi djetinjstva&#8221; predstavljena u Po\u017ee\u0161koj ku\u0107i"},"content":{"rendered":"<div data-elementor-type=\"wp-post\" data-elementor-id=\"2120\" class=\"elementor elementor-2120\">\n\t\t\t\t\t\t<section class=\"elementor-section elementor-top-section elementor-element elementor-element-65cde48 elementor-section-boxed elementor-section-height-default elementor-section-height-default\" data-id=\"65cde48\" data-element_type=\"section\" data-e-type=\"section\">\n\t\t\t\t\t\t<div class=\"elementor-container elementor-column-gap-default\">\n\t\t\t\t\t<div class=\"elementor-column elementor-col-100 elementor-top-column elementor-element elementor-element-3628d11\" data-id=\"3628d11\" data-element_type=\"column\" data-e-type=\"column\">\n\t\t\t<div class=\"elementor-widget-wrap elementor-element-populated\">\n\t\t\t\t\t\t<div class=\"elementor-element elementor-element-c2abc15 elementor-widget elementor-widget-text-editor\" data-id=\"c2abc15\" data-element_type=\"widget\" data-e-type=\"widget\" data-widget_type=\"text-editor.default\">\n\t\t\t\t<div class=\"elementor-widget-container\">\n\t\t\t\t\t\t\t\t\t<p>U petak, 27. listopada, u 18 sati u <strong>Po\u017ee\u0161koj ku\u0107i<\/strong> odr\u017eana je promocija zbirke pjesama <strong>&#8220;Mirisi djetinjstva&#8221;<\/strong> autorice <strong>\u0110ur\u0111e Crnkovi\u0107<\/strong> u organizaciji <strong>Udruge zavi\u010dajnih pisaca i slikara Po\u017ee\u0161ko-slavonske \u017eupanije &#8220;Matko Pei\u0107&#8221;<\/strong>.<\/p>\t\t\t\t\t\t\t\t<\/div>\n\t\t\t\t<\/div>\n\t\t\t\t\t<\/div>\n\t\t<\/div>\n\t\t\t\t\t<\/div>\n\t\t<\/section>\n\t\t\t\t<section class=\"elementor-section elementor-top-section elementor-element elementor-element-05679e5 elementor-section-boxed elementor-section-height-default elementor-section-height-default\" data-id=\"05679e5\" data-element_type=\"section\" data-e-type=\"section\">\n\t\t\t\t\t\t<div class=\"elementor-container elementor-column-gap-default\">\n\t\t\t\t\t<div class=\"elementor-column elementor-col-100 elementor-top-column elementor-element elementor-element-6862911\" data-id=\"6862911\" data-element_type=\"column\" data-e-type=\"column\">\n\t\t\t<div class=\"elementor-widget-wrap elementor-element-populated\">\n\t\t\t\t\t\t<div class=\"elementor-element elementor-element-2495e0f elementor-widget elementor-widget-text-editor\" data-id=\"2495e0f\" data-element_type=\"widget\" data-e-type=\"widget\" data-widget_type=\"text-editor.default\">\n\t\t\t\t<div class=\"elementor-widget-container\">\n\t\t\t\t\t\t\t\t\t<p>U prostoru Po\u017ee\u0161ke ku\u0107e u ve\u010dernjim je satima predstavljena zbirka pjesama \u0110ur\u0111e Crnkovi\u0107 \u201eMirisi djetinjstva\u201c, \u010dlanice Udruge zavi\u010dajnih pisaca i slikara Po\u017ee\u0161ko-slavonske \u017eupanije &#8220;Matko Pei\u0107&#8221;. Obra\u0107aju\u0107i se sudionicima promocije, tajnica Udruge Melita Grgi\u0107 najavila je dru\u017eenje uz poeziju, glazbu i vino.<\/p><p>\u00a0<\/p><p>-Iz naslova zbirke mo\u017eemo otkriti da je autorica svoje stihove posvetila \u017eivotu od najranije mladosti, a to su trenuci koji nam se naj\u010de\u0161\u0107e i najdu\u017ee urezuju u memoriju. \u0110ur\u0111a je ro\u0111ena u Po\u017eegi, gdje i danas \u017eivi kao umirovljenica, a zna kazati da ni za \u0161to nije kasno pa tako ni za pisanje i slikanje &#8211; naglasila je tajnica te napomenula kako je \u0110ur\u0111a i likovno talentirana osoba.<\/p><p>\u00a0<\/p><p>O poeziji autorice i tematskoj strukturi njene prve zbirke pjesama govorio je Ivan Abibovi\u0107, umirovljeni u\u010ditelj hrvatskog jezika i povijesti i \u010dlan Udruge.-U ovoj zbirci je 78 ljubavnih, obiteljskih, zavi\u010dajnih, misaonih, duhovnih i domoljubnih pjesama, a najintimnije su ljubavne, s najdubljom osje\u0107ajno\u0161\u0107u koja se do\u017eivi osjetilima oka, sluha, mirisa i opipa- istaknuo je I. Abibovi\u0107 te je kazivao pojedine stihove iz zbirke. Napomenuo je kako knjiga sadr\u017ei, osim pjesama, i tri prozna uratka.<\/p><p>\u00a0<\/p><p>O slikarskim radovima \u0110ur\u0111e Crnkovi\u0107 osvrnula se po\u017ee\u0161ka slikarica i svestrana umjetnica Ljubica Josipovi\u0107 koja je autoricu knjige podu\u010davala slikarskom umije\u0107u. -Rado sam joj pomagala jer je htjela sve vi\u0161e i vi\u0161e u\u010diti i napredovati, a njen napredak je o\u010dit, \u0161to se vidi na slikama koje je naslikala u zadnje vrijeme. Prihva\u0107ala je sve na \u0161to sam joj ukazivala, a njeni su motivi krajolici s jezerima, rijekama, prolje\u0107e u cvatu, mrtva priroda, cvije\u0107e. \u017delim joj i dalje puno lijepih slika i pjesma &#8211; poru\u010dila je Lj. Josipovi\u0107.<\/p><p>\u00a0<\/p><p>Stihove pjesama iz zbirke \u201eMirisi djetinjstva\u201c \u010ditali su tijekom ve\u010deri \u010dlanovi Udruge Mira \u0160ulc, Dragutin Kepi\u0107, Kata Tuti\u0107, Ljubica Josipovi\u0107, Davor Zak\u0161ek, Verica Sinjakovi\u0107, Slavica \u0160peranda, Rajka Rado\u0161 i \u017deljka Rezo. Izabranim stihovima drugih pjesnika, s temama o djetinjstvu, jeseni, gro\u017e\u0111u, vinu i tamburi, pridru\u017eio im se nadahnutom izvedbom poznati vinar i ljubitelj poezije Marinko Markota iz Pleternice.<\/p><p>\u00a0<\/p><p>Naposljetku je o svojoj poeziji govorila autorica \u0110ur\u0111a Crnkovi\u0107, zahvaliv\u0161i sudionicima promocije na dolasku te svima koji su joj pomogli da zbirka ugleda svjetlo dana.<\/p><p>\u00a0<\/p><p>-Cijela moja obitelj je u tome sudjelovala, a posebno zahvaljujem izvo\u0111a\u010dima, urednicima te obitelji Toromanovi\u0107-poru\u010dila je pjesnikinja te je emotivno recitirala stihove iz nekoliko svojih pjesama, me\u0111u kojima i jednu napisanu ikavicom.<\/p><p>\u00a0<\/p><p>U glazbenom dijelu programa nastupila je mlada operna pjeva\u010dica Ema Leti\u0107 iz Po\u017eege, koja je svojim rasko\u0161nim glasom bila nagra\u0111ena dugotrajnim pljeskom nazo\u010dnih sudionika pjesni\u010dke ve\u010deri.<\/p><p>\u00a0<\/p><p>Izvor: <a href=\"https:\/\/pozega.eu\/predstavljena-zbirka-pjesama-durde-crnkovic-mirisi-djetinjstva-foto--833\" target=\"_blank\" rel=\"noopener\">pozega.eu<\/a> \/ Ivica Tomi\u0107<\/p><p>Vi\u0161e fotografija na <a href=\"https:\/\/www.facebook.com\/UdrugaMatkoPeic\/posts\/pfbid03SnKRV2yVRqnp9K5k2rrH84wf2UCjpYYn5ZvJ64TQ7bA1CHMMVxy1548Y9knjyZWl\" target=\"_blank\" rel=\"noopener\">link.<\/a>.<\/p><p>\u00a0<\/p>\t\t\t\t\t\t\t\t<\/div>\n\t\t\t\t<\/div>\n\t\t\t\t<div class=\"elementor-element elementor-element-468203f gallery-spacing-custom elementor-widget elementor-widget-image-gallery\" data-id=\"468203f\" data-element_type=\"widget\" data-e-type=\"widget\" data-widget_type=\"image-gallery.default\">\n\t\t\t\t<div class=\"elementor-widget-container\">\n\t\t\t\t\t\t\t<div class=\"elementor-image-gallery\">\n\t\t\t<div id='gallery-1' class='gallery galleryid-2120 gallery-columns-2 gallery-size-ocean-thumb-m'><figure class='gallery-item'>\n\t\t\t<div class='gallery-icon landscape'>\n\t\t\t\t<a data-elementor-open-lightbox=\"no\" href='https:\/\/pozeskakuca.gmp.hr\/wp-content\/uploads\/2023\/10\/UMPeic-predstavljanje-knjige-4.jpg'><img fetchpriority=\"high\" decoding=\"async\" width=\"600\" height=\"376\" src=\"https:\/\/pozeskakuca.gmp.hr\/wp-content\/uploads\/2023\/10\/UMPeic-predstavljanje-knjige-4-600x376.jpg\" class=\"attachment-ocean-thumb-m size-ocean-thumb-m\" alt=\"\" srcset=\"https:\/\/pozeskakuca.gmp.hr\/wp-content\/uploads\/2023\/10\/UMPeic-predstavljanje-knjige-4-600x376.jpg 600w, https:\/\/pozeskakuca.gmp.hr\/wp-content\/uploads\/2023\/10\/UMPeic-predstavljanje-knjige-4-18x10.jpg 18w\" sizes=\"(max-width: 600px) 100vw, 600px\" \/><\/a>\n\t\t\t<\/div><\/figure><figure class='gallery-item'>\n\t\t\t<div class='gallery-icon landscape'>\n\t\t\t\t<a data-elementor-open-lightbox=\"no\" href='https:\/\/pozeskakuca.gmp.hr\/wp-content\/uploads\/2023\/10\/UMPeic-predstavljanje-knjige-2.jpg'><img decoding=\"async\" width=\"600\" height=\"380\" src=\"https:\/\/pozeskakuca.gmp.hr\/wp-content\/uploads\/2023\/10\/UMPeic-predstavljanje-knjige-2-600x380.jpg\" class=\"attachment-ocean-thumb-m size-ocean-thumb-m\" alt=\"\" srcset=\"https:\/\/pozeskakuca.gmp.hr\/wp-content\/uploads\/2023\/10\/UMPeic-predstavljanje-knjige-2-600x380.jpg 600w, https:\/\/pozeskakuca.gmp.hr\/wp-content\/uploads\/2023\/10\/UMPeic-predstavljanje-knjige-2-18x10.jpg 18w\" sizes=\"(max-width: 600px) 100vw, 600px\" \/><\/a>\n\t\t\t<\/div><\/figure>\n\t\t<\/div>\n\t\t<\/div>\n\t\t\t\t\t\t<\/div>\n\t\t\t\t<\/div>\n\t\t\t\t\t<\/div>\n\t\t<\/div>\n\t\t\t\t\t<\/div>\n\t\t<\/section>\n\t\t\t\t<\/div>","protected":false},"excerpt":{"rendered":"<p>U petak, 27. listopada, u 18 sati u Po\u017ee\u0161koj ku\u0107i odr\u017eana je promocija zbirke pjesama &#8220;Mirisi djetinjstva&#8221; autorice \u0110ur\u0111e Crnkovi\u0107 u organizaciji Udruge zavi\u010dajnih pisaca i slikara Po\u017ee\u0161ko-slavonske \u017eupanije &#8220;Matko Pei\u0107&#8221;. U prostoru Po\u017ee\u0161ke ku\u0107e u ve\u010dernjim je satima predstavljena zbirka pjesama \u0110ur\u0111e Crnkovi\u0107 \u201eMirisi djetinjstva\u201c, \u010dlanice Udruge zavi\u010dajnih pisaca i slikara Po\u017ee\u0161ko-slavonske \u017eupanije &#8220;Matko [&hellip;]<\/p>\n","protected":false},"author":1,"featured_media":1336,"comment_status":"closed","ping_status":"closed","sticky":false,"template":"","format":"standard","meta":{"ocean_post_layout":"","ocean_both_sidebars_style":"","ocean_both_sidebars_content_width":0,"ocean_both_sidebars_sidebars_width":0,"ocean_sidebar":"","ocean_second_sidebar":"","ocean_disable_margins":"enable","ocean_add_body_class":"","ocean_shortcode_before_top_bar":"","ocean_shortcode_after_top_bar":"","ocean_shortcode_before_header":"","ocean_shortcode_after_header":"","ocean_has_shortcode":"","ocean_shortcode_after_title":"","ocean_shortcode_before_footer_widgets":"","ocean_shortcode_after_footer_widgets":"","ocean_shortcode_before_footer_bottom":"","ocean_shortcode_after_footer_bottom":"","ocean_display_top_bar":"default","ocean_display_header":"default","ocean_header_style":"","ocean_center_header_left_menu":"","ocean_custom_header_template":"","ocean_custom_logo":0,"ocean_custom_retina_logo":0,"ocean_custom_logo_max_width":0,"ocean_custom_logo_tablet_max_width":0,"ocean_custom_logo_mobile_max_width":0,"ocean_custom_logo_max_height":0,"ocean_custom_logo_tablet_max_height":0,"ocean_custom_logo_mobile_max_height":0,"ocean_header_custom_menu":"","ocean_menu_typo_font_family":"","ocean_menu_typo_font_subset":"","ocean_menu_typo_font_size":0,"ocean_menu_typo_font_size_tablet":0,"ocean_menu_typo_font_size_mobile":0,"ocean_menu_typo_font_size_unit":"px","ocean_menu_typo_font_weight":"","ocean_menu_typo_font_weight_tablet":"","ocean_menu_typo_font_weight_mobile":"","ocean_menu_typo_transform":"","ocean_menu_typo_transform_tablet":"","ocean_menu_typo_transform_mobile":"","ocean_menu_typo_line_height":0,"ocean_menu_typo_line_height_tablet":0,"ocean_menu_typo_line_height_mobile":0,"ocean_menu_typo_line_height_unit":"","ocean_menu_typo_spacing":0,"ocean_menu_typo_spacing_tablet":0,"ocean_menu_typo_spacing_mobile":0,"ocean_menu_typo_spacing_unit":"","ocean_menu_link_color":"","ocean_menu_link_color_hover":"","ocean_menu_link_color_active":"","ocean_menu_link_background":"","ocean_menu_link_hover_background":"","ocean_menu_link_active_background":"","ocean_menu_social_links_bg":"","ocean_menu_social_hover_links_bg":"","ocean_menu_social_links_color":"","ocean_menu_social_hover_links_color":"","ocean_disable_title":"default","ocean_disable_heading":"default","ocean_post_title":"","ocean_post_subheading":"","ocean_post_title_style":"","ocean_post_title_background_color":"","ocean_post_title_background":0,"ocean_post_title_bg_image_position":"","ocean_post_title_bg_image_attachment":"","ocean_post_title_bg_image_repeat":"","ocean_post_title_bg_image_size":"","ocean_post_title_height":0,"ocean_post_title_bg_overlay":0.5,"ocean_post_title_bg_overlay_color":"","ocean_disable_breadcrumbs":"default","ocean_breadcrumbs_color":"","ocean_breadcrumbs_separator_color":"","ocean_breadcrumbs_links_color":"","ocean_breadcrumbs_links_hover_color":"","ocean_display_footer_widgets":"default","ocean_display_footer_bottom":"default","ocean_custom_footer_template":"","ocean_post_oembed":"","ocean_post_self_hosted_media":"","ocean_post_video_embed":"","ocean_link_format":"","ocean_link_format_target":"self","ocean_quote_format":"","ocean_quote_format_link":"post","ocean_gallery_link_images":"on","ocean_gallery_id":[],"footnotes":""},"categories":[7],"tags":[],"class_list":["post-2120","post","type-post","status-publish","format-standard","has-post-thumbnail","hentry","category-novosti","entry","has-media"],"yoast_head":"<!-- This site is optimized with the Yoast SEO plugin v27.4 - https:\/\/yoast.com\/product\/yoast-seo-wordpress\/ -->\n<title>Zbirka &quot;Mirisi djetinjstva&quot; predstavljena u Po\u017ee\u0161koj ku\u0107i - Po\u017ee\u0161ka ku\u0107a<\/title>\n<meta name=\"robots\" content=\"index, follow, max-snippet:-1, max-image-preview:large, max-video-preview:-1\" \/>\n<link rel=\"canonical\" href=\"https:\/\/pozeskakuca.gmp.hr\/en\/2023\/10\/30\/zbirka-mirisi-djetinjstva-predstavljena-u-pozeskoj-kuci\/\" \/>\n<meta property=\"og:locale\" content=\"en_GB\" \/>\n<meta property=\"og:type\" content=\"article\" \/>\n<meta property=\"og:title\" content=\"Zbirka &quot;Mirisi djetinjstva&quot; predstavljena u Po\u017ee\u0161koj ku\u0107i - Po\u017ee\u0161ka ku\u0107a\" \/>\n<meta property=\"og:description\" content=\"U petak, 27. listopada, u 18 sati u Po\u017ee\u0161koj ku\u0107i odr\u017eana je promocija zbirke pjesama &#8220;Mirisi djetinjstva&#8221; autorice \u0110ur\u0111e Crnkovi\u0107 u organizaciji Udruge zavi\u010dajnih pisaca i slikara Po\u017ee\u0161ko-slavonske \u017eupanije &#8220;Matko Pei\u0107&#8221;. U prostoru Po\u017ee\u0161ke ku\u0107e u ve\u010dernjim je satima predstavljena zbirka pjesama \u0110ur\u0111e Crnkovi\u0107 \u201eMirisi djetinjstva\u201c, \u010dlanice Udruge zavi\u010dajnih pisaca i slikara Po\u017ee\u0161ko-slavonske \u017eupanije &#8220;Matko [&hellip;]\" \/>\n<meta property=\"og:url\" content=\"https:\/\/pozeskakuca.gmp.hr\/en\/2023\/10\/30\/zbirka-mirisi-djetinjstva-predstavljena-u-pozeskoj-kuci\/\" \/>\n<meta property=\"og:site_name\" content=\"Po\u017ee\u0161ka ku\u0107a\" \/>\n<meta property=\"article:publisher\" content=\"https:\/\/hr-hr.facebook.com\/muzej.pozega\/\" \/>\n<meta property=\"article:published_time\" content=\"2023-10-30T06:58:07+00:00\" \/>\n<meta property=\"article:modified_time\" content=\"2023-10-30T07:06:21+00:00\" \/>\n<meta property=\"og:image\" content=\"https:\/\/pozeskakuca.gmp.hr\/wp-content\/uploads\/2022\/11\/Pozeska-kuca-cep-i-cokolada-naslovna-scaled.jpg\" \/>\n\t<meta property=\"og:image:width\" content=\"2560\" \/>\n\t<meta property=\"og:image:height\" content=\"1709\" \/>\n\t<meta property=\"og:image:type\" content=\"image\/jpeg\" \/>\n<meta name=\"author\" content=\"admin_matej\" \/>\n<meta name=\"twitter:card\" content=\"summary_large_image\" \/>\n<meta name=\"twitter:label1\" content=\"Written by\" \/>\n\t<meta name=\"twitter:data1\" content=\"admin_matej\" \/>\n\t<meta name=\"twitter:label2\" content=\"Estimated reading time\" \/>\n\t<meta name=\"twitter:data2\" content=\"3 minutes\" \/>\n<script type=\"application\/ld+json\" class=\"yoast-schema-graph\">{\"@context\":\"https:\\\/\\\/schema.org\",\"@graph\":[{\"@type\":\"Article\",\"@id\":\"https:\\\/\\\/pozeskakuca.gmp.hr\\\/2023\\\/10\\\/30\\\/zbirka-mirisi-djetinjstva-predstavljena-u-pozeskoj-kuci\\\/#article\",\"isPartOf\":{\"@id\":\"https:\\\/\\\/pozeskakuca.gmp.hr\\\/2023\\\/10\\\/30\\\/zbirka-mirisi-djetinjstva-predstavljena-u-pozeskoj-kuci\\\/\"},\"author\":{\"name\":\"admin_matej\",\"@id\":\"https:\\\/\\\/pozeskakuca.gmp.hr\\\/#\\\/schema\\\/person\\\/2538d9f50945a5db3d7ad1654a701dde\"},\"headline\":\"Zbirka &#8220;Mirisi djetinjstva&#8221; predstavljena u Po\u017ee\u0161koj ku\u0107i\",\"datePublished\":\"2023-10-30T06:58:07+00:00\",\"dateModified\":\"2023-10-30T07:06:21+00:00\",\"mainEntityOfPage\":{\"@id\":\"https:\\\/\\\/pozeskakuca.gmp.hr\\\/2023\\\/10\\\/30\\\/zbirka-mirisi-djetinjstva-predstavljena-u-pozeskoj-kuci\\\/\"},\"wordCount\":523,\"publisher\":{\"@id\":\"https:\\\/\\\/pozeskakuca.gmp.hr\\\/#organization\"},\"image\":{\"@id\":\"https:\\\/\\\/pozeskakuca.gmp.hr\\\/2023\\\/10\\\/30\\\/zbirka-mirisi-djetinjstva-predstavljena-u-pozeskoj-kuci\\\/#primaryimage\"},\"thumbnailUrl\":\"https:\\\/\\\/pozeskakuca.gmp.hr\\\/wp-content\\\/uploads\\\/2022\\\/11\\\/Pozeska-kuca-cep-i-cokolada-naslovna-scaled.jpg\",\"articleSection\":[\"Novosti\"],\"inLanguage\":\"en-GB\"},{\"@type\":\"WebPage\",\"@id\":\"https:\\\/\\\/pozeskakuca.gmp.hr\\\/2023\\\/10\\\/30\\\/zbirka-mirisi-djetinjstva-predstavljena-u-pozeskoj-kuci\\\/\",\"url\":\"https:\\\/\\\/pozeskakuca.gmp.hr\\\/2023\\\/10\\\/30\\\/zbirka-mirisi-djetinjstva-predstavljena-u-pozeskoj-kuci\\\/\",\"name\":\"Zbirka \\\"Mirisi djetinjstva\\\" predstavljena u Po\u017ee\u0161koj ku\u0107i - Po\u017ee\u0161ka ku\u0107a\",\"isPartOf\":{\"@id\":\"https:\\\/\\\/pozeskakuca.gmp.hr\\\/#website\"},\"primaryImageOfPage\":{\"@id\":\"https:\\\/\\\/pozeskakuca.gmp.hr\\\/2023\\\/10\\\/30\\\/zbirka-mirisi-djetinjstva-predstavljena-u-pozeskoj-kuci\\\/#primaryimage\"},\"image\":{\"@id\":\"https:\\\/\\\/pozeskakuca.gmp.hr\\\/2023\\\/10\\\/30\\\/zbirka-mirisi-djetinjstva-predstavljena-u-pozeskoj-kuci\\\/#primaryimage\"},\"thumbnailUrl\":\"https:\\\/\\\/pozeskakuca.gmp.hr\\\/wp-content\\\/uploads\\\/2022\\\/11\\\/Pozeska-kuca-cep-i-cokolada-naslovna-scaled.jpg\",\"datePublished\":\"2023-10-30T06:58:07+00:00\",\"dateModified\":\"2023-10-30T07:06:21+00:00\",\"breadcrumb\":{\"@id\":\"https:\\\/\\\/pozeskakuca.gmp.hr\\\/2023\\\/10\\\/30\\\/zbirka-mirisi-djetinjstva-predstavljena-u-pozeskoj-kuci\\\/#breadcrumb\"},\"inLanguage\":\"en-GB\",\"potentialAction\":[{\"@type\":\"ReadAction\",\"target\":[\"https:\\\/\\\/pozeskakuca.gmp.hr\\\/2023\\\/10\\\/30\\\/zbirka-mirisi-djetinjstva-predstavljena-u-pozeskoj-kuci\\\/\"]}]},{\"@type\":\"ImageObject\",\"inLanguage\":\"en-GB\",\"@id\":\"https:\\\/\\\/pozeskakuca.gmp.hr\\\/2023\\\/10\\\/30\\\/zbirka-mirisi-djetinjstva-predstavljena-u-pozeskoj-kuci\\\/#primaryimage\",\"url\":\"https:\\\/\\\/pozeskakuca.gmp.hr\\\/wp-content\\\/uploads\\\/2022\\\/11\\\/Pozeska-kuca-cep-i-cokolada-naslovna-scaled.jpg\",\"contentUrl\":\"https:\\\/\\\/pozeskakuca.gmp.hr\\\/wp-content\\\/uploads\\\/2022\\\/11\\\/Pozeska-kuca-cep-i-cokolada-naslovna-scaled.jpg\",\"width\":2560,\"height\":1709},{\"@type\":\"BreadcrumbList\",\"@id\":\"https:\\\/\\\/pozeskakuca.gmp.hr\\\/2023\\\/10\\\/30\\\/zbirka-mirisi-djetinjstva-predstavljena-u-pozeskoj-kuci\\\/#breadcrumb\",\"itemListElement\":[{\"@type\":\"ListItem\",\"position\":1,\"name\":\"Po\u010detna stranica\",\"item\":\"https:\\\/\\\/pozeskakuca.gmp.hr\\\/\"},{\"@type\":\"ListItem\",\"position\":2,\"name\":\"Zbirka &#8220;Mirisi djetinjstva&#8221; predstavljena u Po\u017ee\u0161koj ku\u0107i\"}]},{\"@type\":\"WebSite\",\"@id\":\"https:\\\/\\\/pozeskakuca.gmp.hr\\\/#website\",\"url\":\"https:\\\/\\\/pozeskakuca.gmp.hr\\\/\",\"name\":\"Po\u017ee\u0161ka ku\u0107a\",\"description\":\"\",\"publisher\":{\"@id\":\"https:\\\/\\\/pozeskakuca.gmp.hr\\\/#organization\"},\"potentialAction\":[{\"@type\":\"SearchAction\",\"target\":{\"@type\":\"EntryPoint\",\"urlTemplate\":\"https:\\\/\\\/pozeskakuca.gmp.hr\\\/?s={search_term_string}\"},\"query-input\":{\"@type\":\"PropertyValueSpecification\",\"valueRequired\":true,\"valueName\":\"search_term_string\"}}],\"inLanguage\":\"en-GB\"},{\"@type\":\"Organization\",\"@id\":\"https:\\\/\\\/pozeskakuca.gmp.hr\\\/#organization\",\"name\":\"Po\u017ee\u0161ka ku\u0107a\",\"url\":\"https:\\\/\\\/pozeskakuca.gmp.hr\\\/\",\"logo\":{\"@type\":\"ImageObject\",\"inLanguage\":\"en-GB\",\"@id\":\"https:\\\/\\\/pozeskakuca.gmp.hr\\\/#\\\/schema\\\/logo\\\/image\\\/\",\"url\":\"https:\\\/\\\/pozeskakuca.gmp.hr\\\/wp-content\\\/uploads\\\/2022\\\/09\\\/pk-logo1.png\",\"contentUrl\":\"https:\\\/\\\/pozeskakuca.gmp.hr\\\/wp-content\\\/uploads\\\/2022\\\/09\\\/pk-logo1.png\",\"width\":1368,\"height\":1153,\"caption\":\"Po\u017ee\u0161ka ku\u0107a\"},\"image\":{\"@id\":\"https:\\\/\\\/pozeskakuca.gmp.hr\\\/#\\\/schema\\\/logo\\\/image\\\/\"},\"sameAs\":[\"https:\\\/\\\/hr-hr.facebook.com\\\/muzej.pozega\\\/\"]},{\"@type\":\"Person\",\"@id\":\"https:\\\/\\\/pozeskakuca.gmp.hr\\\/#\\\/schema\\\/person\\\/2538d9f50945a5db3d7ad1654a701dde\",\"name\":\"admin_matej\",\"image\":{\"@type\":\"ImageObject\",\"inLanguage\":\"en-GB\",\"@id\":\"https:\\\/\\\/secure.gravatar.com\\\/avatar\\\/e93a0b81ded036501fe9dc2f1d7f0f8d01a9c1c68eec48450e4fad9dbd473411?s=96&d=mm&r=g\",\"url\":\"https:\\\/\\\/secure.gravatar.com\\\/avatar\\\/e93a0b81ded036501fe9dc2f1d7f0f8d01a9c1c68eec48450e4fad9dbd473411?s=96&d=mm&r=g\",\"contentUrl\":\"https:\\\/\\\/secure.gravatar.com\\\/avatar\\\/e93a0b81ded036501fe9dc2f1d7f0f8d01a9c1c68eec48450e4fad9dbd473411?s=96&d=mm&r=g\",\"caption\":\"admin_matej\"},\"sameAs\":[\"https:\\\/\\\/pozeskakuca.gmp.hr\"],\"url\":\"https:\\\/\\\/pozeskakuca.gmp.hr\\\/en\\\/author\\\/admin_matej\\\/\"}]}<\/script>\n<!-- \/ Yoast SEO plugin. -->","yoast_head_json":{"title":"Zbirka \"Mirisi djetinjstva\" predstavljena u Po\u017ee\u0161koj ku\u0107i - Po\u017ee\u0161ka ku\u0107a","robots":{"index":"index","follow":"follow","max-snippet":"max-snippet:-1","max-image-preview":"max-image-preview:large","max-video-preview":"max-video-preview:-1"},"canonical":"https:\/\/pozeskakuca.gmp.hr\/en\/2023\/10\/30\/zbirka-mirisi-djetinjstva-predstavljena-u-pozeskoj-kuci\/","og_locale":"en_GB","og_type":"article","og_title":"Zbirka \"Mirisi djetinjstva\" predstavljena u Po\u017ee\u0161koj ku\u0107i - Po\u017ee\u0161ka ku\u0107a","og_description":"U petak, 27. listopada, u 18 sati u Po\u017ee\u0161koj ku\u0107i odr\u017eana je promocija zbirke pjesama &#8220;Mirisi djetinjstva&#8221; autorice \u0110ur\u0111e Crnkovi\u0107 u organizaciji Udruge zavi\u010dajnih pisaca i slikara Po\u017ee\u0161ko-slavonske \u017eupanije &#8220;Matko Pei\u0107&#8221;. U prostoru Po\u017ee\u0161ke ku\u0107e u ve\u010dernjim je satima predstavljena zbirka pjesama \u0110ur\u0111e Crnkovi\u0107 \u201eMirisi djetinjstva\u201c, \u010dlanice Udruge zavi\u010dajnih pisaca i slikara Po\u017ee\u0161ko-slavonske \u017eupanije &#8220;Matko [&hellip;]","og_url":"https:\/\/pozeskakuca.gmp.hr\/en\/2023\/10\/30\/zbirka-mirisi-djetinjstva-predstavljena-u-pozeskoj-kuci\/","og_site_name":"Po\u017ee\u0161ka ku\u0107a","article_publisher":"https:\/\/hr-hr.facebook.com\/muzej.pozega\/","article_published_time":"2023-10-30T06:58:07+00:00","article_modified_time":"2023-10-30T07:06:21+00:00","og_image":[{"width":2560,"height":1709,"url":"https:\/\/pozeskakuca.gmp.hr\/wp-content\/uploads\/2022\/11\/Pozeska-kuca-cep-i-cokolada-naslovna-scaled.jpg","type":"image\/jpeg"}],"author":"admin_matej","twitter_card":"summary_large_image","twitter_misc":{"Written by":"admin_matej","Estimated reading time":"3 minutes"},"schema":{"@context":"https:\/\/schema.org","@graph":[{"@type":"Article","@id":"https:\/\/pozeskakuca.gmp.hr\/2023\/10\/30\/zbirka-mirisi-djetinjstva-predstavljena-u-pozeskoj-kuci\/#article","isPartOf":{"@id":"https:\/\/pozeskakuca.gmp.hr\/2023\/10\/30\/zbirka-mirisi-djetinjstva-predstavljena-u-pozeskoj-kuci\/"},"author":{"name":"admin_matej","@id":"https:\/\/pozeskakuca.gmp.hr\/#\/schema\/person\/2538d9f50945a5db3d7ad1654a701dde"},"headline":"Zbirka &#8220;Mirisi djetinjstva&#8221; predstavljena u Po\u017ee\u0161koj ku\u0107i","datePublished":"2023-10-30T06:58:07+00:00","dateModified":"2023-10-30T07:06:21+00:00","mainEntityOfPage":{"@id":"https:\/\/pozeskakuca.gmp.hr\/2023\/10\/30\/zbirka-mirisi-djetinjstva-predstavljena-u-pozeskoj-kuci\/"},"wordCount":523,"publisher":{"@id":"https:\/\/pozeskakuca.gmp.hr\/#organization"},"image":{"@id":"https:\/\/pozeskakuca.gmp.hr\/2023\/10\/30\/zbirka-mirisi-djetinjstva-predstavljena-u-pozeskoj-kuci\/#primaryimage"},"thumbnailUrl":"https:\/\/pozeskakuca.gmp.hr\/wp-content\/uploads\/2022\/11\/Pozeska-kuca-cep-i-cokolada-naslovna-scaled.jpg","articleSection":["Novosti"],"inLanguage":"en-GB"},{"@type":"WebPage","@id":"https:\/\/pozeskakuca.gmp.hr\/2023\/10\/30\/zbirka-mirisi-djetinjstva-predstavljena-u-pozeskoj-kuci\/","url":"https:\/\/pozeskakuca.gmp.hr\/2023\/10\/30\/zbirka-mirisi-djetinjstva-predstavljena-u-pozeskoj-kuci\/","name":"Zbirka \"Mirisi djetinjstva\" predstavljena u Po\u017ee\u0161koj ku\u0107i - Po\u017ee\u0161ka ku\u0107a","isPartOf":{"@id":"https:\/\/pozeskakuca.gmp.hr\/#website"},"primaryImageOfPage":{"@id":"https:\/\/pozeskakuca.gmp.hr\/2023\/10\/30\/zbirka-mirisi-djetinjstva-predstavljena-u-pozeskoj-kuci\/#primaryimage"},"image":{"@id":"https:\/\/pozeskakuca.gmp.hr\/2023\/10\/30\/zbirka-mirisi-djetinjstva-predstavljena-u-pozeskoj-kuci\/#primaryimage"},"thumbnailUrl":"https:\/\/pozeskakuca.gmp.hr\/wp-content\/uploads\/2022\/11\/Pozeska-kuca-cep-i-cokolada-naslovna-scaled.jpg","datePublished":"2023-10-30T06:58:07+00:00","dateModified":"2023-10-30T07:06:21+00:00","breadcrumb":{"@id":"https:\/\/pozeskakuca.gmp.hr\/2023\/10\/30\/zbirka-mirisi-djetinjstva-predstavljena-u-pozeskoj-kuci\/#breadcrumb"},"inLanguage":"en-GB","potentialAction":[{"@type":"ReadAction","target":["https:\/\/pozeskakuca.gmp.hr\/2023\/10\/30\/zbirka-mirisi-djetinjstva-predstavljena-u-pozeskoj-kuci\/"]}]},{"@type":"ImageObject","inLanguage":"en-GB","@id":"https:\/\/pozeskakuca.gmp.hr\/2023\/10\/30\/zbirka-mirisi-djetinjstva-predstavljena-u-pozeskoj-kuci\/#primaryimage","url":"https:\/\/pozeskakuca.gmp.hr\/wp-content\/uploads\/2022\/11\/Pozeska-kuca-cep-i-cokolada-naslovna-scaled.jpg","contentUrl":"https:\/\/pozeskakuca.gmp.hr\/wp-content\/uploads\/2022\/11\/Pozeska-kuca-cep-i-cokolada-naslovna-scaled.jpg","width":2560,"height":1709},{"@type":"BreadcrumbList","@id":"https:\/\/pozeskakuca.gmp.hr\/2023\/10\/30\/zbirka-mirisi-djetinjstva-predstavljena-u-pozeskoj-kuci\/#breadcrumb","itemListElement":[{"@type":"ListItem","position":1,"name":"Po\u010detna stranica","item":"https:\/\/pozeskakuca.gmp.hr\/"},{"@type":"ListItem","position":2,"name":"Zbirka &#8220;Mirisi djetinjstva&#8221; predstavljena u Po\u017ee\u0161koj ku\u0107i"}]},{"@type":"WebSite","@id":"https:\/\/pozeskakuca.gmp.hr\/#website","url":"https:\/\/pozeskakuca.gmp.hr\/","name":"Po\u017eega house","description":"","publisher":{"@id":"https:\/\/pozeskakuca.gmp.hr\/#organization"},"potentialAction":[{"@type":"SearchAction","target":{"@type":"EntryPoint","urlTemplate":"https:\/\/pozeskakuca.gmp.hr\/?s={search_term_string}"},"query-input":{"@type":"PropertyValueSpecification","valueRequired":true,"valueName":"search_term_string"}}],"inLanguage":"en-GB"},{"@type":"Organization","@id":"https:\/\/pozeskakuca.gmp.hr\/#organization","name":"Po\u017eega house","url":"https:\/\/pozeskakuca.gmp.hr\/","logo":{"@type":"ImageObject","inLanguage":"en-GB","@id":"https:\/\/pozeskakuca.gmp.hr\/#\/schema\/logo\/image\/","url":"https:\/\/pozeskakuca.gmp.hr\/wp-content\/uploads\/2022\/09\/pk-logo1.png","contentUrl":"https:\/\/pozeskakuca.gmp.hr\/wp-content\/uploads\/2022\/09\/pk-logo1.png","width":1368,"height":1153,"caption":"Po\u017ee\u0161ka ku\u0107a"},"image":{"@id":"https:\/\/pozeskakuca.gmp.hr\/#\/schema\/logo\/image\/"},"sameAs":["https:\/\/hr-hr.facebook.com\/muzej.pozega\/"]},{"@type":"Person","@id":"https:\/\/pozeskakuca.gmp.hr\/#\/schema\/person\/2538d9f50945a5db3d7ad1654a701dde","name":"admin_matej","image":{"@type":"ImageObject","inLanguage":"en-GB","@id":"https:\/\/secure.gravatar.com\/avatar\/e93a0b81ded036501fe9dc2f1d7f0f8d01a9c1c68eec48450e4fad9dbd473411?s=96&d=mm&r=g","url":"https:\/\/secure.gravatar.com\/avatar\/e93a0b81ded036501fe9dc2f1d7f0f8d01a9c1c68eec48450e4fad9dbd473411?s=96&d=mm&r=g","contentUrl":"https:\/\/secure.gravatar.com\/avatar\/e93a0b81ded036501fe9dc2f1d7f0f8d01a9c1c68eec48450e4fad9dbd473411?s=96&d=mm&r=g","caption":"admin_matej"},"sameAs":["https:\/\/pozeskakuca.gmp.hr"],"url":"https:\/\/pozeskakuca.gmp.hr\/en\/author\/admin_matej\/"}]}},"_links":{"self":[{"href":"https:\/\/pozeskakuca.gmp.hr\/en\/wp-json\/wp\/v2\/posts\/2120","targetHints":{"allow":["GET"]}}],"collection":[{"href":"https:\/\/pozeskakuca.gmp.hr\/en\/wp-json\/wp\/v2\/posts"}],"about":[{"href":"https:\/\/pozeskakuca.gmp.hr\/en\/wp-json\/wp\/v2\/types\/post"}],"author":[{"embeddable":true,"href":"https:\/\/pozeskakuca.gmp.hr\/en\/wp-json\/wp\/v2\/users\/1"}],"replies":[{"embeddable":true,"href":"https:\/\/pozeskakuca.gmp.hr\/en\/wp-json\/wp\/v2\/comments?post=2120"}],"version-history":[{"count":0,"href":"https:\/\/pozeskakuca.gmp.hr\/en\/wp-json\/wp\/v2\/posts\/2120\/revisions"}],"wp:featuredmedia":[{"embeddable":true,"href":"https:\/\/pozeskakuca.gmp.hr\/en\/wp-json\/wp\/v2\/media\/1336"}],"wp:attachment":[{"href":"https:\/\/pozeskakuca.gmp.hr\/en\/wp-json\/wp\/v2\/media?parent=2120"}],"wp:term":[{"taxonomy":"category","embeddable":true,"href":"https:\/\/pozeskakuca.gmp.hr\/en\/wp-json\/wp\/v2\/categories?post=2120"},{"taxonomy":"post_tag","embeddable":true,"href":"https:\/\/pozeskakuca.gmp.hr\/en\/wp-json\/wp\/v2\/tags?post=2120"}],"curies":[{"name":"wp","href":"https:\/\/api.w.org\/{rel}","templated":true}]}}