{"id":2034,"date":"2023-08-29T09:41:51","date_gmt":"2023-08-29T07:41:51","guid":{"rendered":"https:\/\/pozeskakuca.hr\/?p=2034"},"modified":"2023-10-25T14:26:31","modified_gmt":"2023-10-25T12:26:31","slug":"odrzano-predavanje-u-sklopu-dana-europske-bastine","status":"publish","type":"post","link":"https:\/\/pozeskakuca.gmp.hr\/en\/2023\/08\/29\/odrzano-predavanje-u-sklopu-dana-europske-bastine\/","title":{"rendered":"Odr\u017eano predavanje u sklopu Dana europske ba\u0161tine"},"content":{"rendered":"<div data-elementor-type=\"wp-post\" data-elementor-id=\"2034\" class=\"elementor elementor-2034\">\n\t\t\t\t\t\t<section class=\"elementor-section elementor-top-section elementor-element elementor-element-2f5b741 elementor-section-boxed elementor-section-height-default elementor-section-height-default\" data-id=\"2f5b741\" data-element_type=\"section\" data-e-type=\"section\">\n\t\t\t\t\t\t<div class=\"elementor-container elementor-column-gap-default\">\n\t\t\t\t\t<div class=\"elementor-column elementor-col-100 elementor-top-column elementor-element elementor-element-cf0fca1\" data-id=\"cf0fca1\" data-element_type=\"column\" data-e-type=\"column\">\n\t\t\t<div class=\"elementor-widget-wrap elementor-element-populated\">\n\t\t\t\t\t\t<div class=\"elementor-element elementor-element-70494eb elementor-widget elementor-widget-text-editor\" data-id=\"70494eb\" data-element_type=\"widget\" data-e-type=\"widget\" data-widget_type=\"text-editor.default\">\n\t\t\t\t<div class=\"elementor-widget-container\">\n\t\t\t\t\t\t\t\t\t<p>Povodom obilje\u017eavanja Dana europske ba\u0161tine 2023. i 160. obljetnice ro\u0111enja Dragutina Lermana u podrumskim prostorima <em>Po\u017ee\u0161ke ku\u0107e<\/em> u ponedjeljak, 28. kolovoza u 18 sati odr\u017eano je predavanje &#8220;\u017divot i ba\u0161tina Dragutina Lermana&#8221;.<\/p>\t\t\t\t\t\t\t\t<\/div>\n\t\t\t\t<\/div>\n\t\t\t\t\t<\/div>\n\t\t<\/div>\n\t\t\t\t\t<\/div>\n\t\t<\/section>\n\t\t\t\t<section class=\"elementor-section elementor-top-section elementor-element elementor-element-b0fca5b elementor-section-boxed elementor-section-height-default elementor-section-height-default\" data-id=\"b0fca5b\" data-element_type=\"section\" data-e-type=\"section\">\n\t\t\t\t\t\t<div class=\"elementor-container elementor-column-gap-default\">\n\t\t\t\t\t<div class=\"elementor-column elementor-col-100 elementor-top-column elementor-element elementor-element-d902f24\" data-id=\"d902f24\" data-element_type=\"column\" data-e-type=\"column\">\n\t\t\t<div class=\"elementor-widget-wrap elementor-element-populated\">\n\t\t\t\t\t\t<div class=\"elementor-element elementor-element-25ebea1 elementor-widget elementor-widget-text-editor\" data-id=\"25ebea1\" data-element_type=\"widget\" data-e-type=\"widget\" data-widget_type=\"text-editor.default\">\n\t\t\t\t<div class=\"elementor-widget-container\">\n\t\t\t\t\t\t\t\t\t<p>U organizaciji Udruge vinogradara, vinara i vo\u0107ara <strong>&#8220;Stjepan Koydl&#8221;<\/strong> i tvrtke <strong>Asesor<\/strong> odr\u017eano je predavanje na temu \u017eivota i ostav\u0161tine Dragutina Lermana te njegov zna\u010daj na lokalnoj, nacionalnoj i europskoj, odnosno svjetskoj razini.<\/p><p>Uvodnu to\u010dku imali su puha\u010di <strong>Gradske glazbe Trenkovi panduri<\/strong> koji su prigodnim glazbenim programom zapo\u010deli cijeli susret. Organizatori predavanja, predsjednik Udruge &#8220;Stjepan Koydl&#8221; <strong>Antun Herceg<\/strong> te doktorica znanosti <strong>Rahela Jurkovi\u0107<\/strong> (Asesor) prigodnim rije\u010dima obratili su se gostima te najavili predavanje.<\/p><p>Arhivist Dr\u017eavnog arhiva u Slavonskom Brodu, Odjela u Po\u017eegi, <strong>Zdeslav \u0160pani\u010dek<\/strong> odr\u017eao je vrlo zanimljivo predavanje o \u017eivotu i zna\u010daju Dragutina Lermana. Uvodno je pru\u017een kontekst razvoja europskih zemalja u razdoblju industrijalizacije te kolonijalne podjele afri\u010dkog kontinenta \u0161to je uvelike povezano s Lermanovim afri\u010dkim avanturama. Gosti su imali prilike \u010duti i o Lermanovim putovanjima i istra\u017eivanjima Afrike odakle je i u Hrvatsku donio zna\u010dajne predmete o kulturi koja je \u017eivjela u Kongu, a osim toga ostavio je zna\u010dajna djela povezana s istra\u017eivanjima Afrike: Listovi iz Afrike, Novi listovi iz Afrike, Afri\u010dki dnevnik i drugi.<\/p><p>Predavanje su svojim prisustvom podr\u017eali i gradona\u010delnik Grada Po\u017eege <strong>dr.sc. \u017deljko Glavi\u0107<\/strong> te zamjenik \u017eupanice <strong>Ferdinand Troha<\/strong>.<\/p><p>Nakon predavanja odr\u017ean je prigodni domjenak za goste u organizaciji Udruge &#8220;Stjepan Koydl&#8221;.<\/p>\t\t\t\t\t\t\t\t<\/div>\n\t\t\t\t<\/div>\n\t\t\t\t\t<\/div>\n\t\t<\/div>\n\t\t\t\t\t<\/div>\n\t\t<\/section>\n\t\t\t\t<section class=\"elementor-section elementor-top-section elementor-element elementor-element-f8095e5 elementor-section-boxed elementor-section-height-default elementor-section-height-default\" data-id=\"f8095e5\" data-element_type=\"section\" data-e-type=\"section\">\n\t\t\t\t\t\t<div class=\"elementor-container elementor-column-gap-default\">\n\t\t\t\t\t<div class=\"elementor-column elementor-col-100 elementor-top-column elementor-element elementor-element-74367a9\" data-id=\"74367a9\" data-element_type=\"column\" data-e-type=\"column\">\n\t\t\t<div class=\"elementor-widget-wrap elementor-element-populated\">\n\t\t\t\t\t\t<div class=\"elementor-element elementor-element-57602b6 gallery-spacing-custom elementor-widget elementor-widget-image-gallery\" data-id=\"57602b6\" data-element_type=\"widget\" data-e-type=\"widget\" data-widget_type=\"image-gallery.default\">\n\t\t\t\t<div class=\"elementor-widget-container\">\n\t\t\t\t\t\t\t<div class=\"elementor-image-gallery\">\n\t\t\t<div id='gallery-1' class='gallery galleryid-2034 gallery-columns-3 gallery-size-large'><figure class='gallery-item'>\n\t\t\t<div class='gallery-icon landscape'>\n\t\t\t\t<a data-elementor-open-lightbox=\"no\" href='https:\/\/pozeskakuca.gmp.hr\/wp-content\/uploads\/2023\/08\/DEB-Dragutin-Lerman-1-scaled.jpg'><img fetchpriority=\"high\" decoding=\"async\" width=\"2560\" height=\"1920\" src=\"https:\/\/pozeskakuca.gmp.hr\/wp-content\/uploads\/2023\/08\/DEB-Dragutin-Lerman-1-scaled.jpg\" class=\"attachment-large size-large\" alt=\"\" srcset=\"https:\/\/pozeskakuca.gmp.hr\/wp-content\/uploads\/2023\/08\/DEB-Dragutin-Lerman-1-scaled.jpg 2560w, https:\/\/pozeskakuca.gmp.hr\/wp-content\/uploads\/2023\/08\/DEB-Dragutin-Lerman-1-768x576.jpg 768w, https:\/\/pozeskakuca.gmp.hr\/wp-content\/uploads\/2023\/08\/DEB-Dragutin-Lerman-1-1536x1152.jpg 1536w, https:\/\/pozeskakuca.gmp.hr\/wp-content\/uploads\/2023\/08\/DEB-Dragutin-Lerman-1-2048x1536.jpg 2048w, https:\/\/pozeskakuca.gmp.hr\/wp-content\/uploads\/2023\/08\/DEB-Dragutin-Lerman-1-16x12.jpg 16w\" sizes=\"(max-width: 2560px) 100vw, 2560px\" \/><\/a>\n\t\t\t<\/div><\/figure><figure class='gallery-item'>\n\t\t\t<div class='gallery-icon landscape'>\n\t\t\t\t<a data-elementor-open-lightbox=\"no\" href='https:\/\/pozeskakuca.gmp.hr\/wp-content\/uploads\/2023\/08\/DEB-Dragutin-Lerman-3-scaled.jpg'><img decoding=\"async\" width=\"2560\" height=\"1920\" src=\"https:\/\/pozeskakuca.gmp.hr\/wp-content\/uploads\/2023\/08\/DEB-Dragutin-Lerman-3-scaled.jpg\" class=\"attachment-large size-large\" alt=\"\" srcset=\"https:\/\/pozeskakuca.gmp.hr\/wp-content\/uploads\/2023\/08\/DEB-Dragutin-Lerman-3-scaled.jpg 2560w, https:\/\/pozeskakuca.gmp.hr\/wp-content\/uploads\/2023\/08\/DEB-Dragutin-Lerman-3-768x576.jpg 768w, https:\/\/pozeskakuca.gmp.hr\/wp-content\/uploads\/2023\/08\/DEB-Dragutin-Lerman-3-1536x1152.jpg 1536w, https:\/\/pozeskakuca.gmp.hr\/wp-content\/uploads\/2023\/08\/DEB-Dragutin-Lerman-3-2048x1536.jpg 2048w, https:\/\/pozeskakuca.gmp.hr\/wp-content\/uploads\/2023\/08\/DEB-Dragutin-Lerman-3-16x12.jpg 16w\" sizes=\"(max-width: 2560px) 100vw, 2560px\" \/><\/a>\n\t\t\t<\/div><\/figure><figure class='gallery-item'>\n\t\t\t<div class='gallery-icon landscape'>\n\t\t\t\t<a data-elementor-open-lightbox=\"no\" href='https:\/\/pozeskakuca.gmp.hr\/wp-content\/uploads\/2023\/08\/DEB-Dragutin-Lerman-4-scaled.jpg'><img decoding=\"async\" width=\"2560\" height=\"1920\" src=\"https:\/\/pozeskakuca.gmp.hr\/wp-content\/uploads\/2023\/08\/DEB-Dragutin-Lerman-4-scaled.jpg\" class=\"attachment-large size-large\" alt=\"\" srcset=\"https:\/\/pozeskakuca.gmp.hr\/wp-content\/uploads\/2023\/08\/DEB-Dragutin-Lerman-4-scaled.jpg 2560w, https:\/\/pozeskakuca.gmp.hr\/wp-content\/uploads\/2023\/08\/DEB-Dragutin-Lerman-4-768x576.jpg 768w, https:\/\/pozeskakuca.gmp.hr\/wp-content\/uploads\/2023\/08\/DEB-Dragutin-Lerman-4-1536x1152.jpg 1536w, https:\/\/pozeskakuca.gmp.hr\/wp-content\/uploads\/2023\/08\/DEB-Dragutin-Lerman-4-2048x1536.jpg 2048w, https:\/\/pozeskakuca.gmp.hr\/wp-content\/uploads\/2023\/08\/DEB-Dragutin-Lerman-4-16x12.jpg 16w\" sizes=\"(max-width: 2560px) 100vw, 2560px\" \/><\/a>\n\t\t\t<\/div><\/figure><figure class='gallery-item'>\n\t\t\t<div class='gallery-icon landscape'>\n\t\t\t\t<a data-elementor-open-lightbox=\"no\" href='https:\/\/pozeskakuca.gmp.hr\/wp-content\/uploads\/2023\/08\/DEB-Dragutin-Lerman-2-scaled.jpg'><img loading=\"lazy\" decoding=\"async\" width=\"2560\" height=\"1920\" src=\"https:\/\/pozeskakuca.gmp.hr\/wp-content\/uploads\/2023\/08\/DEB-Dragutin-Lerman-2-scaled.jpg\" class=\"attachment-large size-large\" alt=\"\" srcset=\"https:\/\/pozeskakuca.gmp.hr\/wp-content\/uploads\/2023\/08\/DEB-Dragutin-Lerman-2-scaled.jpg 2560w, https:\/\/pozeskakuca.gmp.hr\/wp-content\/uploads\/2023\/08\/DEB-Dragutin-Lerman-2-768x576.jpg 768w, https:\/\/pozeskakuca.gmp.hr\/wp-content\/uploads\/2023\/08\/DEB-Dragutin-Lerman-2-1536x1152.jpg 1536w, https:\/\/pozeskakuca.gmp.hr\/wp-content\/uploads\/2023\/08\/DEB-Dragutin-Lerman-2-2048x1536.jpg 2048w, https:\/\/pozeskakuca.gmp.hr\/wp-content\/uploads\/2023\/08\/DEB-Dragutin-Lerman-2-16x12.jpg 16w\" sizes=\"(max-width: 2560px) 100vw, 2560px\" \/><\/a>\n\t\t\t<\/div><\/figure><figure class='gallery-item'>\n\t\t\t<div class='gallery-icon landscape'>\n\t\t\t\t<a data-elementor-open-lightbox=\"no\" href='https:\/\/pozeskakuca.gmp.hr\/wp-content\/uploads\/2023\/08\/DEB-Dragutin-Lerman-5-scaled.jpg'><img loading=\"lazy\" decoding=\"async\" width=\"2560\" height=\"1920\" src=\"https:\/\/pozeskakuca.gmp.hr\/wp-content\/uploads\/2023\/08\/DEB-Dragutin-Lerman-5-scaled.jpg\" class=\"attachment-large size-large\" alt=\"\" srcset=\"https:\/\/pozeskakuca.gmp.hr\/wp-content\/uploads\/2023\/08\/DEB-Dragutin-Lerman-5-scaled.jpg 2560w, https:\/\/pozeskakuca.gmp.hr\/wp-content\/uploads\/2023\/08\/DEB-Dragutin-Lerman-5-768x576.jpg 768w, https:\/\/pozeskakuca.gmp.hr\/wp-content\/uploads\/2023\/08\/DEB-Dragutin-Lerman-5-1536x1152.jpg 1536w, https:\/\/pozeskakuca.gmp.hr\/wp-content\/uploads\/2023\/08\/DEB-Dragutin-Lerman-5-2048x1536.jpg 2048w, https:\/\/pozeskakuca.gmp.hr\/wp-content\/uploads\/2023\/08\/DEB-Dragutin-Lerman-5-16x12.jpg 16w\" sizes=\"(max-width: 2560px) 100vw, 2560px\" \/><\/a>\n\t\t\t<\/div><\/figure><figure class='gallery-item'>\n\t\t\t<div class='gallery-icon landscape'>\n\t\t\t\t<a data-elementor-open-lightbox=\"no\" href='https:\/\/pozeskakuca.gmp.hr\/wp-content\/uploads\/2023\/08\/DEB-Dragutin-Lerman-6-scaled.jpg'><img loading=\"lazy\" decoding=\"async\" width=\"2560\" height=\"1920\" src=\"https:\/\/pozeskakuca.gmp.hr\/wp-content\/uploads\/2023\/08\/DEB-Dragutin-Lerman-6-scaled.jpg\" class=\"attachment-large size-large\" alt=\"\" srcset=\"https:\/\/pozeskakuca.gmp.hr\/wp-content\/uploads\/2023\/08\/DEB-Dragutin-Lerman-6-scaled.jpg 2560w, https:\/\/pozeskakuca.gmp.hr\/wp-content\/uploads\/2023\/08\/DEB-Dragutin-Lerman-6-768x576.jpg 768w, https:\/\/pozeskakuca.gmp.hr\/wp-content\/uploads\/2023\/08\/DEB-Dragutin-Lerman-6-1536x1152.jpg 1536w, https:\/\/pozeskakuca.gmp.hr\/wp-content\/uploads\/2023\/08\/DEB-Dragutin-Lerman-6-2048x1536.jpg 2048w, https:\/\/pozeskakuca.gmp.hr\/wp-content\/uploads\/2023\/08\/DEB-Dragutin-Lerman-6-16x12.jpg 16w\" sizes=\"(max-width: 2560px) 100vw, 2560px\" \/><\/a>\n\t\t\t<\/div><\/figure>\n\t\t<\/div>\n\t\t<\/div>\n\t\t\t\t\t\t<\/div>\n\t\t\t\t<\/div>\n\t\t\t\t\t<\/div>\n\t\t<\/div>\n\t\t\t\t\t<\/div>\n\t\t<\/section>\n\t\t\t\t<\/div>","protected":false},"excerpt":{"rendered":"<p>Povodom obilje\u017eavanja Dana europske ba\u0161tine 2023. i 160. obljetnice ro\u0111enja Dragutina Lermana u podrumskim prostorima Po\u017ee\u0161ke ku\u0107e u ponedjeljak, 28. kolovoza u 18 sati odr\u017eano je predavanje &#8220;\u017divot i ba\u0161tina Dragutina Lermana&#8221;. U organizaciji Udruge vinogradara, vinara i vo\u0107ara &#8220;Stjepan Koydl&#8221; i tvrtke Asesor odr\u017eano je predavanje na temu \u017eivota i ostav\u0161tine Dragutina Lermana te [&hellip;]<\/p>\n","protected":false},"author":1,"featured_media":1337,"comment_status":"closed","ping_status":"open","sticky":false,"template":"","format":"standard","meta":{"ocean_post_layout":"","ocean_both_sidebars_style":"","ocean_both_sidebars_content_width":0,"ocean_both_sidebars_sidebars_width":0,"ocean_sidebar":"0","ocean_second_sidebar":"0","ocean_disable_margins":"enable","ocean_add_body_class":"","ocean_shortcode_before_top_bar":"","ocean_shortcode_after_top_bar":"","ocean_shortcode_before_header":"","ocean_shortcode_after_header":"","ocean_has_shortcode":"","ocean_shortcode_after_title":"","ocean_shortcode_before_footer_widgets":"","ocean_shortcode_after_footer_widgets":"","ocean_shortcode_before_footer_bottom":"","ocean_shortcode_after_footer_bottom":"","ocean_display_top_bar":"default","ocean_display_header":"default","ocean_header_style":"","ocean_center_header_left_menu":"0","ocean_custom_header_template":"0","ocean_custom_logo":0,"ocean_custom_retina_logo":0,"ocean_custom_logo_max_width":0,"ocean_custom_logo_tablet_max_width":0,"ocean_custom_logo_mobile_max_width":0,"ocean_custom_logo_max_height":0,"ocean_custom_logo_tablet_max_height":0,"ocean_custom_logo_mobile_max_height":0,"ocean_header_custom_menu":"0","ocean_menu_typo_font_family":"0","ocean_menu_typo_font_subset":"","ocean_menu_typo_font_size":0,"ocean_menu_typo_font_size_tablet":0,"ocean_menu_typo_font_size_mobile":0,"ocean_menu_typo_font_size_unit":"px","ocean_menu_typo_font_weight":"","ocean_menu_typo_font_weight_tablet":"","ocean_menu_typo_font_weight_mobile":"","ocean_menu_typo_transform":"","ocean_menu_typo_transform_tablet":"","ocean_menu_typo_transform_mobile":"","ocean_menu_typo_line_height":0,"ocean_menu_typo_line_height_tablet":0,"ocean_menu_typo_line_height_mobile":0,"ocean_menu_typo_line_height_unit":"","ocean_menu_typo_spacing":0,"ocean_menu_typo_spacing_tablet":0,"ocean_menu_typo_spacing_mobile":0,"ocean_menu_typo_spacing_unit":"","ocean_menu_link_color":"","ocean_menu_link_color_hover":"","ocean_menu_link_color_active":"","ocean_menu_link_background":"","ocean_menu_link_hover_background":"","ocean_menu_link_active_background":"","ocean_menu_social_links_bg":"","ocean_menu_social_hover_links_bg":"","ocean_menu_social_links_color":"","ocean_menu_social_hover_links_color":"","ocean_disable_title":"default","ocean_disable_heading":"default","ocean_post_title":"","ocean_post_subheading":"","ocean_post_title_style":"","ocean_post_title_background_color":"","ocean_post_title_background":0,"ocean_post_title_bg_image_position":"","ocean_post_title_bg_image_attachment":"","ocean_post_title_bg_image_repeat":"","ocean_post_title_bg_image_size":"","ocean_post_title_height":0,"ocean_post_title_bg_overlay":0.5,"ocean_post_title_bg_overlay_color":"","ocean_disable_breadcrumbs":"default","ocean_breadcrumbs_color":"","ocean_breadcrumbs_separator_color":"","ocean_breadcrumbs_links_color":"","ocean_breadcrumbs_links_hover_color":"","ocean_display_footer_widgets":"default","ocean_display_footer_bottom":"default","ocean_custom_footer_template":"0","ocean_post_oembed":"","ocean_post_self_hosted_media":"","ocean_post_video_embed":"","ocean_link_format":"","ocean_link_format_target":"self","ocean_quote_format":"","ocean_quote_format_link":"post","ocean_gallery_link_images":"off","ocean_gallery_id":[],"footnotes":""},"categories":[7],"tags":[],"class_list":["post-2034","post","type-post","status-publish","format-standard","has-post-thumbnail","hentry","category-novosti","entry","has-media"],"yoast_head":"<!-- This site is optimized with the Yoast SEO plugin v27.4 - https:\/\/yoast.com\/product\/yoast-seo-wordpress\/ -->\n<title>Odr\u017eano predavanje u sklopu Dana europske ba\u0161tine - Po\u017ee\u0161ka ku\u0107a<\/title>\n<meta name=\"robots\" content=\"index, follow, max-snippet:-1, max-image-preview:large, max-video-preview:-1\" \/>\n<link rel=\"canonical\" href=\"https:\/\/pozeskakuca.gmp.hr\/en\/2023\/08\/29\/odrzano-predavanje-u-sklopu-dana-europske-bastine\/\" \/>\n<meta property=\"og:locale\" content=\"en_GB\" \/>\n<meta property=\"og:type\" content=\"article\" \/>\n<meta property=\"og:title\" content=\"Odr\u017eano predavanje u sklopu Dana europske ba\u0161tine - Po\u017ee\u0161ka ku\u0107a\" \/>\n<meta property=\"og:description\" content=\"Povodom obilje\u017eavanja Dana europske ba\u0161tine 2023. i 160. obljetnice ro\u0111enja Dragutina Lermana u podrumskim prostorima Po\u017ee\u0161ke ku\u0107e u ponedjeljak, 28. kolovoza u 18 sati odr\u017eano je predavanje &#8220;\u017divot i ba\u0161tina Dragutina Lermana&#8221;. U organizaciji Udruge vinogradara, vinara i vo\u0107ara &#8220;Stjepan Koydl&#8221; i tvrtke Asesor odr\u017eano je predavanje na temu \u017eivota i ostav\u0161tine Dragutina Lermana te [&hellip;]\" \/>\n<meta property=\"og:url\" content=\"https:\/\/pozeskakuca.gmp.hr\/en\/2023\/08\/29\/odrzano-predavanje-u-sklopu-dana-europske-bastine\/\" \/>\n<meta property=\"og:site_name\" content=\"Po\u017ee\u0161ka ku\u0107a\" \/>\n<meta property=\"article:publisher\" content=\"https:\/\/hr-hr.facebook.com\/muzej.pozega\/\" \/>\n<meta property=\"article:published_time\" content=\"2023-08-29T07:41:51+00:00\" \/>\n<meta property=\"article:modified_time\" content=\"2023-10-25T12:26:31+00:00\" \/>\n<meta property=\"og:image\" content=\"https:\/\/pozeskakuca.gmp.hr\/wp-content\/uploads\/2022\/11\/Pozeska-kuca-objekt-scaled.jpg\" \/>\n\t<meta property=\"og:image:width\" content=\"2560\" \/>\n\t<meta property=\"og:image:height\" content=\"1709\" \/>\n\t<meta property=\"og:image:type\" content=\"image\/jpeg\" \/>\n<meta name=\"author\" content=\"admin_matej\" \/>\n<meta name=\"twitter:card\" content=\"summary_large_image\" \/>\n<meta name=\"twitter:label1\" content=\"Written by\" \/>\n\t<meta name=\"twitter:data1\" content=\"admin_matej\" \/>\n\t<meta name=\"twitter:label2\" content=\"Estimated reading time\" \/>\n\t<meta name=\"twitter:data2\" content=\"3 minutes\" \/>\n<script type=\"application\/ld+json\" class=\"yoast-schema-graph\">{\"@context\":\"https:\\\/\\\/schema.org\",\"@graph\":[{\"@type\":\"Article\",\"@id\":\"https:\\\/\\\/pozeskakuca.gmp.hr\\\/2023\\\/08\\\/29\\\/odrzano-predavanje-u-sklopu-dana-europske-bastine\\\/#article\",\"isPartOf\":{\"@id\":\"https:\\\/\\\/pozeskakuca.gmp.hr\\\/2023\\\/08\\\/29\\\/odrzano-predavanje-u-sklopu-dana-europske-bastine\\\/\"},\"author\":{\"name\":\"admin_matej\",\"@id\":\"https:\\\/\\\/pozeskakuca.gmp.hr\\\/#\\\/schema\\\/person\\\/2538d9f50945a5db3d7ad1654a701dde\"},\"headline\":\"Odr\u017eano predavanje u sklopu Dana europske ba\u0161tine\",\"datePublished\":\"2023-08-29T07:41:51+00:00\",\"dateModified\":\"2023-10-25T12:26:31+00:00\",\"mainEntityOfPage\":{\"@id\":\"https:\\\/\\\/pozeskakuca.gmp.hr\\\/2023\\\/08\\\/29\\\/odrzano-predavanje-u-sklopu-dana-europske-bastine\\\/\"},\"wordCount\":268,\"publisher\":{\"@id\":\"https:\\\/\\\/pozeskakuca.gmp.hr\\\/#organization\"},\"image\":{\"@id\":\"https:\\\/\\\/pozeskakuca.gmp.hr\\\/2023\\\/08\\\/29\\\/odrzano-predavanje-u-sklopu-dana-europske-bastine\\\/#primaryimage\"},\"thumbnailUrl\":\"https:\\\/\\\/pozeskakuca.gmp.hr\\\/wp-content\\\/uploads\\\/2022\\\/11\\\/Pozeska-kuca-objekt-scaled.jpg\",\"articleSection\":[\"Novosti\"],\"inLanguage\":\"en-GB\"},{\"@type\":\"WebPage\",\"@id\":\"https:\\\/\\\/pozeskakuca.gmp.hr\\\/2023\\\/08\\\/29\\\/odrzano-predavanje-u-sklopu-dana-europske-bastine\\\/\",\"url\":\"https:\\\/\\\/pozeskakuca.gmp.hr\\\/2023\\\/08\\\/29\\\/odrzano-predavanje-u-sklopu-dana-europske-bastine\\\/\",\"name\":\"Odr\u017eano predavanje u sklopu Dana europske ba\u0161tine - Po\u017ee\u0161ka ku\u0107a\",\"isPartOf\":{\"@id\":\"https:\\\/\\\/pozeskakuca.gmp.hr\\\/#website\"},\"primaryImageOfPage\":{\"@id\":\"https:\\\/\\\/pozeskakuca.gmp.hr\\\/2023\\\/08\\\/29\\\/odrzano-predavanje-u-sklopu-dana-europske-bastine\\\/#primaryimage\"},\"image\":{\"@id\":\"https:\\\/\\\/pozeskakuca.gmp.hr\\\/2023\\\/08\\\/29\\\/odrzano-predavanje-u-sklopu-dana-europske-bastine\\\/#primaryimage\"},\"thumbnailUrl\":\"https:\\\/\\\/pozeskakuca.gmp.hr\\\/wp-content\\\/uploads\\\/2022\\\/11\\\/Pozeska-kuca-objekt-scaled.jpg\",\"datePublished\":\"2023-08-29T07:41:51+00:00\",\"dateModified\":\"2023-10-25T12:26:31+00:00\",\"breadcrumb\":{\"@id\":\"https:\\\/\\\/pozeskakuca.gmp.hr\\\/2023\\\/08\\\/29\\\/odrzano-predavanje-u-sklopu-dana-europske-bastine\\\/#breadcrumb\"},\"inLanguage\":\"en-GB\",\"potentialAction\":[{\"@type\":\"ReadAction\",\"target\":[\"https:\\\/\\\/pozeskakuca.gmp.hr\\\/2023\\\/08\\\/29\\\/odrzano-predavanje-u-sklopu-dana-europske-bastine\\\/\"]}]},{\"@type\":\"ImageObject\",\"inLanguage\":\"en-GB\",\"@id\":\"https:\\\/\\\/pozeskakuca.gmp.hr\\\/2023\\\/08\\\/29\\\/odrzano-predavanje-u-sklopu-dana-europske-bastine\\\/#primaryimage\",\"url\":\"https:\\\/\\\/pozeskakuca.gmp.hr\\\/wp-content\\\/uploads\\\/2022\\\/11\\\/Pozeska-kuca-objekt-scaled.jpg\",\"contentUrl\":\"https:\\\/\\\/pozeskakuca.gmp.hr\\\/wp-content\\\/uploads\\\/2022\\\/11\\\/Pozeska-kuca-objekt-scaled.jpg\",\"width\":2560,\"height\":1709},{\"@type\":\"BreadcrumbList\",\"@id\":\"https:\\\/\\\/pozeskakuca.gmp.hr\\\/2023\\\/08\\\/29\\\/odrzano-predavanje-u-sklopu-dana-europske-bastine\\\/#breadcrumb\",\"itemListElement\":[{\"@type\":\"ListItem\",\"position\":1,\"name\":\"Po\u010detna stranica\",\"item\":\"https:\\\/\\\/pozeskakuca.gmp.hr\\\/\"},{\"@type\":\"ListItem\",\"position\":2,\"name\":\"Odr\u017eano predavanje u sklopu Dana europske ba\u0161tine\"}]},{\"@type\":\"WebSite\",\"@id\":\"https:\\\/\\\/pozeskakuca.gmp.hr\\\/#website\",\"url\":\"https:\\\/\\\/pozeskakuca.gmp.hr\\\/\",\"name\":\"Po\u017ee\u0161ka ku\u0107a\",\"description\":\"\",\"publisher\":{\"@id\":\"https:\\\/\\\/pozeskakuca.gmp.hr\\\/#organization\"},\"potentialAction\":[{\"@type\":\"SearchAction\",\"target\":{\"@type\":\"EntryPoint\",\"urlTemplate\":\"https:\\\/\\\/pozeskakuca.gmp.hr\\\/?s={search_term_string}\"},\"query-input\":{\"@type\":\"PropertyValueSpecification\",\"valueRequired\":true,\"valueName\":\"search_term_string\"}}],\"inLanguage\":\"en-GB\"},{\"@type\":\"Organization\",\"@id\":\"https:\\\/\\\/pozeskakuca.gmp.hr\\\/#organization\",\"name\":\"Po\u017ee\u0161ka ku\u0107a\",\"url\":\"https:\\\/\\\/pozeskakuca.gmp.hr\\\/\",\"logo\":{\"@type\":\"ImageObject\",\"inLanguage\":\"en-GB\",\"@id\":\"https:\\\/\\\/pozeskakuca.gmp.hr\\\/#\\\/schema\\\/logo\\\/image\\\/\",\"url\":\"https:\\\/\\\/pozeskakuca.gmp.hr\\\/wp-content\\\/uploads\\\/2022\\\/09\\\/pk-logo1.png\",\"contentUrl\":\"https:\\\/\\\/pozeskakuca.gmp.hr\\\/wp-content\\\/uploads\\\/2022\\\/09\\\/pk-logo1.png\",\"width\":1368,\"height\":1153,\"caption\":\"Po\u017ee\u0161ka ku\u0107a\"},\"image\":{\"@id\":\"https:\\\/\\\/pozeskakuca.gmp.hr\\\/#\\\/schema\\\/logo\\\/image\\\/\"},\"sameAs\":[\"https:\\\/\\\/hr-hr.facebook.com\\\/muzej.pozega\\\/\"]},{\"@type\":\"Person\",\"@id\":\"https:\\\/\\\/pozeskakuca.gmp.hr\\\/#\\\/schema\\\/person\\\/2538d9f50945a5db3d7ad1654a701dde\",\"name\":\"admin_matej\",\"image\":{\"@type\":\"ImageObject\",\"inLanguage\":\"en-GB\",\"@id\":\"https:\\\/\\\/secure.gravatar.com\\\/avatar\\\/e93a0b81ded036501fe9dc2f1d7f0f8d01a9c1c68eec48450e4fad9dbd473411?s=96&d=mm&r=g\",\"url\":\"https:\\\/\\\/secure.gravatar.com\\\/avatar\\\/e93a0b81ded036501fe9dc2f1d7f0f8d01a9c1c68eec48450e4fad9dbd473411?s=96&d=mm&r=g\",\"contentUrl\":\"https:\\\/\\\/secure.gravatar.com\\\/avatar\\\/e93a0b81ded036501fe9dc2f1d7f0f8d01a9c1c68eec48450e4fad9dbd473411?s=96&d=mm&r=g\",\"caption\":\"admin_matej\"},\"sameAs\":[\"https:\\\/\\\/pozeskakuca.gmp.hr\"],\"url\":\"https:\\\/\\\/pozeskakuca.gmp.hr\\\/en\\\/author\\\/admin_matej\\\/\"}]}<\/script>\n<!-- \/ Yoast SEO plugin. -->","yoast_head_json":{"title":"Odr\u017eano predavanje u sklopu Dana europske ba\u0161tine - Po\u017ee\u0161ka ku\u0107a","robots":{"index":"index","follow":"follow","max-snippet":"max-snippet:-1","max-image-preview":"max-image-preview:large","max-video-preview":"max-video-preview:-1"},"canonical":"https:\/\/pozeskakuca.gmp.hr\/en\/2023\/08\/29\/odrzano-predavanje-u-sklopu-dana-europske-bastine\/","og_locale":"en_GB","og_type":"article","og_title":"Odr\u017eano predavanje u sklopu Dana europske ba\u0161tine - Po\u017ee\u0161ka ku\u0107a","og_description":"Povodom obilje\u017eavanja Dana europske ba\u0161tine 2023. i 160. obljetnice ro\u0111enja Dragutina Lermana u podrumskim prostorima Po\u017ee\u0161ke ku\u0107e u ponedjeljak, 28. kolovoza u 18 sati odr\u017eano je predavanje &#8220;\u017divot i ba\u0161tina Dragutina Lermana&#8221;. U organizaciji Udruge vinogradara, vinara i vo\u0107ara &#8220;Stjepan Koydl&#8221; i tvrtke Asesor odr\u017eano je predavanje na temu \u017eivota i ostav\u0161tine Dragutina Lermana te [&hellip;]","og_url":"https:\/\/pozeskakuca.gmp.hr\/en\/2023\/08\/29\/odrzano-predavanje-u-sklopu-dana-europske-bastine\/","og_site_name":"Po\u017ee\u0161ka ku\u0107a","article_publisher":"https:\/\/hr-hr.facebook.com\/muzej.pozega\/","article_published_time":"2023-08-29T07:41:51+00:00","article_modified_time":"2023-10-25T12:26:31+00:00","og_image":[{"width":2560,"height":1709,"url":"https:\/\/pozeskakuca.gmp.hr\/wp-content\/uploads\/2022\/11\/Pozeska-kuca-objekt-scaled.jpg","type":"image\/jpeg"}],"author":"admin_matej","twitter_card":"summary_large_image","twitter_misc":{"Written by":"admin_matej","Estimated reading time":"3 minutes"},"schema":{"@context":"https:\/\/schema.org","@graph":[{"@type":"Article","@id":"https:\/\/pozeskakuca.gmp.hr\/2023\/08\/29\/odrzano-predavanje-u-sklopu-dana-europske-bastine\/#article","isPartOf":{"@id":"https:\/\/pozeskakuca.gmp.hr\/2023\/08\/29\/odrzano-predavanje-u-sklopu-dana-europske-bastine\/"},"author":{"name":"admin_matej","@id":"https:\/\/pozeskakuca.gmp.hr\/#\/schema\/person\/2538d9f50945a5db3d7ad1654a701dde"},"headline":"Odr\u017eano predavanje u sklopu Dana europske ba\u0161tine","datePublished":"2023-08-29T07:41:51+00:00","dateModified":"2023-10-25T12:26:31+00:00","mainEntityOfPage":{"@id":"https:\/\/pozeskakuca.gmp.hr\/2023\/08\/29\/odrzano-predavanje-u-sklopu-dana-europske-bastine\/"},"wordCount":268,"publisher":{"@id":"https:\/\/pozeskakuca.gmp.hr\/#organization"},"image":{"@id":"https:\/\/pozeskakuca.gmp.hr\/2023\/08\/29\/odrzano-predavanje-u-sklopu-dana-europske-bastine\/#primaryimage"},"thumbnailUrl":"https:\/\/pozeskakuca.gmp.hr\/wp-content\/uploads\/2022\/11\/Pozeska-kuca-objekt-scaled.jpg","articleSection":["Novosti"],"inLanguage":"en-GB"},{"@type":"WebPage","@id":"https:\/\/pozeskakuca.gmp.hr\/2023\/08\/29\/odrzano-predavanje-u-sklopu-dana-europske-bastine\/","url":"https:\/\/pozeskakuca.gmp.hr\/2023\/08\/29\/odrzano-predavanje-u-sklopu-dana-europske-bastine\/","name":"Odr\u017eano predavanje u sklopu Dana europske ba\u0161tine - Po\u017ee\u0161ka ku\u0107a","isPartOf":{"@id":"https:\/\/pozeskakuca.gmp.hr\/#website"},"primaryImageOfPage":{"@id":"https:\/\/pozeskakuca.gmp.hr\/2023\/08\/29\/odrzano-predavanje-u-sklopu-dana-europske-bastine\/#primaryimage"},"image":{"@id":"https:\/\/pozeskakuca.gmp.hr\/2023\/08\/29\/odrzano-predavanje-u-sklopu-dana-europske-bastine\/#primaryimage"},"thumbnailUrl":"https:\/\/pozeskakuca.gmp.hr\/wp-content\/uploads\/2022\/11\/Pozeska-kuca-objekt-scaled.jpg","datePublished":"2023-08-29T07:41:51+00:00","dateModified":"2023-10-25T12:26:31+00:00","breadcrumb":{"@id":"https:\/\/pozeskakuca.gmp.hr\/2023\/08\/29\/odrzano-predavanje-u-sklopu-dana-europske-bastine\/#breadcrumb"},"inLanguage":"en-GB","potentialAction":[{"@type":"ReadAction","target":["https:\/\/pozeskakuca.gmp.hr\/2023\/08\/29\/odrzano-predavanje-u-sklopu-dana-europske-bastine\/"]}]},{"@type":"ImageObject","inLanguage":"en-GB","@id":"https:\/\/pozeskakuca.gmp.hr\/2023\/08\/29\/odrzano-predavanje-u-sklopu-dana-europske-bastine\/#primaryimage","url":"https:\/\/pozeskakuca.gmp.hr\/wp-content\/uploads\/2022\/11\/Pozeska-kuca-objekt-scaled.jpg","contentUrl":"https:\/\/pozeskakuca.gmp.hr\/wp-content\/uploads\/2022\/11\/Pozeska-kuca-objekt-scaled.jpg","width":2560,"height":1709},{"@type":"BreadcrumbList","@id":"https:\/\/pozeskakuca.gmp.hr\/2023\/08\/29\/odrzano-predavanje-u-sklopu-dana-europske-bastine\/#breadcrumb","itemListElement":[{"@type":"ListItem","position":1,"name":"Po\u010detna stranica","item":"https:\/\/pozeskakuca.gmp.hr\/"},{"@type":"ListItem","position":2,"name":"Odr\u017eano predavanje u sklopu Dana europske ba\u0161tine"}]},{"@type":"WebSite","@id":"https:\/\/pozeskakuca.gmp.hr\/#website","url":"https:\/\/pozeskakuca.gmp.hr\/","name":"Po\u017eega house","description":"","publisher":{"@id":"https:\/\/pozeskakuca.gmp.hr\/#organization"},"potentialAction":[{"@type":"SearchAction","target":{"@type":"EntryPoint","urlTemplate":"https:\/\/pozeskakuca.gmp.hr\/?s={search_term_string}"},"query-input":{"@type":"PropertyValueSpecification","valueRequired":true,"valueName":"search_term_string"}}],"inLanguage":"en-GB"},{"@type":"Organization","@id":"https:\/\/pozeskakuca.gmp.hr\/#organization","name":"Po\u017eega house","url":"https:\/\/pozeskakuca.gmp.hr\/","logo":{"@type":"ImageObject","inLanguage":"en-GB","@id":"https:\/\/pozeskakuca.gmp.hr\/#\/schema\/logo\/image\/","url":"https:\/\/pozeskakuca.gmp.hr\/wp-content\/uploads\/2022\/09\/pk-logo1.png","contentUrl":"https:\/\/pozeskakuca.gmp.hr\/wp-content\/uploads\/2022\/09\/pk-logo1.png","width":1368,"height":1153,"caption":"Po\u017ee\u0161ka ku\u0107a"},"image":{"@id":"https:\/\/pozeskakuca.gmp.hr\/#\/schema\/logo\/image\/"},"sameAs":["https:\/\/hr-hr.facebook.com\/muzej.pozega\/"]},{"@type":"Person","@id":"https:\/\/pozeskakuca.gmp.hr\/#\/schema\/person\/2538d9f50945a5db3d7ad1654a701dde","name":"admin_matej","image":{"@type":"ImageObject","inLanguage":"en-GB","@id":"https:\/\/secure.gravatar.com\/avatar\/e93a0b81ded036501fe9dc2f1d7f0f8d01a9c1c68eec48450e4fad9dbd473411?s=96&d=mm&r=g","url":"https:\/\/secure.gravatar.com\/avatar\/e93a0b81ded036501fe9dc2f1d7f0f8d01a9c1c68eec48450e4fad9dbd473411?s=96&d=mm&r=g","contentUrl":"https:\/\/secure.gravatar.com\/avatar\/e93a0b81ded036501fe9dc2f1d7f0f8d01a9c1c68eec48450e4fad9dbd473411?s=96&d=mm&r=g","caption":"admin_matej"},"sameAs":["https:\/\/pozeskakuca.gmp.hr"],"url":"https:\/\/pozeskakuca.gmp.hr\/en\/author\/admin_matej\/"}]}},"_links":{"self":[{"href":"https:\/\/pozeskakuca.gmp.hr\/en\/wp-json\/wp\/v2\/posts\/2034","targetHints":{"allow":["GET"]}}],"collection":[{"href":"https:\/\/pozeskakuca.gmp.hr\/en\/wp-json\/wp\/v2\/posts"}],"about":[{"href":"https:\/\/pozeskakuca.gmp.hr\/en\/wp-json\/wp\/v2\/types\/post"}],"author":[{"embeddable":true,"href":"https:\/\/pozeskakuca.gmp.hr\/en\/wp-json\/wp\/v2\/users\/1"}],"replies":[{"embeddable":true,"href":"https:\/\/pozeskakuca.gmp.hr\/en\/wp-json\/wp\/v2\/comments?post=2034"}],"version-history":[{"count":0,"href":"https:\/\/pozeskakuca.gmp.hr\/en\/wp-json\/wp\/v2\/posts\/2034\/revisions"}],"wp:featuredmedia":[{"embeddable":true,"href":"https:\/\/pozeskakuca.gmp.hr\/en\/wp-json\/wp\/v2\/media\/1337"}],"wp:attachment":[{"href":"https:\/\/pozeskakuca.gmp.hr\/en\/wp-json\/wp\/v2\/media?parent=2034"}],"wp:term":[{"taxonomy":"category","embeddable":true,"href":"https:\/\/pozeskakuca.gmp.hr\/en\/wp-json\/wp\/v2\/categories?post=2034"},{"taxonomy":"post_tag","embeddable":true,"href":"https:\/\/pozeskakuca.gmp.hr\/en\/wp-json\/wp\/v2\/tags?post=2034"}],"curies":[{"name":"wp","href":"https:\/\/api.w.org\/{rel}","templated":true}]}}