{"id":1998,"date":"2023-07-08T18:34:11","date_gmt":"2023-07-08T16:34:11","guid":{"rendered":"https:\/\/pozeskakuca.hr\/?p=1998"},"modified":"2023-07-08T18:39:28","modified_gmt":"2023-07-08T16:39:28","slug":"ministar-erlic-posjetio-pozesku-kucu","status":"publish","type":"post","link":"https:\/\/pozeskakuca.gmp.hr\/en\/2023\/07\/08\/ministar-erlic-posjetio-pozesku-kucu\/","title":{"rendered":"Ministar Erli\u0107 posjetio Po\u017ee\u0161ku ku\u0107u"},"content":{"rendered":"<div data-elementor-type=\"wp-post\" data-elementor-id=\"1998\" class=\"elementor elementor-1998\">\n\t\t\t\t\t\t<section class=\"elementor-section elementor-top-section elementor-element elementor-element-ecaf92f elementor-section-boxed elementor-section-height-default elementor-section-height-default\" data-id=\"ecaf92f\" data-element_type=\"section\" data-e-type=\"section\">\n\t\t\t\t\t\t<div class=\"elementor-container elementor-column-gap-default\">\n\t\t\t\t\t<div class=\"elementor-column elementor-col-100 elementor-top-column elementor-element elementor-element-1658da9\" data-id=\"1658da9\" data-element_type=\"column\" data-e-type=\"column\">\n\t\t\t<div class=\"elementor-widget-wrap elementor-element-populated\">\n\t\t\t\t\t\t<div class=\"elementor-element elementor-element-7237f91 elementor-widget elementor-widget-text-editor\" data-id=\"7237f91\" data-element_type=\"widget\" data-e-type=\"widget\" data-widget_type=\"text-editor.default\">\n\t\t\t\t<div class=\"elementor-widget-container\">\n\t\t\t\t\t\t\t\t\t<p>U petak, 7. srpnja ministar regionalnoga razvoja i fondova Europske unije \u0160ime Erli\u0107 je zajedno s dr\u017eavnim tajnikom Domagojem Mikuli\u0107em i suradnicima posjetio Po\u017ee\u0161ku ku\u0107u, gdje su ga do\u010dekali gradona\u010delnik Grada Po\u017eege dr.sc. \u017deljko Glavi\u0107 i \u017eupanica Po\u017ee\u0161ko-slavonske \u017eupanije Antonija Jozi\u0107Po\u017ee\u0161ka ku\u0107a je interpretacijski centar koji je zavr\u0161en u sklopu projekta Po\u017ee\u0161ke bolte sufinanciranog sredstvima Europske unije, a \u010diji je drugi dio dogradnje i rekonstrukcije zgrade Gradskog muzeja Po\u017eega u zavr\u0161noj fazi. Tako\u0111er su najavljena budu\u0107a financiranja iz ITU mehanizma.<\/p><p>Podsjetimo, Grad Po\u017eega je uvr\u0161ten u 22 grada koji su uklju\u010deni u ITU mehanizam, a kroz koji \u0107e se za Grad Po\u017eegu kao sredi\u0161te urbanog podru\u010dja i jedinice lokalne samouprave u svom sastavu, dobiti priliku rije\u0161iti izuzetno va\u017ene projekte koji bi se te\u0161ko rije\u0161ili iz nekog drugog izvora.<\/p><p>Gradona\u010delnik \u017deljko Glavi\u0107 predstavio je projekt revitalizacije povijesne gradske jezgre grada Po\u017eege koji \u0107e obuhva\u0107ati rekonstrukciju sredi\u0161njeg Trga Svetog Trojstva, izgradnju podzemne gara\u017ee, otvorenog i zatvorenog dijela gradske tr\u017enice s popratnim sadr\u017eajima, kao i prometnicu koja \u0107e spajati Sokolovu ulicu i Ulicu Matice hrvatske, \u010dime \u0107e se rije\u0161iti jedno od va\u017enijih prometnih \u010dvori\u0161ta u gradu. Rije\u010d je o najva\u017enijem strate\u0161kom i razvojnom projektu za Grad Po\u017eegu u narednom desetlje\u0107u, koji bi bez financiranja iz ITU mehanizma bilo te\u0161ko realizirati.<\/p><p>Ministar \u0160ime Erli\u0107 izrazio je zadovoljstvo transformacijom Grada Po\u017eege i Po\u017ee\u0161ko-slavonske \u017eupanije, koja se dogodila uz pomo\u0107 programa koji su realizirani kroz pozive Ministarstva regionalnoga razvoja i fondova Europske unije, ali i ostalih pristupnih fondova, koji omogu\u0107uju pobolj\u0161anje kvalitete \u017eivota u svim jedinicama lokalne samouprave na\u0161e \u017eupanije. U ime cijelog tima Ministarstva je istaknuo zadovoljstvo da se zajedni\u010dkim radom kroz prethodnu, ali i ovu godinu, razvio nikada ve\u0107i broj programa za podru\u010dja s razvojnim potencijalima, \u0161to podrazumijeva jednostavniji i sigurniji priljev sredstava.<\/p><p>Izvor: <a href=\"http:\/\/pozega.hr\/novosti\/ministar-erlic-u-posjetu-gradu-pozegi-obisao-pozesku-kucu-i-najavio-financiranje-iz-itu-mehanizma\" target=\"_blank\" rel=\"noopener\">Grad Po\u017eega<\/a><\/p>\t\t\t\t\t\t\t\t<\/div>\n\t\t\t\t<\/div>\n\t\t\t\t\t<\/div>\n\t\t<\/div>\n\t\t\t\t\t<\/div>\n\t\t<\/section>\n\t\t\t\t<\/div>","protected":false},"excerpt":{"rendered":"<p>U petak, 7. srpnja ministar regionalnoga razvoja i fondova Europske unije \u0160ime Erli\u0107 je zajedno s dr\u017eavnim tajnikom Domagojem Mikuli\u0107em i suradnicima posjetio Po\u017ee\u0161ku ku\u0107u, gdje su ga do\u010dekali gradona\u010delnik Grada Po\u017eege dr.sc. \u017deljko Glavi\u0107 i \u017eupanica Po\u017ee\u0161ko-slavonske \u017eupanije Antonija Jozi\u0107Po\u017ee\u0161ka ku\u0107a je interpretacijski centar koji je zavr\u0161en u sklopu projekta Po\u017ee\u0161ke bolte sufinanciranog sredstvima [&hellip;]<\/p>\n","protected":false},"author":1,"featured_media":1334,"comment_status":"closed","ping_status":"closed","sticky":false,"template":"","format":"standard","meta":{"ocean_post_layout":"","ocean_both_sidebars_style":"","ocean_both_sidebars_content_width":0,"ocean_both_sidebars_sidebars_width":0,"ocean_sidebar":"0","ocean_second_sidebar":"0","ocean_disable_margins":"enable","ocean_add_body_class":"","ocean_shortcode_before_top_bar":"","ocean_shortcode_after_top_bar":"","ocean_shortcode_before_header":"","ocean_shortcode_after_header":"","ocean_has_shortcode":"","ocean_shortcode_after_title":"","ocean_shortcode_before_footer_widgets":"","ocean_shortcode_after_footer_widgets":"","ocean_shortcode_before_footer_bottom":"","ocean_shortcode_after_footer_bottom":"","ocean_display_top_bar":"default","ocean_display_header":"default","ocean_header_style":"","ocean_center_header_left_menu":"0","ocean_custom_header_template":"0","ocean_custom_logo":0,"ocean_custom_retina_logo":0,"ocean_custom_logo_max_width":0,"ocean_custom_logo_tablet_max_width":0,"ocean_custom_logo_mobile_max_width":0,"ocean_custom_logo_max_height":0,"ocean_custom_logo_tablet_max_height":0,"ocean_custom_logo_mobile_max_height":0,"ocean_header_custom_menu":"0","ocean_menu_typo_font_family":"0","ocean_menu_typo_font_subset":"","ocean_menu_typo_font_size":0,"ocean_menu_typo_font_size_tablet":0,"ocean_menu_typo_font_size_mobile":0,"ocean_menu_typo_font_size_unit":"px","ocean_menu_typo_font_weight":"","ocean_menu_typo_font_weight_tablet":"","ocean_menu_typo_font_weight_mobile":"","ocean_menu_typo_transform":"","ocean_menu_typo_transform_tablet":"","ocean_menu_typo_transform_mobile":"","ocean_menu_typo_line_height":0,"ocean_menu_typo_line_height_tablet":0,"ocean_menu_typo_line_height_mobile":0,"ocean_menu_typo_line_height_unit":"","ocean_menu_typo_spacing":0,"ocean_menu_typo_spacing_tablet":0,"ocean_menu_typo_spacing_mobile":0,"ocean_menu_typo_spacing_unit":"","ocean_menu_link_color":"","ocean_menu_link_color_hover":"","ocean_menu_link_color_active":"","ocean_menu_link_background":"","ocean_menu_link_hover_background":"","ocean_menu_link_active_background":"","ocean_menu_social_links_bg":"","ocean_menu_social_hover_links_bg":"","ocean_menu_social_links_color":"","ocean_menu_social_hover_links_color":"","ocean_disable_title":"default","ocean_disable_heading":"default","ocean_post_title":"","ocean_post_subheading":"","ocean_post_title_style":"","ocean_post_title_background_color":"","ocean_post_title_background":0,"ocean_post_title_bg_image_position":"","ocean_post_title_bg_image_attachment":"","ocean_post_title_bg_image_repeat":"","ocean_post_title_bg_image_size":"","ocean_post_title_height":0,"ocean_post_title_bg_overlay":0.5,"ocean_post_title_bg_overlay_color":"","ocean_disable_breadcrumbs":"default","ocean_breadcrumbs_color":"","ocean_breadcrumbs_separator_color":"","ocean_breadcrumbs_links_color":"","ocean_breadcrumbs_links_hover_color":"","ocean_display_footer_widgets":"default","ocean_display_footer_bottom":"default","ocean_custom_footer_template":"0","ocean_post_oembed":"","ocean_post_self_hosted_media":"","ocean_post_video_embed":"","ocean_link_format":"","ocean_link_format_target":"self","ocean_quote_format":"","ocean_quote_format_link":"post","ocean_gallery_link_images":"off","ocean_gallery_id":[],"footnotes":""},"categories":[7],"tags":[],"class_list":["post-1998","post","type-post","status-publish","format-standard","has-post-thumbnail","hentry","category-novosti","entry","has-media"],"yoast_head":"<!-- This site is optimized with the Yoast SEO plugin v27.4 - https:\/\/yoast.com\/product\/yoast-seo-wordpress\/ -->\n<title>Ministar Erli\u0107 posjetio Po\u017ee\u0161ku ku\u0107u - Po\u017ee\u0161ka ku\u0107a<\/title>\n<meta name=\"robots\" content=\"index, follow, max-snippet:-1, max-image-preview:large, max-video-preview:-1\" \/>\n<link rel=\"canonical\" href=\"https:\/\/pozeskakuca.gmp.hr\/en\/2023\/07\/08\/ministar-erlic-posjetio-pozesku-kucu\/\" \/>\n<meta property=\"og:locale\" content=\"en_GB\" \/>\n<meta property=\"og:type\" content=\"article\" \/>\n<meta property=\"og:title\" content=\"Ministar Erli\u0107 posjetio Po\u017ee\u0161ku ku\u0107u - Po\u017ee\u0161ka ku\u0107a\" \/>\n<meta property=\"og:description\" content=\"U petak, 7. srpnja ministar regionalnoga razvoja i fondova Europske unije \u0160ime Erli\u0107 je zajedno s dr\u017eavnim tajnikom Domagojem Mikuli\u0107em i suradnicima posjetio Po\u017ee\u0161ku ku\u0107u, gdje su ga do\u010dekali gradona\u010delnik Grada Po\u017eege dr.sc. \u017deljko Glavi\u0107 i \u017eupanica Po\u017ee\u0161ko-slavonske \u017eupanije Antonija Jozi\u0107Po\u017ee\u0161ka ku\u0107a je interpretacijski centar koji je zavr\u0161en u sklopu projekta Po\u017ee\u0161ke bolte sufinanciranog sredstvima [&hellip;]\" \/>\n<meta property=\"og:url\" content=\"https:\/\/pozeskakuca.gmp.hr\/en\/2023\/07\/08\/ministar-erlic-posjetio-pozesku-kucu\/\" \/>\n<meta property=\"og:site_name\" content=\"Po\u017ee\u0161ka ku\u0107a\" \/>\n<meta property=\"article:publisher\" content=\"https:\/\/hr-hr.facebook.com\/muzej.pozega\/\" \/>\n<meta property=\"article:published_time\" content=\"2023-07-08T16:34:11+00:00\" \/>\n<meta property=\"article:modified_time\" content=\"2023-07-08T16:39:28+00:00\" \/>\n<meta property=\"og:image\" content=\"https:\/\/pozeskakuca.gmp.hr\/wp-content\/uploads\/2022\/10\/Pozeska-kuca-bicikl-naslovna-scaled.jpg\" \/>\n\t<meta property=\"og:image:width\" content=\"2560\" \/>\n\t<meta property=\"og:image:height\" content=\"1709\" \/>\n\t<meta property=\"og:image:type\" content=\"image\/jpeg\" \/>\n<meta name=\"author\" content=\"admin_matej\" \/>\n<meta name=\"twitter:card\" content=\"summary_large_image\" \/>\n<meta name=\"twitter:label1\" content=\"Written by\" \/>\n\t<meta name=\"twitter:data1\" content=\"admin_matej\" \/>\n\t<meta name=\"twitter:label2\" content=\"Estimated reading time\" \/>\n\t<meta name=\"twitter:data2\" content=\"2 minutes\" \/>\n<script type=\"application\/ld+json\" class=\"yoast-schema-graph\">{\"@context\":\"https:\\\/\\\/schema.org\",\"@graph\":[{\"@type\":\"Article\",\"@id\":\"https:\\\/\\\/pozeskakuca.gmp.hr\\\/2023\\\/07\\\/08\\\/ministar-erlic-posjetio-pozesku-kucu\\\/#article\",\"isPartOf\":{\"@id\":\"https:\\\/\\\/pozeskakuca.gmp.hr\\\/2023\\\/07\\\/08\\\/ministar-erlic-posjetio-pozesku-kucu\\\/\"},\"author\":{\"name\":\"admin_matej\",\"@id\":\"https:\\\/\\\/pozeskakuca.gmp.hr\\\/#\\\/schema\\\/person\\\/2538d9f50945a5db3d7ad1654a701dde\"},\"headline\":\"Ministar Erli\u0107 posjetio Po\u017ee\u0161ku ku\u0107u\",\"datePublished\":\"2023-07-08T16:34:11+00:00\",\"dateModified\":\"2023-07-08T16:39:28+00:00\",\"mainEntityOfPage\":{\"@id\":\"https:\\\/\\\/pozeskakuca.gmp.hr\\\/2023\\\/07\\\/08\\\/ministar-erlic-posjetio-pozesku-kucu\\\/\"},\"wordCount\":355,\"publisher\":{\"@id\":\"https:\\\/\\\/pozeskakuca.gmp.hr\\\/#organization\"},\"image\":{\"@id\":\"https:\\\/\\\/pozeskakuca.gmp.hr\\\/2023\\\/07\\\/08\\\/ministar-erlic-posjetio-pozesku-kucu\\\/#primaryimage\"},\"thumbnailUrl\":\"https:\\\/\\\/pozeskakuca.gmp.hr\\\/wp-content\\\/uploads\\\/2022\\\/10\\\/Pozeska-kuca-bicikl-naslovna-scaled.jpg\",\"articleSection\":[\"Novosti\"],\"inLanguage\":\"en-GB\"},{\"@type\":\"WebPage\",\"@id\":\"https:\\\/\\\/pozeskakuca.gmp.hr\\\/2023\\\/07\\\/08\\\/ministar-erlic-posjetio-pozesku-kucu\\\/\",\"url\":\"https:\\\/\\\/pozeskakuca.gmp.hr\\\/2023\\\/07\\\/08\\\/ministar-erlic-posjetio-pozesku-kucu\\\/\",\"name\":\"Ministar Erli\u0107 posjetio Po\u017ee\u0161ku ku\u0107u - Po\u017ee\u0161ka ku\u0107a\",\"isPartOf\":{\"@id\":\"https:\\\/\\\/pozeskakuca.gmp.hr\\\/#website\"},\"primaryImageOfPage\":{\"@id\":\"https:\\\/\\\/pozeskakuca.gmp.hr\\\/2023\\\/07\\\/08\\\/ministar-erlic-posjetio-pozesku-kucu\\\/#primaryimage\"},\"image\":{\"@id\":\"https:\\\/\\\/pozeskakuca.gmp.hr\\\/2023\\\/07\\\/08\\\/ministar-erlic-posjetio-pozesku-kucu\\\/#primaryimage\"},\"thumbnailUrl\":\"https:\\\/\\\/pozeskakuca.gmp.hr\\\/wp-content\\\/uploads\\\/2022\\\/10\\\/Pozeska-kuca-bicikl-naslovna-scaled.jpg\",\"datePublished\":\"2023-07-08T16:34:11+00:00\",\"dateModified\":\"2023-07-08T16:39:28+00:00\",\"breadcrumb\":{\"@id\":\"https:\\\/\\\/pozeskakuca.gmp.hr\\\/2023\\\/07\\\/08\\\/ministar-erlic-posjetio-pozesku-kucu\\\/#breadcrumb\"},\"inLanguage\":\"en-GB\",\"potentialAction\":[{\"@type\":\"ReadAction\",\"target\":[\"https:\\\/\\\/pozeskakuca.gmp.hr\\\/2023\\\/07\\\/08\\\/ministar-erlic-posjetio-pozesku-kucu\\\/\"]}]},{\"@type\":\"ImageObject\",\"inLanguage\":\"en-GB\",\"@id\":\"https:\\\/\\\/pozeskakuca.gmp.hr\\\/2023\\\/07\\\/08\\\/ministar-erlic-posjetio-pozesku-kucu\\\/#primaryimage\",\"url\":\"https:\\\/\\\/pozeskakuca.gmp.hr\\\/wp-content\\\/uploads\\\/2022\\\/10\\\/Pozeska-kuca-bicikl-naslovna-scaled.jpg\",\"contentUrl\":\"https:\\\/\\\/pozeskakuca.gmp.hr\\\/wp-content\\\/uploads\\\/2022\\\/10\\\/Pozeska-kuca-bicikl-naslovna-scaled.jpg\",\"width\":2560,\"height\":1709},{\"@type\":\"BreadcrumbList\",\"@id\":\"https:\\\/\\\/pozeskakuca.gmp.hr\\\/2023\\\/07\\\/08\\\/ministar-erlic-posjetio-pozesku-kucu\\\/#breadcrumb\",\"itemListElement\":[{\"@type\":\"ListItem\",\"position\":1,\"name\":\"Po\u010detna stranica\",\"item\":\"https:\\\/\\\/pozeskakuca.gmp.hr\\\/\"},{\"@type\":\"ListItem\",\"position\":2,\"name\":\"Ministar Erli\u0107 posjetio Po\u017ee\u0161ku ku\u0107u\"}]},{\"@type\":\"WebSite\",\"@id\":\"https:\\\/\\\/pozeskakuca.gmp.hr\\\/#website\",\"url\":\"https:\\\/\\\/pozeskakuca.gmp.hr\\\/\",\"name\":\"Po\u017ee\u0161ka ku\u0107a\",\"description\":\"\",\"publisher\":{\"@id\":\"https:\\\/\\\/pozeskakuca.gmp.hr\\\/#organization\"},\"potentialAction\":[{\"@type\":\"SearchAction\",\"target\":{\"@type\":\"EntryPoint\",\"urlTemplate\":\"https:\\\/\\\/pozeskakuca.gmp.hr\\\/?s={search_term_string}\"},\"query-input\":{\"@type\":\"PropertyValueSpecification\",\"valueRequired\":true,\"valueName\":\"search_term_string\"}}],\"inLanguage\":\"en-GB\"},{\"@type\":\"Organization\",\"@id\":\"https:\\\/\\\/pozeskakuca.gmp.hr\\\/#organization\",\"name\":\"Po\u017ee\u0161ka ku\u0107a\",\"url\":\"https:\\\/\\\/pozeskakuca.gmp.hr\\\/\",\"logo\":{\"@type\":\"ImageObject\",\"inLanguage\":\"en-GB\",\"@id\":\"https:\\\/\\\/pozeskakuca.gmp.hr\\\/#\\\/schema\\\/logo\\\/image\\\/\",\"url\":\"https:\\\/\\\/pozeskakuca.gmp.hr\\\/wp-content\\\/uploads\\\/2022\\\/09\\\/pk-logo1.png\",\"contentUrl\":\"https:\\\/\\\/pozeskakuca.gmp.hr\\\/wp-content\\\/uploads\\\/2022\\\/09\\\/pk-logo1.png\",\"width\":1368,\"height\":1153,\"caption\":\"Po\u017ee\u0161ka ku\u0107a\"},\"image\":{\"@id\":\"https:\\\/\\\/pozeskakuca.gmp.hr\\\/#\\\/schema\\\/logo\\\/image\\\/\"},\"sameAs\":[\"https:\\\/\\\/hr-hr.facebook.com\\\/muzej.pozega\\\/\"]},{\"@type\":\"Person\",\"@id\":\"https:\\\/\\\/pozeskakuca.gmp.hr\\\/#\\\/schema\\\/person\\\/2538d9f50945a5db3d7ad1654a701dde\",\"name\":\"admin_matej\",\"image\":{\"@type\":\"ImageObject\",\"inLanguage\":\"en-GB\",\"@id\":\"https:\\\/\\\/secure.gravatar.com\\\/avatar\\\/e93a0b81ded036501fe9dc2f1d7f0f8d01a9c1c68eec48450e4fad9dbd473411?s=96&d=mm&r=g\",\"url\":\"https:\\\/\\\/secure.gravatar.com\\\/avatar\\\/e93a0b81ded036501fe9dc2f1d7f0f8d01a9c1c68eec48450e4fad9dbd473411?s=96&d=mm&r=g\",\"contentUrl\":\"https:\\\/\\\/secure.gravatar.com\\\/avatar\\\/e93a0b81ded036501fe9dc2f1d7f0f8d01a9c1c68eec48450e4fad9dbd473411?s=96&d=mm&r=g\",\"caption\":\"admin_matej\"},\"sameAs\":[\"https:\\\/\\\/pozeskakuca.gmp.hr\"],\"url\":\"https:\\\/\\\/pozeskakuca.gmp.hr\\\/en\\\/author\\\/admin_matej\\\/\"}]}<\/script>\n<!-- \/ Yoast SEO plugin. -->","yoast_head_json":{"title":"Ministar Erli\u0107 posjetio Po\u017ee\u0161ku ku\u0107u - Po\u017ee\u0161ka ku\u0107a","robots":{"index":"index","follow":"follow","max-snippet":"max-snippet:-1","max-image-preview":"max-image-preview:large","max-video-preview":"max-video-preview:-1"},"canonical":"https:\/\/pozeskakuca.gmp.hr\/en\/2023\/07\/08\/ministar-erlic-posjetio-pozesku-kucu\/","og_locale":"en_GB","og_type":"article","og_title":"Ministar Erli\u0107 posjetio Po\u017ee\u0161ku ku\u0107u - Po\u017ee\u0161ka ku\u0107a","og_description":"U petak, 7. srpnja ministar regionalnoga razvoja i fondova Europske unije \u0160ime Erli\u0107 je zajedno s dr\u017eavnim tajnikom Domagojem Mikuli\u0107em i suradnicima posjetio Po\u017ee\u0161ku ku\u0107u, gdje su ga do\u010dekali gradona\u010delnik Grada Po\u017eege dr.sc. \u017deljko Glavi\u0107 i \u017eupanica Po\u017ee\u0161ko-slavonske \u017eupanije Antonija Jozi\u0107Po\u017ee\u0161ka ku\u0107a je interpretacijski centar koji je zavr\u0161en u sklopu projekta Po\u017ee\u0161ke bolte sufinanciranog sredstvima [&hellip;]","og_url":"https:\/\/pozeskakuca.gmp.hr\/en\/2023\/07\/08\/ministar-erlic-posjetio-pozesku-kucu\/","og_site_name":"Po\u017ee\u0161ka ku\u0107a","article_publisher":"https:\/\/hr-hr.facebook.com\/muzej.pozega\/","article_published_time":"2023-07-08T16:34:11+00:00","article_modified_time":"2023-07-08T16:39:28+00:00","og_image":[{"width":2560,"height":1709,"url":"https:\/\/pozeskakuca.gmp.hr\/wp-content\/uploads\/2022\/10\/Pozeska-kuca-bicikl-naslovna-scaled.jpg","type":"image\/jpeg"}],"author":"admin_matej","twitter_card":"summary_large_image","twitter_misc":{"Written by":"admin_matej","Estimated reading time":"2 minutes"},"schema":{"@context":"https:\/\/schema.org","@graph":[{"@type":"Article","@id":"https:\/\/pozeskakuca.gmp.hr\/2023\/07\/08\/ministar-erlic-posjetio-pozesku-kucu\/#article","isPartOf":{"@id":"https:\/\/pozeskakuca.gmp.hr\/2023\/07\/08\/ministar-erlic-posjetio-pozesku-kucu\/"},"author":{"name":"admin_matej","@id":"https:\/\/pozeskakuca.gmp.hr\/#\/schema\/person\/2538d9f50945a5db3d7ad1654a701dde"},"headline":"Ministar Erli\u0107 posjetio Po\u017ee\u0161ku ku\u0107u","datePublished":"2023-07-08T16:34:11+00:00","dateModified":"2023-07-08T16:39:28+00:00","mainEntityOfPage":{"@id":"https:\/\/pozeskakuca.gmp.hr\/2023\/07\/08\/ministar-erlic-posjetio-pozesku-kucu\/"},"wordCount":355,"publisher":{"@id":"https:\/\/pozeskakuca.gmp.hr\/#organization"},"image":{"@id":"https:\/\/pozeskakuca.gmp.hr\/2023\/07\/08\/ministar-erlic-posjetio-pozesku-kucu\/#primaryimage"},"thumbnailUrl":"https:\/\/pozeskakuca.gmp.hr\/wp-content\/uploads\/2022\/10\/Pozeska-kuca-bicikl-naslovna-scaled.jpg","articleSection":["Novosti"],"inLanguage":"en-GB"},{"@type":"WebPage","@id":"https:\/\/pozeskakuca.gmp.hr\/2023\/07\/08\/ministar-erlic-posjetio-pozesku-kucu\/","url":"https:\/\/pozeskakuca.gmp.hr\/2023\/07\/08\/ministar-erlic-posjetio-pozesku-kucu\/","name":"Ministar Erli\u0107 posjetio Po\u017ee\u0161ku ku\u0107u - Po\u017ee\u0161ka ku\u0107a","isPartOf":{"@id":"https:\/\/pozeskakuca.gmp.hr\/#website"},"primaryImageOfPage":{"@id":"https:\/\/pozeskakuca.gmp.hr\/2023\/07\/08\/ministar-erlic-posjetio-pozesku-kucu\/#primaryimage"},"image":{"@id":"https:\/\/pozeskakuca.gmp.hr\/2023\/07\/08\/ministar-erlic-posjetio-pozesku-kucu\/#primaryimage"},"thumbnailUrl":"https:\/\/pozeskakuca.gmp.hr\/wp-content\/uploads\/2022\/10\/Pozeska-kuca-bicikl-naslovna-scaled.jpg","datePublished":"2023-07-08T16:34:11+00:00","dateModified":"2023-07-08T16:39:28+00:00","breadcrumb":{"@id":"https:\/\/pozeskakuca.gmp.hr\/2023\/07\/08\/ministar-erlic-posjetio-pozesku-kucu\/#breadcrumb"},"inLanguage":"en-GB","potentialAction":[{"@type":"ReadAction","target":["https:\/\/pozeskakuca.gmp.hr\/2023\/07\/08\/ministar-erlic-posjetio-pozesku-kucu\/"]}]},{"@type":"ImageObject","inLanguage":"en-GB","@id":"https:\/\/pozeskakuca.gmp.hr\/2023\/07\/08\/ministar-erlic-posjetio-pozesku-kucu\/#primaryimage","url":"https:\/\/pozeskakuca.gmp.hr\/wp-content\/uploads\/2022\/10\/Pozeska-kuca-bicikl-naslovna-scaled.jpg","contentUrl":"https:\/\/pozeskakuca.gmp.hr\/wp-content\/uploads\/2022\/10\/Pozeska-kuca-bicikl-naslovna-scaled.jpg","width":2560,"height":1709},{"@type":"BreadcrumbList","@id":"https:\/\/pozeskakuca.gmp.hr\/2023\/07\/08\/ministar-erlic-posjetio-pozesku-kucu\/#breadcrumb","itemListElement":[{"@type":"ListItem","position":1,"name":"Po\u010detna stranica","item":"https:\/\/pozeskakuca.gmp.hr\/"},{"@type":"ListItem","position":2,"name":"Ministar Erli\u0107 posjetio Po\u017ee\u0161ku ku\u0107u"}]},{"@type":"WebSite","@id":"https:\/\/pozeskakuca.gmp.hr\/#website","url":"https:\/\/pozeskakuca.gmp.hr\/","name":"Po\u017eega house","description":"","publisher":{"@id":"https:\/\/pozeskakuca.gmp.hr\/#organization"},"potentialAction":[{"@type":"SearchAction","target":{"@type":"EntryPoint","urlTemplate":"https:\/\/pozeskakuca.gmp.hr\/?s={search_term_string}"},"query-input":{"@type":"PropertyValueSpecification","valueRequired":true,"valueName":"search_term_string"}}],"inLanguage":"en-GB"},{"@type":"Organization","@id":"https:\/\/pozeskakuca.gmp.hr\/#organization","name":"Po\u017eega house","url":"https:\/\/pozeskakuca.gmp.hr\/","logo":{"@type":"ImageObject","inLanguage":"en-GB","@id":"https:\/\/pozeskakuca.gmp.hr\/#\/schema\/logo\/image\/","url":"https:\/\/pozeskakuca.gmp.hr\/wp-content\/uploads\/2022\/09\/pk-logo1.png","contentUrl":"https:\/\/pozeskakuca.gmp.hr\/wp-content\/uploads\/2022\/09\/pk-logo1.png","width":1368,"height":1153,"caption":"Po\u017ee\u0161ka ku\u0107a"},"image":{"@id":"https:\/\/pozeskakuca.gmp.hr\/#\/schema\/logo\/image\/"},"sameAs":["https:\/\/hr-hr.facebook.com\/muzej.pozega\/"]},{"@type":"Person","@id":"https:\/\/pozeskakuca.gmp.hr\/#\/schema\/person\/2538d9f50945a5db3d7ad1654a701dde","name":"admin_matej","image":{"@type":"ImageObject","inLanguage":"en-GB","@id":"https:\/\/secure.gravatar.com\/avatar\/e93a0b81ded036501fe9dc2f1d7f0f8d01a9c1c68eec48450e4fad9dbd473411?s=96&d=mm&r=g","url":"https:\/\/secure.gravatar.com\/avatar\/e93a0b81ded036501fe9dc2f1d7f0f8d01a9c1c68eec48450e4fad9dbd473411?s=96&d=mm&r=g","contentUrl":"https:\/\/secure.gravatar.com\/avatar\/e93a0b81ded036501fe9dc2f1d7f0f8d01a9c1c68eec48450e4fad9dbd473411?s=96&d=mm&r=g","caption":"admin_matej"},"sameAs":["https:\/\/pozeskakuca.gmp.hr"],"url":"https:\/\/pozeskakuca.gmp.hr\/en\/author\/admin_matej\/"}]}},"_links":{"self":[{"href":"https:\/\/pozeskakuca.gmp.hr\/en\/wp-json\/wp\/v2\/posts\/1998","targetHints":{"allow":["GET"]}}],"collection":[{"href":"https:\/\/pozeskakuca.gmp.hr\/en\/wp-json\/wp\/v2\/posts"}],"about":[{"href":"https:\/\/pozeskakuca.gmp.hr\/en\/wp-json\/wp\/v2\/types\/post"}],"author":[{"embeddable":true,"href":"https:\/\/pozeskakuca.gmp.hr\/en\/wp-json\/wp\/v2\/users\/1"}],"replies":[{"embeddable":true,"href":"https:\/\/pozeskakuca.gmp.hr\/en\/wp-json\/wp\/v2\/comments?post=1998"}],"version-history":[{"count":0,"href":"https:\/\/pozeskakuca.gmp.hr\/en\/wp-json\/wp\/v2\/posts\/1998\/revisions"}],"wp:featuredmedia":[{"embeddable":true,"href":"https:\/\/pozeskakuca.gmp.hr\/en\/wp-json\/wp\/v2\/media\/1334"}],"wp:attachment":[{"href":"https:\/\/pozeskakuca.gmp.hr\/en\/wp-json\/wp\/v2\/media?parent=1998"}],"wp:term":[{"taxonomy":"category","embeddable":true,"href":"https:\/\/pozeskakuca.gmp.hr\/en\/wp-json\/wp\/v2\/categories?post=1998"},{"taxonomy":"post_tag","embeddable":true,"href":"https:\/\/pozeskakuca.gmp.hr\/en\/wp-json\/wp\/v2\/tags?post=1998"}],"curies":[{"name":"wp","href":"https:\/\/api.w.org\/{rel}","templated":true}]}}