{"id":1870,"date":"2023-05-18T09:46:08","date_gmt":"2023-05-18T07:46:08","guid":{"rendered":"https:\/\/pozeskakuca.hr\/?p=1870"},"modified":"2023-05-18T09:47:32","modified_gmt":"2023-05-18T07:47:32","slug":"odrzano-predavanje-ivice-samardica-na-temu-zastite-prirode-u-pozeskoj-kotlini-i-slavonskom-gorju","status":"publish","type":"post","link":"https:\/\/pozeskakuca.gmp.hr\/en\/2023\/05\/18\/odrzano-predavanje-ivice-samardica-na-temu-zastite-prirode-u-pozeskoj-kotlini-i-slavonskom-gorju\/","title":{"rendered":"Odr\u017eano predavanje Ivice Samar\u0111i\u0107a na temu za\u0161tite prirode u Po\u017ee\u0161koj kotlini i slavonskom gorju"},"content":{"rendered":"<div data-elementor-type=\"wp-post\" data-elementor-id=\"1870\" class=\"elementor elementor-1870\">\n\t\t\t\t\t\t<section class=\"elementor-section elementor-top-section elementor-element elementor-element-e92a691 elementor-section-boxed elementor-section-height-default elementor-section-height-default\" data-id=\"e92a691\" data-element_type=\"section\" data-e-type=\"section\">\n\t\t\t\t\t\t<div class=\"elementor-container elementor-column-gap-default\">\n\t\t\t\t\t<div class=\"elementor-column elementor-col-100 elementor-top-column elementor-element elementor-element-cd866b6\" data-id=\"cd866b6\" data-element_type=\"column\" data-e-type=\"column\">\n\t\t\t<div class=\"elementor-widget-wrap elementor-element-populated\">\n\t\t\t\t\t\t<div class=\"elementor-element elementor-element-89c0db2 elementor-widget elementor-widget-text-editor\" data-id=\"89c0db2\" data-element_type=\"widget\" data-e-type=\"widget\" data-widget_type=\"text-editor.default\">\n\t\t\t\t<div class=\"elementor-widget-container\">\n\t\t\t\t\t\t\t\t\t<div class=\"xdj266r x11i5rnm xat24cr x1mh8g0r x1vvkbs x126k92a\">\n<div dir=\"auto\">Obilje\u017eavanje ovogodi\u0161njeg Me\u0111unarodnog dana muzeja kojem je tema &#8220;Muzeji, odr\u017eivost, dobrobit&#8221; po\u010deli smo sino\u0107njim predavanjem dr. sc. Ivice Samar\u0111i\u0107a, ravnatelja Javne ustanove za za\u0161ti\u0107ena podru\u010dja Po\u017ee\u0161ko-slavonske \u017eupanije pod nazivom &#8220;Za\u0161tita prirode u Po\u017ee\u0161koj kotlini i slavonskom gorju&#8221; u podrumskom prostoru Po\u017ee\u0161ke ku\u0107e.<\/div>\n<div dir=\"auto\">&nbsp;<\/div>\n<div dir=\"auto\">Na po\u010detku predavanja sve nazo\u010dne me\u0111u kojima je bio i zamjenik gradona\u010delnika dr. sc. Borislav Mili\u010devi\u0107 pozdravila je v.d. ravnateljice Lidija \u0160pani\u010dek koja je predstavila predava\u010da, ina\u010de muzejskog suradnika po pitanju prirodne ba\u0161tine o kojoj se Muzej brine.<\/div>\n<div dir=\"auto\">&nbsp;<\/div>\n<\/div>\n<div class=\"x11i5rnm xat24cr x1mh8g0r x1vvkbs xtlvy1s x126k92a\">\n<div dir=\"auto\">Dr. sc. Samar\u0111i\u0107, jedan od najpoznatijih poznavatelja prirodne ba\u0161tine Po\u017ee\u0161ke kotline i slavonskog gorja, podsjetio je da je ona slabo istra\u017eivana u prija\u0161njim vremenima, ali da je u zadnje vrijeme po\u010delo intenzivnije istra\u017eivanje. To je rezultiralo brojnim fenomenalnim nalazima koje ovaj na\u0161 kraj s obzirom na povr\u0161inu stavlja po indeksu raznolikosti na prvo mjesto. Najva\u017enije je, kako je zaklju\u010dio predava\u010d, da mi postanemo svjesni te neprocjenjive vrijednosti i da je znamo na najbolji na\u010din iskoristiti.<\/div>\n<div dir=\"auto\">&nbsp;<\/div>\n<div dir=\"auto\">Nakon predavanja posjetitelji su mogli ku\u0161ati majsko vino iz projekta Muzej u loncu za koje nam je donaciju dala vinarija Kaptol te vinske kola\u010di\u0107e.<\/div>\n<\/div>\n<div dir=\"auto\">&nbsp;<\/div>\n<div dir=\"auto\">Fotogalerija je dostupna na <a href=\"https:\/\/m.facebook.com\/story.php?story_fbid=pfbid02DShkcGsFEzEopbyxbFxVfKUKbRBxHUafm2b4z5Rase3NEaaHxFJnXQe6UMy8j1rzl&amp;id=100057528007489\" target=\"_blank\" rel=\"noopener\">link.<\/a>.<\/div>\t\t\t\t\t\t\t\t<\/div>\n\t\t\t\t<\/div>\n\t\t\t\t\t<\/div>\n\t\t<\/div>\n\t\t\t\t\t<\/div>\n\t\t<\/section>\n\t\t\t\t<\/div>","protected":false},"excerpt":{"rendered":"<p>Obilje\u017eavanje ovogodi\u0161njeg Me\u0111unarodnog dana muzeja kojem je tema &#8220;Muzeji, odr\u017eivost, dobrobit&#8221; po\u010deli smo sino\u0107njim predavanjem dr. sc. Ivice Samar\u0111i\u0107a, ravnatelja Javne ustanove za za\u0161ti\u0107ena podru\u010dja Po\u017ee\u0161ko-slavonske \u017eupanije pod nazivom &#8220;Za\u0161tita prirode u Po\u017ee\u0161koj kotlini i slavonskom gorju&#8221; u podrumskom prostoru Po\u017ee\u0161ke ku\u0107e. &nbsp; Na po\u010detku predavanja sve nazo\u010dne me\u0111u kojima je bio i zamjenik gradona\u010delnika [&hellip;]<\/p>\n","protected":false},"author":1,"featured_media":1334,"comment_status":"closed","ping_status":"closed","sticky":false,"template":"","format":"standard","meta":{"ocean_post_layout":"","ocean_both_sidebars_style":"","ocean_both_sidebars_content_width":0,"ocean_both_sidebars_sidebars_width":0,"ocean_sidebar":"0","ocean_second_sidebar":"0","ocean_disable_margins":"enable","ocean_add_body_class":"","ocean_shortcode_before_top_bar":"","ocean_shortcode_after_top_bar":"","ocean_shortcode_before_header":"","ocean_shortcode_after_header":"","ocean_has_shortcode":"","ocean_shortcode_after_title":"","ocean_shortcode_before_footer_widgets":"","ocean_shortcode_after_footer_widgets":"","ocean_shortcode_before_footer_bottom":"","ocean_shortcode_after_footer_bottom":"","ocean_display_top_bar":"default","ocean_display_header":"default","ocean_header_style":"","ocean_center_header_left_menu":"0","ocean_custom_header_template":"0","ocean_custom_logo":0,"ocean_custom_retina_logo":0,"ocean_custom_logo_max_width":0,"ocean_custom_logo_tablet_max_width":0,"ocean_custom_logo_mobile_max_width":0,"ocean_custom_logo_max_height":0,"ocean_custom_logo_tablet_max_height":0,"ocean_custom_logo_mobile_max_height":0,"ocean_header_custom_menu":"0","ocean_menu_typo_font_family":"0","ocean_menu_typo_font_subset":"","ocean_menu_typo_font_size":0,"ocean_menu_typo_font_size_tablet":0,"ocean_menu_typo_font_size_mobile":0,"ocean_menu_typo_font_size_unit":"px","ocean_menu_typo_font_weight":"","ocean_menu_typo_font_weight_tablet":"","ocean_menu_typo_font_weight_mobile":"","ocean_menu_typo_transform":"","ocean_menu_typo_transform_tablet":"","ocean_menu_typo_transform_mobile":"","ocean_menu_typo_line_height":0,"ocean_menu_typo_line_height_tablet":0,"ocean_menu_typo_line_height_mobile":0,"ocean_menu_typo_line_height_unit":"","ocean_menu_typo_spacing":0,"ocean_menu_typo_spacing_tablet":0,"ocean_menu_typo_spacing_mobile":0,"ocean_menu_typo_spacing_unit":"","ocean_menu_link_color":"","ocean_menu_link_color_hover":"","ocean_menu_link_color_active":"","ocean_menu_link_background":"","ocean_menu_link_hover_background":"","ocean_menu_link_active_background":"","ocean_menu_social_links_bg":"","ocean_menu_social_hover_links_bg":"","ocean_menu_social_links_color":"","ocean_menu_social_hover_links_color":"","ocean_disable_title":"default","ocean_disable_heading":"default","ocean_post_title":"","ocean_post_subheading":"","ocean_post_title_style":"","ocean_post_title_background_color":"","ocean_post_title_background":0,"ocean_post_title_bg_image_position":"","ocean_post_title_bg_image_attachment":"","ocean_post_title_bg_image_repeat":"","ocean_post_title_bg_image_size":"","ocean_post_title_height":0,"ocean_post_title_bg_overlay":0.5,"ocean_post_title_bg_overlay_color":"","ocean_disable_breadcrumbs":"default","ocean_breadcrumbs_color":"","ocean_breadcrumbs_separator_color":"","ocean_breadcrumbs_links_color":"","ocean_breadcrumbs_links_hover_color":"","ocean_display_footer_widgets":"default","ocean_display_footer_bottom":"default","ocean_custom_footer_template":"0","ocean_post_oembed":"","ocean_post_self_hosted_media":"","ocean_post_video_embed":"","ocean_link_format":"","ocean_link_format_target":"self","ocean_quote_format":"","ocean_quote_format_link":"post","ocean_gallery_link_images":"off","ocean_gallery_id":[],"footnotes":""},"categories":[7],"tags":[],"class_list":["post-1870","post","type-post","status-publish","format-standard","has-post-thumbnail","hentry","category-novosti","entry","has-media"],"yoast_head":"<!-- This site is optimized with the Yoast SEO plugin v27.4 - https:\/\/yoast.com\/product\/yoast-seo-wordpress\/ -->\n<title>Odr\u017eano predavanje Ivice Samar\u0111i\u0107a na temu za\u0161tite prirode u Po\u017ee\u0161koj kotlini i slavonskom gorju - Po\u017ee\u0161ka ku\u0107a<\/title>\n<meta name=\"robots\" content=\"index, follow, max-snippet:-1, max-image-preview:large, max-video-preview:-1\" \/>\n<link rel=\"canonical\" href=\"https:\/\/pozeskakuca.gmp.hr\/en\/2023\/05\/18\/odrzano-predavanje-ivice-samardica-na-temu-zastite-prirode-u-pozeskoj-kotlini-i-slavonskom-gorju\/\" \/>\n<meta property=\"og:locale\" content=\"en_GB\" \/>\n<meta property=\"og:type\" content=\"article\" \/>\n<meta property=\"og:title\" content=\"Odr\u017eano predavanje Ivice Samar\u0111i\u0107a na temu za\u0161tite prirode u Po\u017ee\u0161koj kotlini i slavonskom gorju - Po\u017ee\u0161ka ku\u0107a\" \/>\n<meta property=\"og:description\" content=\"Obilje\u017eavanje ovogodi\u0161njeg Me\u0111unarodnog dana muzeja kojem je tema &#8220;Muzeji, odr\u017eivost, dobrobit&#8221; po\u010deli smo sino\u0107njim predavanjem dr. sc. Ivice Samar\u0111i\u0107a, ravnatelja Javne ustanove za za\u0161ti\u0107ena podru\u010dja Po\u017ee\u0161ko-slavonske \u017eupanije pod nazivom &#8220;Za\u0161tita prirode u Po\u017ee\u0161koj kotlini i slavonskom gorju&#8221; u podrumskom prostoru Po\u017ee\u0161ke ku\u0107e. &nbsp; Na po\u010detku predavanja sve nazo\u010dne me\u0111u kojima je bio i zamjenik gradona\u010delnika [&hellip;]\" \/>\n<meta property=\"og:url\" content=\"https:\/\/pozeskakuca.gmp.hr\/en\/2023\/05\/18\/odrzano-predavanje-ivice-samardica-na-temu-zastite-prirode-u-pozeskoj-kotlini-i-slavonskom-gorju\/\" \/>\n<meta property=\"og:site_name\" content=\"Po\u017ee\u0161ka ku\u0107a\" \/>\n<meta property=\"article:publisher\" content=\"https:\/\/hr-hr.facebook.com\/muzej.pozega\/\" \/>\n<meta property=\"article:published_time\" content=\"2023-05-18T07:46:08+00:00\" \/>\n<meta property=\"article:modified_time\" content=\"2023-05-18T07:47:32+00:00\" \/>\n<meta property=\"og:image\" content=\"https:\/\/pozeskakuca.gmp.hr\/wp-content\/uploads\/2022\/10\/Pozeska-kuca-bicikl-naslovna-scaled.jpg\" \/>\n\t<meta property=\"og:image:width\" content=\"2560\" \/>\n\t<meta property=\"og:image:height\" content=\"1709\" \/>\n\t<meta property=\"og:image:type\" content=\"image\/jpeg\" \/>\n<meta name=\"author\" content=\"admin_matej\" \/>\n<meta name=\"twitter:card\" content=\"summary_large_image\" \/>\n<meta name=\"twitter:label1\" content=\"Written by\" \/>\n\t<meta name=\"twitter:data1\" content=\"admin_matej\" \/>\n\t<meta name=\"twitter:label2\" content=\"Estimated reading time\" \/>\n\t<meta name=\"twitter:data2\" content=\"2 minutes\" \/>\n<script type=\"application\/ld+json\" class=\"yoast-schema-graph\">{\"@context\":\"https:\\\/\\\/schema.org\",\"@graph\":[{\"@type\":\"Article\",\"@id\":\"https:\\\/\\\/pozeskakuca.gmp.hr\\\/2023\\\/05\\\/18\\\/odrzano-predavanje-ivice-samardica-na-temu-zastite-prirode-u-pozeskoj-kotlini-i-slavonskom-gorju\\\/#article\",\"isPartOf\":{\"@id\":\"https:\\\/\\\/pozeskakuca.gmp.hr\\\/2023\\\/05\\\/18\\\/odrzano-predavanje-ivice-samardica-na-temu-zastite-prirode-u-pozeskoj-kotlini-i-slavonskom-gorju\\\/\"},\"author\":{\"name\":\"admin_matej\",\"@id\":\"https:\\\/\\\/pozeskakuca.gmp.hr\\\/#\\\/schema\\\/person\\\/2538d9f50945a5db3d7ad1654a701dde\"},\"headline\":\"Odr\u017eano predavanje Ivice Samar\u0111i\u0107a na temu za\u0161tite prirode u Po\u017ee\u0161koj kotlini i slavonskom gorju\",\"datePublished\":\"2023-05-18T07:46:08+00:00\",\"dateModified\":\"2023-05-18T07:47:32+00:00\",\"mainEntityOfPage\":{\"@id\":\"https:\\\/\\\/pozeskakuca.gmp.hr\\\/2023\\\/05\\\/18\\\/odrzano-predavanje-ivice-samardica-na-temu-zastite-prirode-u-pozeskoj-kotlini-i-slavonskom-gorju\\\/\"},\"wordCount\":252,\"publisher\":{\"@id\":\"https:\\\/\\\/pozeskakuca.gmp.hr\\\/#organization\"},\"image\":{\"@id\":\"https:\\\/\\\/pozeskakuca.gmp.hr\\\/2023\\\/05\\\/18\\\/odrzano-predavanje-ivice-samardica-na-temu-zastite-prirode-u-pozeskoj-kotlini-i-slavonskom-gorju\\\/#primaryimage\"},\"thumbnailUrl\":\"https:\\\/\\\/pozeskakuca.gmp.hr\\\/wp-content\\\/uploads\\\/2022\\\/10\\\/Pozeska-kuca-bicikl-naslovna-scaled.jpg\",\"articleSection\":[\"Novosti\"],\"inLanguage\":\"en-GB\"},{\"@type\":\"WebPage\",\"@id\":\"https:\\\/\\\/pozeskakuca.gmp.hr\\\/2023\\\/05\\\/18\\\/odrzano-predavanje-ivice-samardica-na-temu-zastite-prirode-u-pozeskoj-kotlini-i-slavonskom-gorju\\\/\",\"url\":\"https:\\\/\\\/pozeskakuca.gmp.hr\\\/2023\\\/05\\\/18\\\/odrzano-predavanje-ivice-samardica-na-temu-zastite-prirode-u-pozeskoj-kotlini-i-slavonskom-gorju\\\/\",\"name\":\"Odr\u017eano predavanje Ivice Samar\u0111i\u0107a na temu za\u0161tite prirode u Po\u017ee\u0161koj kotlini i slavonskom gorju - Po\u017ee\u0161ka ku\u0107a\",\"isPartOf\":{\"@id\":\"https:\\\/\\\/pozeskakuca.gmp.hr\\\/#website\"},\"primaryImageOfPage\":{\"@id\":\"https:\\\/\\\/pozeskakuca.gmp.hr\\\/2023\\\/05\\\/18\\\/odrzano-predavanje-ivice-samardica-na-temu-zastite-prirode-u-pozeskoj-kotlini-i-slavonskom-gorju\\\/#primaryimage\"},\"image\":{\"@id\":\"https:\\\/\\\/pozeskakuca.gmp.hr\\\/2023\\\/05\\\/18\\\/odrzano-predavanje-ivice-samardica-na-temu-zastite-prirode-u-pozeskoj-kotlini-i-slavonskom-gorju\\\/#primaryimage\"},\"thumbnailUrl\":\"https:\\\/\\\/pozeskakuca.gmp.hr\\\/wp-content\\\/uploads\\\/2022\\\/10\\\/Pozeska-kuca-bicikl-naslovna-scaled.jpg\",\"datePublished\":\"2023-05-18T07:46:08+00:00\",\"dateModified\":\"2023-05-18T07:47:32+00:00\",\"breadcrumb\":{\"@id\":\"https:\\\/\\\/pozeskakuca.gmp.hr\\\/2023\\\/05\\\/18\\\/odrzano-predavanje-ivice-samardica-na-temu-zastite-prirode-u-pozeskoj-kotlini-i-slavonskom-gorju\\\/#breadcrumb\"},\"inLanguage\":\"en-GB\",\"potentialAction\":[{\"@type\":\"ReadAction\",\"target\":[\"https:\\\/\\\/pozeskakuca.gmp.hr\\\/2023\\\/05\\\/18\\\/odrzano-predavanje-ivice-samardica-na-temu-zastite-prirode-u-pozeskoj-kotlini-i-slavonskom-gorju\\\/\"]}]},{\"@type\":\"ImageObject\",\"inLanguage\":\"en-GB\",\"@id\":\"https:\\\/\\\/pozeskakuca.gmp.hr\\\/2023\\\/05\\\/18\\\/odrzano-predavanje-ivice-samardica-na-temu-zastite-prirode-u-pozeskoj-kotlini-i-slavonskom-gorju\\\/#primaryimage\",\"url\":\"https:\\\/\\\/pozeskakuca.gmp.hr\\\/wp-content\\\/uploads\\\/2022\\\/10\\\/Pozeska-kuca-bicikl-naslovna-scaled.jpg\",\"contentUrl\":\"https:\\\/\\\/pozeskakuca.gmp.hr\\\/wp-content\\\/uploads\\\/2022\\\/10\\\/Pozeska-kuca-bicikl-naslovna-scaled.jpg\",\"width\":2560,\"height\":1709},{\"@type\":\"BreadcrumbList\",\"@id\":\"https:\\\/\\\/pozeskakuca.gmp.hr\\\/2023\\\/05\\\/18\\\/odrzano-predavanje-ivice-samardica-na-temu-zastite-prirode-u-pozeskoj-kotlini-i-slavonskom-gorju\\\/#breadcrumb\",\"itemListElement\":[{\"@type\":\"ListItem\",\"position\":1,\"name\":\"Po\u010detna stranica\",\"item\":\"https:\\\/\\\/pozeskakuca.gmp.hr\\\/\"},{\"@type\":\"ListItem\",\"position\":2,\"name\":\"Odr\u017eano predavanje Ivice Samar\u0111i\u0107a na temu za\u0161tite prirode u Po\u017ee\u0161koj kotlini i slavonskom gorju\"}]},{\"@type\":\"WebSite\",\"@id\":\"https:\\\/\\\/pozeskakuca.gmp.hr\\\/#website\",\"url\":\"https:\\\/\\\/pozeskakuca.gmp.hr\\\/\",\"name\":\"Po\u017ee\u0161ka ku\u0107a\",\"description\":\"\",\"publisher\":{\"@id\":\"https:\\\/\\\/pozeskakuca.gmp.hr\\\/#organization\"},\"potentialAction\":[{\"@type\":\"SearchAction\",\"target\":{\"@type\":\"EntryPoint\",\"urlTemplate\":\"https:\\\/\\\/pozeskakuca.gmp.hr\\\/?s={search_term_string}\"},\"query-input\":{\"@type\":\"PropertyValueSpecification\",\"valueRequired\":true,\"valueName\":\"search_term_string\"}}],\"inLanguage\":\"en-GB\"},{\"@type\":\"Organization\",\"@id\":\"https:\\\/\\\/pozeskakuca.gmp.hr\\\/#organization\",\"name\":\"Po\u017ee\u0161ka ku\u0107a\",\"url\":\"https:\\\/\\\/pozeskakuca.gmp.hr\\\/\",\"logo\":{\"@type\":\"ImageObject\",\"inLanguage\":\"en-GB\",\"@id\":\"https:\\\/\\\/pozeskakuca.gmp.hr\\\/#\\\/schema\\\/logo\\\/image\\\/\",\"url\":\"https:\\\/\\\/pozeskakuca.gmp.hr\\\/wp-content\\\/uploads\\\/2022\\\/09\\\/pk-logo1.png\",\"contentUrl\":\"https:\\\/\\\/pozeskakuca.gmp.hr\\\/wp-content\\\/uploads\\\/2022\\\/09\\\/pk-logo1.png\",\"width\":1368,\"height\":1153,\"caption\":\"Po\u017ee\u0161ka ku\u0107a\"},\"image\":{\"@id\":\"https:\\\/\\\/pozeskakuca.gmp.hr\\\/#\\\/schema\\\/logo\\\/image\\\/\"},\"sameAs\":[\"https:\\\/\\\/hr-hr.facebook.com\\\/muzej.pozega\\\/\"]},{\"@type\":\"Person\",\"@id\":\"https:\\\/\\\/pozeskakuca.gmp.hr\\\/#\\\/schema\\\/person\\\/2538d9f50945a5db3d7ad1654a701dde\",\"name\":\"admin_matej\",\"image\":{\"@type\":\"ImageObject\",\"inLanguage\":\"en-GB\",\"@id\":\"https:\\\/\\\/secure.gravatar.com\\\/avatar\\\/e93a0b81ded036501fe9dc2f1d7f0f8d01a9c1c68eec48450e4fad9dbd473411?s=96&d=mm&r=g\",\"url\":\"https:\\\/\\\/secure.gravatar.com\\\/avatar\\\/e93a0b81ded036501fe9dc2f1d7f0f8d01a9c1c68eec48450e4fad9dbd473411?s=96&d=mm&r=g\",\"contentUrl\":\"https:\\\/\\\/secure.gravatar.com\\\/avatar\\\/e93a0b81ded036501fe9dc2f1d7f0f8d01a9c1c68eec48450e4fad9dbd473411?s=96&d=mm&r=g\",\"caption\":\"admin_matej\"},\"sameAs\":[\"https:\\\/\\\/pozeskakuca.gmp.hr\"],\"url\":\"https:\\\/\\\/pozeskakuca.gmp.hr\\\/en\\\/author\\\/admin_matej\\\/\"}]}<\/script>\n<!-- \/ Yoast SEO plugin. -->","yoast_head_json":{"title":"Odr\u017eano predavanje Ivice Samar\u0111i\u0107a na temu za\u0161tite prirode u Po\u017ee\u0161koj kotlini i slavonskom gorju - Po\u017ee\u0161ka ku\u0107a","robots":{"index":"index","follow":"follow","max-snippet":"max-snippet:-1","max-image-preview":"max-image-preview:large","max-video-preview":"max-video-preview:-1"},"canonical":"https:\/\/pozeskakuca.gmp.hr\/en\/2023\/05\/18\/odrzano-predavanje-ivice-samardica-na-temu-zastite-prirode-u-pozeskoj-kotlini-i-slavonskom-gorju\/","og_locale":"en_GB","og_type":"article","og_title":"Odr\u017eano predavanje Ivice Samar\u0111i\u0107a na temu za\u0161tite prirode u Po\u017ee\u0161koj kotlini i slavonskom gorju - Po\u017ee\u0161ka ku\u0107a","og_description":"Obilje\u017eavanje ovogodi\u0161njeg Me\u0111unarodnog dana muzeja kojem je tema &#8220;Muzeji, odr\u017eivost, dobrobit&#8221; po\u010deli smo sino\u0107njim predavanjem dr. sc. Ivice Samar\u0111i\u0107a, ravnatelja Javne ustanove za za\u0161ti\u0107ena podru\u010dja Po\u017ee\u0161ko-slavonske \u017eupanije pod nazivom &#8220;Za\u0161tita prirode u Po\u017ee\u0161koj kotlini i slavonskom gorju&#8221; u podrumskom prostoru Po\u017ee\u0161ke ku\u0107e. &nbsp; Na po\u010detku predavanja sve nazo\u010dne me\u0111u kojima je bio i zamjenik gradona\u010delnika [&hellip;]","og_url":"https:\/\/pozeskakuca.gmp.hr\/en\/2023\/05\/18\/odrzano-predavanje-ivice-samardica-na-temu-zastite-prirode-u-pozeskoj-kotlini-i-slavonskom-gorju\/","og_site_name":"Po\u017ee\u0161ka ku\u0107a","article_publisher":"https:\/\/hr-hr.facebook.com\/muzej.pozega\/","article_published_time":"2023-05-18T07:46:08+00:00","article_modified_time":"2023-05-18T07:47:32+00:00","og_image":[{"width":2560,"height":1709,"url":"https:\/\/pozeskakuca.gmp.hr\/wp-content\/uploads\/2022\/10\/Pozeska-kuca-bicikl-naslovna-scaled.jpg","type":"image\/jpeg"}],"author":"admin_matej","twitter_card":"summary_large_image","twitter_misc":{"Written by":"admin_matej","Estimated reading time":"2 minutes"},"schema":{"@context":"https:\/\/schema.org","@graph":[{"@type":"Article","@id":"https:\/\/pozeskakuca.gmp.hr\/2023\/05\/18\/odrzano-predavanje-ivice-samardica-na-temu-zastite-prirode-u-pozeskoj-kotlini-i-slavonskom-gorju\/#article","isPartOf":{"@id":"https:\/\/pozeskakuca.gmp.hr\/2023\/05\/18\/odrzano-predavanje-ivice-samardica-na-temu-zastite-prirode-u-pozeskoj-kotlini-i-slavonskom-gorju\/"},"author":{"name":"admin_matej","@id":"https:\/\/pozeskakuca.gmp.hr\/#\/schema\/person\/2538d9f50945a5db3d7ad1654a701dde"},"headline":"Odr\u017eano predavanje Ivice Samar\u0111i\u0107a na temu za\u0161tite prirode u Po\u017ee\u0161koj kotlini i slavonskom gorju","datePublished":"2023-05-18T07:46:08+00:00","dateModified":"2023-05-18T07:47:32+00:00","mainEntityOfPage":{"@id":"https:\/\/pozeskakuca.gmp.hr\/2023\/05\/18\/odrzano-predavanje-ivice-samardica-na-temu-zastite-prirode-u-pozeskoj-kotlini-i-slavonskom-gorju\/"},"wordCount":252,"publisher":{"@id":"https:\/\/pozeskakuca.gmp.hr\/#organization"},"image":{"@id":"https:\/\/pozeskakuca.gmp.hr\/2023\/05\/18\/odrzano-predavanje-ivice-samardica-na-temu-zastite-prirode-u-pozeskoj-kotlini-i-slavonskom-gorju\/#primaryimage"},"thumbnailUrl":"https:\/\/pozeskakuca.gmp.hr\/wp-content\/uploads\/2022\/10\/Pozeska-kuca-bicikl-naslovna-scaled.jpg","articleSection":["Novosti"],"inLanguage":"en-GB"},{"@type":"WebPage","@id":"https:\/\/pozeskakuca.gmp.hr\/2023\/05\/18\/odrzano-predavanje-ivice-samardica-na-temu-zastite-prirode-u-pozeskoj-kotlini-i-slavonskom-gorju\/","url":"https:\/\/pozeskakuca.gmp.hr\/2023\/05\/18\/odrzano-predavanje-ivice-samardica-na-temu-zastite-prirode-u-pozeskoj-kotlini-i-slavonskom-gorju\/","name":"Odr\u017eano predavanje Ivice Samar\u0111i\u0107a na temu za\u0161tite prirode u Po\u017ee\u0161koj kotlini i slavonskom gorju - Po\u017ee\u0161ka ku\u0107a","isPartOf":{"@id":"https:\/\/pozeskakuca.gmp.hr\/#website"},"primaryImageOfPage":{"@id":"https:\/\/pozeskakuca.gmp.hr\/2023\/05\/18\/odrzano-predavanje-ivice-samardica-na-temu-zastite-prirode-u-pozeskoj-kotlini-i-slavonskom-gorju\/#primaryimage"},"image":{"@id":"https:\/\/pozeskakuca.gmp.hr\/2023\/05\/18\/odrzano-predavanje-ivice-samardica-na-temu-zastite-prirode-u-pozeskoj-kotlini-i-slavonskom-gorju\/#primaryimage"},"thumbnailUrl":"https:\/\/pozeskakuca.gmp.hr\/wp-content\/uploads\/2022\/10\/Pozeska-kuca-bicikl-naslovna-scaled.jpg","datePublished":"2023-05-18T07:46:08+00:00","dateModified":"2023-05-18T07:47:32+00:00","breadcrumb":{"@id":"https:\/\/pozeskakuca.gmp.hr\/2023\/05\/18\/odrzano-predavanje-ivice-samardica-na-temu-zastite-prirode-u-pozeskoj-kotlini-i-slavonskom-gorju\/#breadcrumb"},"inLanguage":"en-GB","potentialAction":[{"@type":"ReadAction","target":["https:\/\/pozeskakuca.gmp.hr\/2023\/05\/18\/odrzano-predavanje-ivice-samardica-na-temu-zastite-prirode-u-pozeskoj-kotlini-i-slavonskom-gorju\/"]}]},{"@type":"ImageObject","inLanguage":"en-GB","@id":"https:\/\/pozeskakuca.gmp.hr\/2023\/05\/18\/odrzano-predavanje-ivice-samardica-na-temu-zastite-prirode-u-pozeskoj-kotlini-i-slavonskom-gorju\/#primaryimage","url":"https:\/\/pozeskakuca.gmp.hr\/wp-content\/uploads\/2022\/10\/Pozeska-kuca-bicikl-naslovna-scaled.jpg","contentUrl":"https:\/\/pozeskakuca.gmp.hr\/wp-content\/uploads\/2022\/10\/Pozeska-kuca-bicikl-naslovna-scaled.jpg","width":2560,"height":1709},{"@type":"BreadcrumbList","@id":"https:\/\/pozeskakuca.gmp.hr\/2023\/05\/18\/odrzano-predavanje-ivice-samardica-na-temu-zastite-prirode-u-pozeskoj-kotlini-i-slavonskom-gorju\/#breadcrumb","itemListElement":[{"@type":"ListItem","position":1,"name":"Po\u010detna stranica","item":"https:\/\/pozeskakuca.gmp.hr\/"},{"@type":"ListItem","position":2,"name":"Odr\u017eano predavanje Ivice Samar\u0111i\u0107a na temu za\u0161tite prirode u Po\u017ee\u0161koj kotlini i slavonskom gorju"}]},{"@type":"WebSite","@id":"https:\/\/pozeskakuca.gmp.hr\/#website","url":"https:\/\/pozeskakuca.gmp.hr\/","name":"Po\u017eega house","description":"","publisher":{"@id":"https:\/\/pozeskakuca.gmp.hr\/#organization"},"potentialAction":[{"@type":"SearchAction","target":{"@type":"EntryPoint","urlTemplate":"https:\/\/pozeskakuca.gmp.hr\/?s={search_term_string}"},"query-input":{"@type":"PropertyValueSpecification","valueRequired":true,"valueName":"search_term_string"}}],"inLanguage":"en-GB"},{"@type":"Organization","@id":"https:\/\/pozeskakuca.gmp.hr\/#organization","name":"Po\u017eega house","url":"https:\/\/pozeskakuca.gmp.hr\/","logo":{"@type":"ImageObject","inLanguage":"en-GB","@id":"https:\/\/pozeskakuca.gmp.hr\/#\/schema\/logo\/image\/","url":"https:\/\/pozeskakuca.gmp.hr\/wp-content\/uploads\/2022\/09\/pk-logo1.png","contentUrl":"https:\/\/pozeskakuca.gmp.hr\/wp-content\/uploads\/2022\/09\/pk-logo1.png","width":1368,"height":1153,"caption":"Po\u017ee\u0161ka ku\u0107a"},"image":{"@id":"https:\/\/pozeskakuca.gmp.hr\/#\/schema\/logo\/image\/"},"sameAs":["https:\/\/hr-hr.facebook.com\/muzej.pozega\/"]},{"@type":"Person","@id":"https:\/\/pozeskakuca.gmp.hr\/#\/schema\/person\/2538d9f50945a5db3d7ad1654a701dde","name":"admin_matej","image":{"@type":"ImageObject","inLanguage":"en-GB","@id":"https:\/\/secure.gravatar.com\/avatar\/e93a0b81ded036501fe9dc2f1d7f0f8d01a9c1c68eec48450e4fad9dbd473411?s=96&d=mm&r=g","url":"https:\/\/secure.gravatar.com\/avatar\/e93a0b81ded036501fe9dc2f1d7f0f8d01a9c1c68eec48450e4fad9dbd473411?s=96&d=mm&r=g","contentUrl":"https:\/\/secure.gravatar.com\/avatar\/e93a0b81ded036501fe9dc2f1d7f0f8d01a9c1c68eec48450e4fad9dbd473411?s=96&d=mm&r=g","caption":"admin_matej"},"sameAs":["https:\/\/pozeskakuca.gmp.hr"],"url":"https:\/\/pozeskakuca.gmp.hr\/en\/author\/admin_matej\/"}]}},"_links":{"self":[{"href":"https:\/\/pozeskakuca.gmp.hr\/en\/wp-json\/wp\/v2\/posts\/1870","targetHints":{"allow":["GET"]}}],"collection":[{"href":"https:\/\/pozeskakuca.gmp.hr\/en\/wp-json\/wp\/v2\/posts"}],"about":[{"href":"https:\/\/pozeskakuca.gmp.hr\/en\/wp-json\/wp\/v2\/types\/post"}],"author":[{"embeddable":true,"href":"https:\/\/pozeskakuca.gmp.hr\/en\/wp-json\/wp\/v2\/users\/1"}],"replies":[{"embeddable":true,"href":"https:\/\/pozeskakuca.gmp.hr\/en\/wp-json\/wp\/v2\/comments?post=1870"}],"version-history":[{"count":0,"href":"https:\/\/pozeskakuca.gmp.hr\/en\/wp-json\/wp\/v2\/posts\/1870\/revisions"}],"wp:featuredmedia":[{"embeddable":true,"href":"https:\/\/pozeskakuca.gmp.hr\/en\/wp-json\/wp\/v2\/media\/1334"}],"wp:attachment":[{"href":"https:\/\/pozeskakuca.gmp.hr\/en\/wp-json\/wp\/v2\/media?parent=1870"}],"wp:term":[{"taxonomy":"category","embeddable":true,"href":"https:\/\/pozeskakuca.gmp.hr\/en\/wp-json\/wp\/v2\/categories?post=1870"},{"taxonomy":"post_tag","embeddable":true,"href":"https:\/\/pozeskakuca.gmp.hr\/en\/wp-json\/wp\/v2\/tags?post=1870"}],"curies":[{"name":"wp","href":"https:\/\/api.w.org\/{rel}","templated":true}]}}