{"id":1849,"date":"2023-05-12T08:52:20","date_gmt":"2023-05-12T06:52:20","guid":{"rendered":"https:\/\/pozeskakuca.hr\/?p=1849"},"modified":"2023-05-12T08:57:19","modified_gmt":"2023-05-12T06:57:19","slug":"pozeska-kuca-na-medunarodnoj-konferenciji-bastina-u-funkciji-turizma","status":"publish","type":"post","link":"https:\/\/pozeskakuca.gmp.hr\/en\/2023\/05\/12\/pozeska-kuca-na-medunarodnoj-konferenciji-bastina-u-funkciji-turizma\/","title":{"rendered":"Po\u017ee\u0161ka ku\u0107a na me\u0111unarodnoj konferenciji &#8220;Ba\u0161tina u funkciji turizma&#8221;"},"content":{"rendered":"<div data-elementor-type=\"wp-post\" data-elementor-id=\"1849\" class=\"elementor elementor-1849\">\n\t\t\t\t\t\t<section class=\"elementor-section elementor-top-section elementor-element elementor-element-793324d elementor-section-boxed elementor-section-height-default elementor-section-height-default\" data-id=\"793324d\" data-element_type=\"section\" data-e-type=\"section\">\n\t\t\t\t\t\t<div class=\"elementor-container elementor-column-gap-default\">\n\t\t\t\t\t<div class=\"elementor-column elementor-col-100 elementor-top-column elementor-element elementor-element-df36ccc\" data-id=\"df36ccc\" data-element_type=\"column\" data-e-type=\"column\">\n\t\t\t<div class=\"elementor-widget-wrap elementor-element-populated\">\n\t\t\t\t\t\t<div class=\"elementor-element elementor-element-e99cb58 elementor-widget elementor-widget-text-editor\" data-id=\"e99cb58\" data-element_type=\"widget\" data-e-type=\"widget\" data-widget_type=\"text-editor.default\">\n\t\t\t\t<div class=\"elementor-widget-container\">\n\t\t\t\t\t\t\t\t\t<p>Grad Pleternica bio je doma\u0107in 3. me\u0111unarodne konferenciju pod nazivom &#8220;Ba\u0161tina u funkciji turizma&#8221; u sklopu projekta &#8220;Svijet gra\u0161evine&#8221; koja se odr\u017eala 11. svibnja u Interpretacijskom centru Terra Panonica u Pleternici.<\/p>\n<p>Stru\u010dni predava\u010di pru\u017eili su uvid u sve aspekte nove generacije turista i njihove potrebe te je napravljena korelacija s interpretacijom ba\u0161tine na inovativne na\u010dine kako bi se turistima pru\u017eio originalan i kvalitetan sadr\u017eaj.<\/p>\n<p>U sklopu konferencije svoju turisti\u010dku ponudu predstavili su Grad Pleternica, Grad Po\u017eega kroz Centar za posjetitelje Po\u017ee\u0161ka ku\u0107a i Turisti\u010dku zajednicu Grada Po\u017eege te Park prirode Papuk.<\/p>\n<p>Centar za posjetitelje u suradnji s Turisti\u010dkom zajednicom Grada Po\u017eege sudionicima konferencije ukratko je predstavio sve ono \u0161to Po\u017eega mo\u017ee ponuditi turistima, a sudionici \u0107e u okviru konferencije gostovati i u Po\u017eegi gdje \u0107e im se izravno predstaviti Centar za posjetitelje i njegova poveznica s Gradskim muzejem Po\u017eega, a osim toga, imat \u0107e priliku pro\u0107i kroz staru jezgru grada putem mobilne aplikacije Blago Po\u017eege.<\/p><p>Izvor fotografija: pszupanija.hr<\/p>\t\t\t\t\t\t\t\t<\/div>\n\t\t\t\t<\/div>\n\t\t\t\t\t<\/div>\n\t\t<\/div>\n\t\t\t\t\t<\/div>\n\t\t<\/section>\n\t\t\t\t<section class=\"elementor-section elementor-top-section elementor-element elementor-element-49e72d2 elementor-section-boxed elementor-section-height-default elementor-section-height-default\" data-id=\"49e72d2\" data-element_type=\"section\" data-e-type=\"section\">\n\t\t\t\t\t\t<div class=\"elementor-container elementor-column-gap-default\">\n\t\t\t\t\t<div class=\"elementor-column elementor-col-100 elementor-top-column elementor-element elementor-element-740372c\" data-id=\"740372c\" data-element_type=\"column\" data-e-type=\"column\">\n\t\t\t<div class=\"elementor-widget-wrap elementor-element-populated\">\n\t\t\t\t\t\t<div class=\"elementor-element elementor-element-5a04d72 gallery-spacing-custom elementor-widget elementor-widget-image-gallery\" data-id=\"5a04d72\" data-element_type=\"widget\" data-e-type=\"widget\" data-widget_type=\"image-gallery.default\">\n\t\t\t\t<div class=\"elementor-widget-container\">\n\t\t\t\t\t\t\t<div class=\"elementor-image-gallery\">\n\t\t\t<div id='gallery-1' class='gallery galleryid-1849 gallery-columns-1 gallery-size-medium_large'><figure class='gallery-item'>\n\t\t\t<div class='gallery-icon portrait'>\n\t\t\t\t<a data-elementor-open-lightbox=\"yes\" data-elementor-lightbox-slideshow=\"5a04d72\" data-elementor-lightbox-title=\"IMG_3943\" data-e-action-hash=\"#elementor-action%3Aaction%3Dlightbox%26settings%3DeyJpZCI6MTg1MiwidXJsIjoiaHR0cHM6XC9cL3BvemVza2FrdWNhLmdtcC5oclwvd3AtY29udGVudFwvdXBsb2Fkc1wvMjAyM1wvMDVcL0lNR18zOTQzLXNjYWxlZC5qcGciLCJzbGlkZXNob3ciOiI1YTA0ZDcyIn0%3D\" href='https:\/\/pozeskakuca.gmp.hr\/wp-content\/uploads\/2023\/05\/IMG_3943-scaled.jpg'><img fetchpriority=\"high\" decoding=\"async\" width=\"768\" height=\"1024\" src=\"https:\/\/pozeskakuca.gmp.hr\/wp-content\/uploads\/2023\/05\/IMG_3943-768x1024.jpg\" class=\"attachment-medium_large size-medium_large\" alt=\"\" srcset=\"https:\/\/pozeskakuca.gmp.hr\/wp-content\/uploads\/2023\/05\/IMG_3943-768x1024.jpg 768w, https:\/\/pozeskakuca.gmp.hr\/wp-content\/uploads\/2023\/05\/IMG_3943-1152x1536.jpg 1152w, https:\/\/pozeskakuca.gmp.hr\/wp-content\/uploads\/2023\/05\/IMG_3943-1536x2048.jpg 1536w, https:\/\/pozeskakuca.gmp.hr\/wp-content\/uploads\/2023\/05\/IMG_3943-9x12.jpg 9w, https:\/\/pozeskakuca.gmp.hr\/wp-content\/uploads\/2023\/05\/IMG_3943-scaled.jpg 1920w\" sizes=\"(max-width: 768px) 100vw, 768px\" \/><\/a>\n\t\t\t<\/div><\/figure><figure class='gallery-item'>\n\t\t\t<div class='gallery-icon landscape'>\n\t\t\t\t<a data-elementor-open-lightbox=\"yes\" data-elementor-lightbox-slideshow=\"5a04d72\" data-elementor-lightbox-title=\"konferencija-psz1\" data-e-action-hash=\"#elementor-action%3Aaction%3Dlightbox%26settings%3DeyJpZCI6MTg1MywidXJsIjoiaHR0cHM6XC9cL3BvemVza2FrdWNhLmdtcC5oclwvd3AtY29udGVudFwvdXBsb2Fkc1wvMjAyM1wvMDVcL2tvbmZlcmVuY2lqYS1wc3oxLmpwZyIsInNsaWRlc2hvdyI6IjVhMDRkNzIifQ%3D%3D\" href='https:\/\/pozeskakuca.gmp.hr\/wp-content\/uploads\/2023\/05\/konferencija-psz1.jpg'><img decoding=\"async\" width=\"768\" height=\"522\" src=\"https:\/\/pozeskakuca.gmp.hr\/wp-content\/uploads\/2023\/05\/konferencija-psz1-768x522.jpg\" class=\"attachment-medium_large size-medium_large\" alt=\"\" srcset=\"https:\/\/pozeskakuca.gmp.hr\/wp-content\/uploads\/2023\/05\/konferencija-psz1-768x522.jpg 768w, https:\/\/pozeskakuca.gmp.hr\/wp-content\/uploads\/2023\/05\/konferencija-psz1-18x12.jpg 18w, https:\/\/pozeskakuca.gmp.hr\/wp-content\/uploads\/2023\/05\/konferencija-psz1.jpg 900w\" sizes=\"(max-width: 768px) 100vw, 768px\" \/><\/a>\n\t\t\t<\/div><\/figure>\n\t\t<\/div>\n\t\t<\/div>\n\t\t\t\t\t\t<\/div>\n\t\t\t\t<\/div>\n\t\t\t\t\t<\/div>\n\t\t<\/div>\n\t\t\t\t\t<\/div>\n\t\t<\/section>\n\t\t\t\t<\/div>","protected":false},"excerpt":{"rendered":"<p>Grad Pleternica bio je doma\u0107in 3. me\u0111unarodne konferenciju pod nazivom &#8220;Ba\u0161tina u funkciji turizma&#8221; u sklopu projekta &#8220;Svijet gra\u0161evine&#8221; koja se odr\u017eala 11. svibnja u Interpretacijskom centru Terra Panonica u Pleternici. Stru\u010dni predava\u010di pru\u017eili su uvid u sve aspekte nove generacije turista i njihove potrebe te je napravljena korelacija s interpretacijom ba\u0161tine na inovativne na\u010dine [&hellip;]<\/p>\n","protected":false},"author":1,"featured_media":1336,"comment_status":"closed","ping_status":"closed","sticky":false,"template":"","format":"standard","meta":{"ocean_post_layout":"","ocean_both_sidebars_style":"","ocean_both_sidebars_content_width":0,"ocean_both_sidebars_sidebars_width":0,"ocean_sidebar":"0","ocean_second_sidebar":"0","ocean_disable_margins":"enable","ocean_add_body_class":"","ocean_shortcode_before_top_bar":"","ocean_shortcode_after_top_bar":"","ocean_shortcode_before_header":"","ocean_shortcode_after_header":"","ocean_has_shortcode":"","ocean_shortcode_after_title":"","ocean_shortcode_before_footer_widgets":"","ocean_shortcode_after_footer_widgets":"","ocean_shortcode_before_footer_bottom":"","ocean_shortcode_after_footer_bottom":"","ocean_display_top_bar":"default","ocean_display_header":"default","ocean_header_style":"","ocean_center_header_left_menu":"0","ocean_custom_header_template":"0","ocean_custom_logo":0,"ocean_custom_retina_logo":0,"ocean_custom_logo_max_width":0,"ocean_custom_logo_tablet_max_width":0,"ocean_custom_logo_mobile_max_width":0,"ocean_custom_logo_max_height":0,"ocean_custom_logo_tablet_max_height":0,"ocean_custom_logo_mobile_max_height":0,"ocean_header_custom_menu":"0","ocean_menu_typo_font_family":"0","ocean_menu_typo_font_subset":"","ocean_menu_typo_font_size":0,"ocean_menu_typo_font_size_tablet":0,"ocean_menu_typo_font_size_mobile":0,"ocean_menu_typo_font_size_unit":"px","ocean_menu_typo_font_weight":"","ocean_menu_typo_font_weight_tablet":"","ocean_menu_typo_font_weight_mobile":"","ocean_menu_typo_transform":"","ocean_menu_typo_transform_tablet":"","ocean_menu_typo_transform_mobile":"","ocean_menu_typo_line_height":0,"ocean_menu_typo_line_height_tablet":0,"ocean_menu_typo_line_height_mobile":0,"ocean_menu_typo_line_height_unit":"","ocean_menu_typo_spacing":0,"ocean_menu_typo_spacing_tablet":0,"ocean_menu_typo_spacing_mobile":0,"ocean_menu_typo_spacing_unit":"","ocean_menu_link_color":"","ocean_menu_link_color_hover":"","ocean_menu_link_color_active":"","ocean_menu_link_background":"","ocean_menu_link_hover_background":"","ocean_menu_link_active_background":"","ocean_menu_social_links_bg":"","ocean_menu_social_hover_links_bg":"","ocean_menu_social_links_color":"","ocean_menu_social_hover_links_color":"","ocean_disable_title":"default","ocean_disable_heading":"default","ocean_post_title":"","ocean_post_subheading":"","ocean_post_title_style":"","ocean_post_title_background_color":"","ocean_post_title_background":0,"ocean_post_title_bg_image_position":"","ocean_post_title_bg_image_attachment":"","ocean_post_title_bg_image_repeat":"","ocean_post_title_bg_image_size":"","ocean_post_title_height":0,"ocean_post_title_bg_overlay":0.5,"ocean_post_title_bg_overlay_color":"","ocean_disable_breadcrumbs":"default","ocean_breadcrumbs_color":"","ocean_breadcrumbs_separator_color":"","ocean_breadcrumbs_links_color":"","ocean_breadcrumbs_links_hover_color":"","ocean_display_footer_widgets":"default","ocean_display_footer_bottom":"default","ocean_custom_footer_template":"0","ocean_post_oembed":"","ocean_post_self_hosted_media":"","ocean_post_video_embed":"","ocean_link_format":"","ocean_link_format_target":"self","ocean_quote_format":"","ocean_quote_format_link":"post","ocean_gallery_link_images":"off","ocean_gallery_id":[],"footnotes":""},"categories":[7],"tags":[],"class_list":["post-1849","post","type-post","status-publish","format-standard","has-post-thumbnail","hentry","category-novosti","entry","has-media"],"yoast_head":"<!-- This site is optimized with the Yoast SEO plugin v27.4 - https:\/\/yoast.com\/product\/yoast-seo-wordpress\/ -->\n<title>Po\u017ee\u0161ka ku\u0107a na me\u0111unarodnoj konferenciji &quot;Ba\u0161tina u funkciji turizma&quot; - Po\u017ee\u0161ka ku\u0107a<\/title>\n<meta name=\"robots\" content=\"index, follow, max-snippet:-1, max-image-preview:large, max-video-preview:-1\" \/>\n<link rel=\"canonical\" href=\"https:\/\/pozeskakuca.gmp.hr\/en\/2023\/05\/12\/pozeska-kuca-na-medunarodnoj-konferenciji-bastina-u-funkciji-turizma\/\" \/>\n<meta property=\"og:locale\" content=\"en_GB\" \/>\n<meta property=\"og:type\" content=\"article\" \/>\n<meta property=\"og:title\" content=\"Po\u017ee\u0161ka ku\u0107a na me\u0111unarodnoj konferenciji &quot;Ba\u0161tina u funkciji turizma&quot; - Po\u017ee\u0161ka ku\u0107a\" \/>\n<meta property=\"og:description\" content=\"Grad Pleternica bio je doma\u0107in 3. me\u0111unarodne konferenciju pod nazivom &#8220;Ba\u0161tina u funkciji turizma&#8221; u sklopu projekta &#8220;Svijet gra\u0161evine&#8221; koja se odr\u017eala 11. svibnja u Interpretacijskom centru Terra Panonica u Pleternici. Stru\u010dni predava\u010di pru\u017eili su uvid u sve aspekte nove generacije turista i njihove potrebe te je napravljena korelacija s interpretacijom ba\u0161tine na inovativne na\u010dine [&hellip;]\" \/>\n<meta property=\"og:url\" content=\"https:\/\/pozeskakuca.gmp.hr\/en\/2023\/05\/12\/pozeska-kuca-na-medunarodnoj-konferenciji-bastina-u-funkciji-turizma\/\" \/>\n<meta property=\"og:site_name\" content=\"Po\u017ee\u0161ka ku\u0107a\" \/>\n<meta property=\"article:publisher\" content=\"https:\/\/hr-hr.facebook.com\/muzej.pozega\/\" \/>\n<meta property=\"article:published_time\" content=\"2023-05-12T06:52:20+00:00\" \/>\n<meta property=\"article:modified_time\" content=\"2023-05-12T06:57:19+00:00\" \/>\n<meta property=\"og:image\" content=\"https:\/\/pozeskakuca.gmp.hr\/wp-content\/uploads\/2022\/11\/Pozeska-kuca-cep-i-cokolada-naslovna-scaled.jpg\" \/>\n\t<meta property=\"og:image:width\" content=\"2560\" \/>\n\t<meta property=\"og:image:height\" content=\"1709\" \/>\n\t<meta property=\"og:image:type\" content=\"image\/jpeg\" \/>\n<meta name=\"author\" content=\"admin_matej\" \/>\n<meta name=\"twitter:card\" content=\"summary_large_image\" \/>\n<meta name=\"twitter:label1\" content=\"Written by\" \/>\n\t<meta name=\"twitter:data1\" content=\"admin_matej\" \/>\n\t<meta name=\"twitter:label2\" content=\"Estimated reading time\" \/>\n\t<meta name=\"twitter:data2\" content=\"2 minutes\" \/>\n<script type=\"application\/ld+json\" class=\"yoast-schema-graph\">{\"@context\":\"https:\\\/\\\/schema.org\",\"@graph\":[{\"@type\":\"Article\",\"@id\":\"https:\\\/\\\/pozeskakuca.gmp.hr\\\/2023\\\/05\\\/12\\\/pozeska-kuca-na-medunarodnoj-konferenciji-bastina-u-funkciji-turizma\\\/#article\",\"isPartOf\":{\"@id\":\"https:\\\/\\\/pozeskakuca.gmp.hr\\\/2023\\\/05\\\/12\\\/pozeska-kuca-na-medunarodnoj-konferenciji-bastina-u-funkciji-turizma\\\/\"},\"author\":{\"name\":\"admin_matej\",\"@id\":\"https:\\\/\\\/pozeskakuca.gmp.hr\\\/#\\\/schema\\\/person\\\/2538d9f50945a5db3d7ad1654a701dde\"},\"headline\":\"Po\u017ee\u0161ka ku\u0107a na me\u0111unarodnoj konferenciji &#8220;Ba\u0161tina u funkciji turizma&#8221;\",\"datePublished\":\"2023-05-12T06:52:20+00:00\",\"dateModified\":\"2023-05-12T06:57:19+00:00\",\"mainEntityOfPage\":{\"@id\":\"https:\\\/\\\/pozeskakuca.gmp.hr\\\/2023\\\/05\\\/12\\\/pozeska-kuca-na-medunarodnoj-konferenciji-bastina-u-funkciji-turizma\\\/\"},\"wordCount\":198,\"publisher\":{\"@id\":\"https:\\\/\\\/pozeskakuca.gmp.hr\\\/#organization\"},\"image\":{\"@id\":\"https:\\\/\\\/pozeskakuca.gmp.hr\\\/2023\\\/05\\\/12\\\/pozeska-kuca-na-medunarodnoj-konferenciji-bastina-u-funkciji-turizma\\\/#primaryimage\"},\"thumbnailUrl\":\"https:\\\/\\\/pozeskakuca.gmp.hr\\\/wp-content\\\/uploads\\\/2022\\\/11\\\/Pozeska-kuca-cep-i-cokolada-naslovna-scaled.jpg\",\"articleSection\":[\"Novosti\"],\"inLanguage\":\"en-GB\"},{\"@type\":\"WebPage\",\"@id\":\"https:\\\/\\\/pozeskakuca.gmp.hr\\\/2023\\\/05\\\/12\\\/pozeska-kuca-na-medunarodnoj-konferenciji-bastina-u-funkciji-turizma\\\/\",\"url\":\"https:\\\/\\\/pozeskakuca.gmp.hr\\\/2023\\\/05\\\/12\\\/pozeska-kuca-na-medunarodnoj-konferenciji-bastina-u-funkciji-turizma\\\/\",\"name\":\"Po\u017ee\u0161ka ku\u0107a na me\u0111unarodnoj konferenciji \\\"Ba\u0161tina u funkciji turizma\\\" - Po\u017ee\u0161ka ku\u0107a\",\"isPartOf\":{\"@id\":\"https:\\\/\\\/pozeskakuca.gmp.hr\\\/#website\"},\"primaryImageOfPage\":{\"@id\":\"https:\\\/\\\/pozeskakuca.gmp.hr\\\/2023\\\/05\\\/12\\\/pozeska-kuca-na-medunarodnoj-konferenciji-bastina-u-funkciji-turizma\\\/#primaryimage\"},\"image\":{\"@id\":\"https:\\\/\\\/pozeskakuca.gmp.hr\\\/2023\\\/05\\\/12\\\/pozeska-kuca-na-medunarodnoj-konferenciji-bastina-u-funkciji-turizma\\\/#primaryimage\"},\"thumbnailUrl\":\"https:\\\/\\\/pozeskakuca.gmp.hr\\\/wp-content\\\/uploads\\\/2022\\\/11\\\/Pozeska-kuca-cep-i-cokolada-naslovna-scaled.jpg\",\"datePublished\":\"2023-05-12T06:52:20+00:00\",\"dateModified\":\"2023-05-12T06:57:19+00:00\",\"breadcrumb\":{\"@id\":\"https:\\\/\\\/pozeskakuca.gmp.hr\\\/2023\\\/05\\\/12\\\/pozeska-kuca-na-medunarodnoj-konferenciji-bastina-u-funkciji-turizma\\\/#breadcrumb\"},\"inLanguage\":\"en-GB\",\"potentialAction\":[{\"@type\":\"ReadAction\",\"target\":[\"https:\\\/\\\/pozeskakuca.gmp.hr\\\/2023\\\/05\\\/12\\\/pozeska-kuca-na-medunarodnoj-konferenciji-bastina-u-funkciji-turizma\\\/\"]}]},{\"@type\":\"ImageObject\",\"inLanguage\":\"en-GB\",\"@id\":\"https:\\\/\\\/pozeskakuca.gmp.hr\\\/2023\\\/05\\\/12\\\/pozeska-kuca-na-medunarodnoj-konferenciji-bastina-u-funkciji-turizma\\\/#primaryimage\",\"url\":\"https:\\\/\\\/pozeskakuca.gmp.hr\\\/wp-content\\\/uploads\\\/2022\\\/11\\\/Pozeska-kuca-cep-i-cokolada-naslovna-scaled.jpg\",\"contentUrl\":\"https:\\\/\\\/pozeskakuca.gmp.hr\\\/wp-content\\\/uploads\\\/2022\\\/11\\\/Pozeska-kuca-cep-i-cokolada-naslovna-scaled.jpg\",\"width\":2560,\"height\":1709},{\"@type\":\"BreadcrumbList\",\"@id\":\"https:\\\/\\\/pozeskakuca.gmp.hr\\\/2023\\\/05\\\/12\\\/pozeska-kuca-na-medunarodnoj-konferenciji-bastina-u-funkciji-turizma\\\/#breadcrumb\",\"itemListElement\":[{\"@type\":\"ListItem\",\"position\":1,\"name\":\"Po\u010detna stranica\",\"item\":\"https:\\\/\\\/pozeskakuca.gmp.hr\\\/\"},{\"@type\":\"ListItem\",\"position\":2,\"name\":\"Po\u017ee\u0161ka ku\u0107a na me\u0111unarodnoj konferenciji &#8220;Ba\u0161tina u funkciji turizma&#8221;\"}]},{\"@type\":\"WebSite\",\"@id\":\"https:\\\/\\\/pozeskakuca.gmp.hr\\\/#website\",\"url\":\"https:\\\/\\\/pozeskakuca.gmp.hr\\\/\",\"name\":\"Po\u017ee\u0161ka ku\u0107a\",\"description\":\"\",\"publisher\":{\"@id\":\"https:\\\/\\\/pozeskakuca.gmp.hr\\\/#organization\"},\"potentialAction\":[{\"@type\":\"SearchAction\",\"target\":{\"@type\":\"EntryPoint\",\"urlTemplate\":\"https:\\\/\\\/pozeskakuca.gmp.hr\\\/?s={search_term_string}\"},\"query-input\":{\"@type\":\"PropertyValueSpecification\",\"valueRequired\":true,\"valueName\":\"search_term_string\"}}],\"inLanguage\":\"en-GB\"},{\"@type\":\"Organization\",\"@id\":\"https:\\\/\\\/pozeskakuca.gmp.hr\\\/#organization\",\"name\":\"Po\u017ee\u0161ka ku\u0107a\",\"url\":\"https:\\\/\\\/pozeskakuca.gmp.hr\\\/\",\"logo\":{\"@type\":\"ImageObject\",\"inLanguage\":\"en-GB\",\"@id\":\"https:\\\/\\\/pozeskakuca.gmp.hr\\\/#\\\/schema\\\/logo\\\/image\\\/\",\"url\":\"https:\\\/\\\/pozeskakuca.gmp.hr\\\/wp-content\\\/uploads\\\/2022\\\/09\\\/pk-logo1.png\",\"contentUrl\":\"https:\\\/\\\/pozeskakuca.gmp.hr\\\/wp-content\\\/uploads\\\/2022\\\/09\\\/pk-logo1.png\",\"width\":1368,\"height\":1153,\"caption\":\"Po\u017ee\u0161ka ku\u0107a\"},\"image\":{\"@id\":\"https:\\\/\\\/pozeskakuca.gmp.hr\\\/#\\\/schema\\\/logo\\\/image\\\/\"},\"sameAs\":[\"https:\\\/\\\/hr-hr.facebook.com\\\/muzej.pozega\\\/\"]},{\"@type\":\"Person\",\"@id\":\"https:\\\/\\\/pozeskakuca.gmp.hr\\\/#\\\/schema\\\/person\\\/2538d9f50945a5db3d7ad1654a701dde\",\"name\":\"admin_matej\",\"image\":{\"@type\":\"ImageObject\",\"inLanguage\":\"en-GB\",\"@id\":\"https:\\\/\\\/secure.gravatar.com\\\/avatar\\\/e93a0b81ded036501fe9dc2f1d7f0f8d01a9c1c68eec48450e4fad9dbd473411?s=96&d=mm&r=g\",\"url\":\"https:\\\/\\\/secure.gravatar.com\\\/avatar\\\/e93a0b81ded036501fe9dc2f1d7f0f8d01a9c1c68eec48450e4fad9dbd473411?s=96&d=mm&r=g\",\"contentUrl\":\"https:\\\/\\\/secure.gravatar.com\\\/avatar\\\/e93a0b81ded036501fe9dc2f1d7f0f8d01a9c1c68eec48450e4fad9dbd473411?s=96&d=mm&r=g\",\"caption\":\"admin_matej\"},\"sameAs\":[\"https:\\\/\\\/pozeskakuca.gmp.hr\"],\"url\":\"https:\\\/\\\/pozeskakuca.gmp.hr\\\/en\\\/author\\\/admin_matej\\\/\"}]}<\/script>\n<!-- \/ Yoast SEO plugin. -->","yoast_head_json":{"title":"Po\u017ee\u0161ka ku\u0107a na me\u0111unarodnoj konferenciji \"Ba\u0161tina u funkciji turizma\" - Po\u017ee\u0161ka ku\u0107a","robots":{"index":"index","follow":"follow","max-snippet":"max-snippet:-1","max-image-preview":"max-image-preview:large","max-video-preview":"max-video-preview:-1"},"canonical":"https:\/\/pozeskakuca.gmp.hr\/en\/2023\/05\/12\/pozeska-kuca-na-medunarodnoj-konferenciji-bastina-u-funkciji-turizma\/","og_locale":"en_GB","og_type":"article","og_title":"Po\u017ee\u0161ka ku\u0107a na me\u0111unarodnoj konferenciji \"Ba\u0161tina u funkciji turizma\" - Po\u017ee\u0161ka ku\u0107a","og_description":"Grad Pleternica bio je doma\u0107in 3. me\u0111unarodne konferenciju pod nazivom &#8220;Ba\u0161tina u funkciji turizma&#8221; u sklopu projekta &#8220;Svijet gra\u0161evine&#8221; koja se odr\u017eala 11. svibnja u Interpretacijskom centru Terra Panonica u Pleternici. Stru\u010dni predava\u010di pru\u017eili su uvid u sve aspekte nove generacije turista i njihove potrebe te je napravljena korelacija s interpretacijom ba\u0161tine na inovativne na\u010dine [&hellip;]","og_url":"https:\/\/pozeskakuca.gmp.hr\/en\/2023\/05\/12\/pozeska-kuca-na-medunarodnoj-konferenciji-bastina-u-funkciji-turizma\/","og_site_name":"Po\u017ee\u0161ka ku\u0107a","article_publisher":"https:\/\/hr-hr.facebook.com\/muzej.pozega\/","article_published_time":"2023-05-12T06:52:20+00:00","article_modified_time":"2023-05-12T06:57:19+00:00","og_image":[{"width":2560,"height":1709,"url":"https:\/\/pozeskakuca.gmp.hr\/wp-content\/uploads\/2022\/11\/Pozeska-kuca-cep-i-cokolada-naslovna-scaled.jpg","type":"image\/jpeg"}],"author":"admin_matej","twitter_card":"summary_large_image","twitter_misc":{"Written by":"admin_matej","Estimated reading time":"2 minutes"},"schema":{"@context":"https:\/\/schema.org","@graph":[{"@type":"Article","@id":"https:\/\/pozeskakuca.gmp.hr\/2023\/05\/12\/pozeska-kuca-na-medunarodnoj-konferenciji-bastina-u-funkciji-turizma\/#article","isPartOf":{"@id":"https:\/\/pozeskakuca.gmp.hr\/2023\/05\/12\/pozeska-kuca-na-medunarodnoj-konferenciji-bastina-u-funkciji-turizma\/"},"author":{"name":"admin_matej","@id":"https:\/\/pozeskakuca.gmp.hr\/#\/schema\/person\/2538d9f50945a5db3d7ad1654a701dde"},"headline":"Po\u017ee\u0161ka ku\u0107a na me\u0111unarodnoj konferenciji &#8220;Ba\u0161tina u funkciji turizma&#8221;","datePublished":"2023-05-12T06:52:20+00:00","dateModified":"2023-05-12T06:57:19+00:00","mainEntityOfPage":{"@id":"https:\/\/pozeskakuca.gmp.hr\/2023\/05\/12\/pozeska-kuca-na-medunarodnoj-konferenciji-bastina-u-funkciji-turizma\/"},"wordCount":198,"publisher":{"@id":"https:\/\/pozeskakuca.gmp.hr\/#organization"},"image":{"@id":"https:\/\/pozeskakuca.gmp.hr\/2023\/05\/12\/pozeska-kuca-na-medunarodnoj-konferenciji-bastina-u-funkciji-turizma\/#primaryimage"},"thumbnailUrl":"https:\/\/pozeskakuca.gmp.hr\/wp-content\/uploads\/2022\/11\/Pozeska-kuca-cep-i-cokolada-naslovna-scaled.jpg","articleSection":["Novosti"],"inLanguage":"en-GB"},{"@type":"WebPage","@id":"https:\/\/pozeskakuca.gmp.hr\/2023\/05\/12\/pozeska-kuca-na-medunarodnoj-konferenciji-bastina-u-funkciji-turizma\/","url":"https:\/\/pozeskakuca.gmp.hr\/2023\/05\/12\/pozeska-kuca-na-medunarodnoj-konferenciji-bastina-u-funkciji-turizma\/","name":"Po\u017ee\u0161ka ku\u0107a na me\u0111unarodnoj konferenciji \"Ba\u0161tina u funkciji turizma\" - Po\u017ee\u0161ka ku\u0107a","isPartOf":{"@id":"https:\/\/pozeskakuca.gmp.hr\/#website"},"primaryImageOfPage":{"@id":"https:\/\/pozeskakuca.gmp.hr\/2023\/05\/12\/pozeska-kuca-na-medunarodnoj-konferenciji-bastina-u-funkciji-turizma\/#primaryimage"},"image":{"@id":"https:\/\/pozeskakuca.gmp.hr\/2023\/05\/12\/pozeska-kuca-na-medunarodnoj-konferenciji-bastina-u-funkciji-turizma\/#primaryimage"},"thumbnailUrl":"https:\/\/pozeskakuca.gmp.hr\/wp-content\/uploads\/2022\/11\/Pozeska-kuca-cep-i-cokolada-naslovna-scaled.jpg","datePublished":"2023-05-12T06:52:20+00:00","dateModified":"2023-05-12T06:57:19+00:00","breadcrumb":{"@id":"https:\/\/pozeskakuca.gmp.hr\/2023\/05\/12\/pozeska-kuca-na-medunarodnoj-konferenciji-bastina-u-funkciji-turizma\/#breadcrumb"},"inLanguage":"en-GB","potentialAction":[{"@type":"ReadAction","target":["https:\/\/pozeskakuca.gmp.hr\/2023\/05\/12\/pozeska-kuca-na-medunarodnoj-konferenciji-bastina-u-funkciji-turizma\/"]}]},{"@type":"ImageObject","inLanguage":"en-GB","@id":"https:\/\/pozeskakuca.gmp.hr\/2023\/05\/12\/pozeska-kuca-na-medunarodnoj-konferenciji-bastina-u-funkciji-turizma\/#primaryimage","url":"https:\/\/pozeskakuca.gmp.hr\/wp-content\/uploads\/2022\/11\/Pozeska-kuca-cep-i-cokolada-naslovna-scaled.jpg","contentUrl":"https:\/\/pozeskakuca.gmp.hr\/wp-content\/uploads\/2022\/11\/Pozeska-kuca-cep-i-cokolada-naslovna-scaled.jpg","width":2560,"height":1709},{"@type":"BreadcrumbList","@id":"https:\/\/pozeskakuca.gmp.hr\/2023\/05\/12\/pozeska-kuca-na-medunarodnoj-konferenciji-bastina-u-funkciji-turizma\/#breadcrumb","itemListElement":[{"@type":"ListItem","position":1,"name":"Po\u010detna stranica","item":"https:\/\/pozeskakuca.gmp.hr\/"},{"@type":"ListItem","position":2,"name":"Po\u017ee\u0161ka ku\u0107a na me\u0111unarodnoj konferenciji &#8220;Ba\u0161tina u funkciji turizma&#8221;"}]},{"@type":"WebSite","@id":"https:\/\/pozeskakuca.gmp.hr\/#website","url":"https:\/\/pozeskakuca.gmp.hr\/","name":"Po\u017eega house","description":"","publisher":{"@id":"https:\/\/pozeskakuca.gmp.hr\/#organization"},"potentialAction":[{"@type":"SearchAction","target":{"@type":"EntryPoint","urlTemplate":"https:\/\/pozeskakuca.gmp.hr\/?s={search_term_string}"},"query-input":{"@type":"PropertyValueSpecification","valueRequired":true,"valueName":"search_term_string"}}],"inLanguage":"en-GB"},{"@type":"Organization","@id":"https:\/\/pozeskakuca.gmp.hr\/#organization","name":"Po\u017eega house","url":"https:\/\/pozeskakuca.gmp.hr\/","logo":{"@type":"ImageObject","inLanguage":"en-GB","@id":"https:\/\/pozeskakuca.gmp.hr\/#\/schema\/logo\/image\/","url":"https:\/\/pozeskakuca.gmp.hr\/wp-content\/uploads\/2022\/09\/pk-logo1.png","contentUrl":"https:\/\/pozeskakuca.gmp.hr\/wp-content\/uploads\/2022\/09\/pk-logo1.png","width":1368,"height":1153,"caption":"Po\u017ee\u0161ka ku\u0107a"},"image":{"@id":"https:\/\/pozeskakuca.gmp.hr\/#\/schema\/logo\/image\/"},"sameAs":["https:\/\/hr-hr.facebook.com\/muzej.pozega\/"]},{"@type":"Person","@id":"https:\/\/pozeskakuca.gmp.hr\/#\/schema\/person\/2538d9f50945a5db3d7ad1654a701dde","name":"admin_matej","image":{"@type":"ImageObject","inLanguage":"en-GB","@id":"https:\/\/secure.gravatar.com\/avatar\/e93a0b81ded036501fe9dc2f1d7f0f8d01a9c1c68eec48450e4fad9dbd473411?s=96&d=mm&r=g","url":"https:\/\/secure.gravatar.com\/avatar\/e93a0b81ded036501fe9dc2f1d7f0f8d01a9c1c68eec48450e4fad9dbd473411?s=96&d=mm&r=g","contentUrl":"https:\/\/secure.gravatar.com\/avatar\/e93a0b81ded036501fe9dc2f1d7f0f8d01a9c1c68eec48450e4fad9dbd473411?s=96&d=mm&r=g","caption":"admin_matej"},"sameAs":["https:\/\/pozeskakuca.gmp.hr"],"url":"https:\/\/pozeskakuca.gmp.hr\/en\/author\/admin_matej\/"}]}},"_links":{"self":[{"href":"https:\/\/pozeskakuca.gmp.hr\/en\/wp-json\/wp\/v2\/posts\/1849","targetHints":{"allow":["GET"]}}],"collection":[{"href":"https:\/\/pozeskakuca.gmp.hr\/en\/wp-json\/wp\/v2\/posts"}],"about":[{"href":"https:\/\/pozeskakuca.gmp.hr\/en\/wp-json\/wp\/v2\/types\/post"}],"author":[{"embeddable":true,"href":"https:\/\/pozeskakuca.gmp.hr\/en\/wp-json\/wp\/v2\/users\/1"}],"replies":[{"embeddable":true,"href":"https:\/\/pozeskakuca.gmp.hr\/en\/wp-json\/wp\/v2\/comments?post=1849"}],"version-history":[{"count":0,"href":"https:\/\/pozeskakuca.gmp.hr\/en\/wp-json\/wp\/v2\/posts\/1849\/revisions"}],"wp:featuredmedia":[{"embeddable":true,"href":"https:\/\/pozeskakuca.gmp.hr\/en\/wp-json\/wp\/v2\/media\/1336"}],"wp:attachment":[{"href":"https:\/\/pozeskakuca.gmp.hr\/en\/wp-json\/wp\/v2\/media?parent=1849"}],"wp:term":[{"taxonomy":"category","embeddable":true,"href":"https:\/\/pozeskakuca.gmp.hr\/en\/wp-json\/wp\/v2\/categories?post=1849"},{"taxonomy":"post_tag","embeddable":true,"href":"https:\/\/pozeskakuca.gmp.hr\/en\/wp-json\/wp\/v2\/tags?post=1849"}],"curies":[{"name":"wp","href":"https:\/\/api.w.org\/{rel}","templated":true}]}}