{"id":1696,"date":"2023-02-13T13:53:40","date_gmt":"2023-02-13T12:53:40","guid":{"rendered":"https:\/\/pozeskakuca.hr\/?p=1696"},"modified":"2023-02-13T14:08:08","modified_gmt":"2023-02-13T13:08:08","slug":"literarni-susret-ucenika-povodom-stote-obljetnice-rodenja-matka-peica","status":"publish","type":"post","link":"https:\/\/pozeskakuca.gmp.hr\/en\/2023\/02\/13\/literarni-susret-ucenika-povodom-stote-obljetnice-rodenja-matka-peica\/","title":{"rendered":"Literarni susret u\u010denika povodom stote obljetnice ro\u0111enja Matka Pei\u0107a"},"content":{"rendered":"<div data-elementor-type=\"wp-post\" data-elementor-id=\"1696\" class=\"elementor elementor-1696\">\n\t\t\t\t\t\t<section class=\"elementor-section elementor-top-section elementor-element elementor-element-afa8841 elementor-section-boxed elementor-section-height-default elementor-section-height-default\" data-id=\"afa8841\" data-element_type=\"section\" data-e-type=\"section\">\n\t\t\t\t\t\t<div class=\"elementor-container elementor-column-gap-default\">\n\t\t\t\t\t<div class=\"elementor-column elementor-col-100 elementor-top-column elementor-element elementor-element-0a9bafc\" data-id=\"0a9bafc\" data-element_type=\"column\" data-e-type=\"column\">\n\t\t\t<div class=\"elementor-widget-wrap elementor-element-populated\">\n\t\t\t\t\t\t<div class=\"elementor-element elementor-element-6c28bbe elementor-widget elementor-widget-text-editor\" data-id=\"6c28bbe\" data-element_type=\"widget\" data-e-type=\"widget\" data-widget_type=\"text-editor.default\">\n\t\t\t\t<div class=\"elementor-widget-container\">\n\t\t\t\t\t\t\t\t\t<p>U sklopu obilje\u017eavanja stote obljetnice ro\u0111enja Matka Pei\u0107a odr\u017ean je literarni susret u\u010denika osnovnih \u0161kola grada Po\u017eege u Centru za posjetitelje Po\u017ee\u0161ka ku\u0107a.<\/p><p>Sudionici literarnog susreta bili su u\u010denici i u\u010denice Osnovne \u0161kole Dobri\u0161e Cesari\u0107a, Osnovne \u0161kole Julija Kempfa te Katoli\u010dke osnovne \u0161kole u pratnji svojih mentora\/nastavnika u okvirima svojih literarnih skupina. Uvodnu rije\u010d imale su ravnateljica Gradskog muzeja Po\u017eega Lidija \u0160pani\u010dek te pro\u010delnica Odjela za dru\u0161tvene djelatnosti grada Po\u017eege Maja Petrovi\u0107 koje su u\u010denicima \u010destitale na literarnom radu te su im po\u017eeljele da motivaciju za pisanje i drugi literarni rad prona\u0111u upravo u Matku Pei\u0107u koji je ostavio veliki kulturni trag u Po\u017eegi.<\/p>\t\t\t\t\t\t\t\t<\/div>\n\t\t\t\t<\/div>\n\t\t\t\t<div class=\"elementor-element elementor-element-c227755 elementor-widget elementor-widget-text-editor\" data-id=\"c227755\" data-element_type=\"widget\" data-e-type=\"widget\" data-widget_type=\"text-editor.default\">\n\t\t\t\t<div class=\"elementor-widget-container\">\n\t\t\t\t\t\t\t\t\t<p>U\u010denici su nakon uvodnih pozdrava obi\u0161li Centar, isprobali multimediju te su se uputili u prostorije podruma gdje je ravnateljica Gradskog muzeja Po\u017eega Lidija \u0160pani\u010dek odr\u017eala kratko izlaganje o \u017eivotu i radu Matka Pei\u0107a, a nakon toga su odr\u017eana i izlaganja literarnih radova u\u010denika.<\/p>\t\t\t\t\t\t\t\t<\/div>\n\t\t\t\t<\/div>\n\t\t\t\t\t<\/div>\n\t\t<\/div>\n\t\t\t\t\t<\/div>\n\t\t<\/section>\n\t\t\t\t<section class=\"elementor-section elementor-top-section elementor-element elementor-element-41049ca elementor-section-boxed elementor-section-height-default elementor-section-height-default\" data-id=\"41049ca\" data-element_type=\"section\" data-e-type=\"section\">\n\t\t\t\t\t\t<div class=\"elementor-container elementor-column-gap-default\">\n\t\t\t\t\t<div class=\"elementor-column elementor-col-100 elementor-top-column elementor-element elementor-element-a03ec2a\" data-id=\"a03ec2a\" data-element_type=\"column\" data-e-type=\"column\">\n\t\t\t<div class=\"elementor-widget-wrap elementor-element-populated\">\n\t\t\t\t\t\t<div class=\"elementor-element elementor-element-c4c1788 gallery-spacing-custom elementor-widget elementor-widget-image-gallery\" data-id=\"c4c1788\" data-element_type=\"widget\" data-e-type=\"widget\" data-widget_type=\"image-gallery.default\">\n\t\t\t\t<div class=\"elementor-widget-container\">\n\t\t\t\t\t\t\t<div class=\"elementor-image-gallery\">\n\t\t\t<div id='gallery-1' class='gallery galleryid-1696 gallery-columns-3 gallery-size-ocean-thumb-l'><figure class='gallery-item'>\n\t\t\t<div class='gallery-icon landscape'>\n\t\t\t\t<a data-elementor-open-lightbox=\"no\" href='https:\/\/pozeskakuca.gmp.hr\/wp-content\/uploads\/2023\/02\/Matko-Peic-obilazak-Centra-scaled.jpeg'><img fetchpriority=\"high\" decoding=\"async\" width=\"1200\" height=\"700\" src=\"https:\/\/pozeskakuca.gmp.hr\/wp-content\/uploads\/2023\/02\/Matko-Peic-obilazak-Centra-1200x700.jpeg\" class=\"attachment-ocean-thumb-l size-ocean-thumb-l\" alt=\"\" \/><\/a>\n\t\t\t<\/div><\/figure><figure class='gallery-item'>\n\t\t\t<div class='gallery-icon portrait'>\n\t\t\t\t<a data-elementor-open-lightbox=\"no\" href='https:\/\/pozeskakuca.gmp.hr\/wp-content\/uploads\/2023\/02\/Matko-Peic-izlaganje-radova-ucenika-scaled.jpeg'><img decoding=\"async\" width=\"1200\" height=\"700\" src=\"https:\/\/pozeskakuca.gmp.hr\/wp-content\/uploads\/2023\/02\/Matko-Peic-izlaganje-radova-ucenika-1200x700.jpeg\" class=\"attachment-ocean-thumb-l size-ocean-thumb-l\" alt=\"\" \/><\/a>\n\t\t\t<\/div><\/figure><figure class='gallery-item'>\n\t\t\t<div class='gallery-icon landscape'>\n\t\t\t\t<a data-elementor-open-lightbox=\"no\" href='https:\/\/pozeskakuca.gmp.hr\/wp-content\/uploads\/2023\/02\/Matko-Peic-o-radu-i-zivotu-scaled.jpeg'><img decoding=\"async\" width=\"1200\" height=\"700\" src=\"https:\/\/pozeskakuca.gmp.hr\/wp-content\/uploads\/2023\/02\/Matko-Peic-o-radu-i-zivotu-1200x700.jpeg\" class=\"attachment-ocean-thumb-l size-ocean-thumb-l\" alt=\"\" \/><\/a>\n\t\t\t<\/div><\/figure><figure class='gallery-item'>\n\t\t\t<div class='gallery-icon portrait'>\n\t\t\t\t<a data-elementor-open-lightbox=\"no\" href='https:\/\/pozeskakuca.gmp.hr\/wp-content\/uploads\/2023\/02\/Matko-Peic-literarni-susret-scaled.jpeg'><img loading=\"lazy\" decoding=\"async\" width=\"1200\" height=\"700\" src=\"https:\/\/pozeskakuca.gmp.hr\/wp-content\/uploads\/2023\/02\/Matko-Peic-literarni-susret-1200x700.jpeg\" class=\"attachment-ocean-thumb-l size-ocean-thumb-l\" alt=\"\" \/><\/a>\n\t\t\t<\/div><\/figure><figure class='gallery-item'>\n\t\t\t<div class='gallery-icon portrait'>\n\t\t\t\t<a data-elementor-open-lightbox=\"no\" href='https:\/\/pozeskakuca.gmp.hr\/wp-content\/uploads\/2023\/02\/Matko-Peic-izlaganje-radova-scaled.jpeg'><img loading=\"lazy\" decoding=\"async\" width=\"1200\" height=\"700\" src=\"https:\/\/pozeskakuca.gmp.hr\/wp-content\/uploads\/2023\/02\/Matko-Peic-izlaganje-radova-1200x700.jpeg\" class=\"attachment-ocean-thumb-l size-ocean-thumb-l\" alt=\"\" \/><\/a>\n\t\t\t<\/div><\/figure><figure class='gallery-item'>\n\t\t\t<div class='gallery-icon portrait'>\n\t\t\t\t<a data-elementor-open-lightbox=\"no\" href='https:\/\/pozeskakuca.gmp.hr\/wp-content\/uploads\/2023\/02\/Matko-Peic-literarni-susret-citanje-scaled.jpeg'><img loading=\"lazy\" decoding=\"async\" width=\"1200\" height=\"700\" src=\"https:\/\/pozeskakuca.gmp.hr\/wp-content\/uploads\/2023\/02\/Matko-Peic-literarni-susret-citanje-1200x700.jpeg\" class=\"attachment-ocean-thumb-l size-ocean-thumb-l\" alt=\"\" \/><\/a>\n\t\t\t<\/div><\/figure>\n\t\t<\/div>\n\t\t<\/div>\n\t\t\t\t\t\t<\/div>\n\t\t\t\t<\/div>\n\t\t\t\t\t<\/div>\n\t\t<\/div>\n\t\t\t\t\t<\/div>\n\t\t<\/section>\n\t\t\t\t<\/div>","protected":false},"excerpt":{"rendered":"<p>U sklopu obilje\u017eavanja stote obljetnice ro\u0111enja Matka Pei\u0107a odr\u017ean je literarni susret u\u010denika osnovnih \u0161kola grada Po\u017eege u Centru za posjetitelje Po\u017ee\u0161ka ku\u0107a. Sudionici literarnog susreta bili su u\u010denici i u\u010denice Osnovne \u0161kole Dobri\u0161e Cesari\u0107a, Osnovne \u0161kole Julija Kempfa te Katoli\u010dke osnovne \u0161kole u pratnji svojih mentora\/nastavnika u okvirima svojih literarnih skupina. Uvodnu rije\u010d imale [&hellip;]<\/p>\n","protected":false},"author":1,"featured_media":1336,"comment_status":"closed","ping_status":"closed","sticky":false,"template":"","format":"standard","meta":{"ocean_post_layout":"","ocean_both_sidebars_style":"","ocean_both_sidebars_content_width":0,"ocean_both_sidebars_sidebars_width":0,"ocean_sidebar":"0","ocean_second_sidebar":"0","ocean_disable_margins":"enable","ocean_add_body_class":"","ocean_shortcode_before_top_bar":"","ocean_shortcode_after_top_bar":"","ocean_shortcode_before_header":"","ocean_shortcode_after_header":"","ocean_has_shortcode":"","ocean_shortcode_after_title":"","ocean_shortcode_before_footer_widgets":"","ocean_shortcode_after_footer_widgets":"","ocean_shortcode_before_footer_bottom":"","ocean_shortcode_after_footer_bottom":"","ocean_display_top_bar":"default","ocean_display_header":"default","ocean_header_style":"","ocean_center_header_left_menu":"0","ocean_custom_header_template":"0","ocean_custom_logo":0,"ocean_custom_retina_logo":0,"ocean_custom_logo_max_width":0,"ocean_custom_logo_tablet_max_width":0,"ocean_custom_logo_mobile_max_width":0,"ocean_custom_logo_max_height":0,"ocean_custom_logo_tablet_max_height":0,"ocean_custom_logo_mobile_max_height":0,"ocean_header_custom_menu":"0","ocean_menu_typo_font_family":"0","ocean_menu_typo_font_subset":"","ocean_menu_typo_font_size":0,"ocean_menu_typo_font_size_tablet":0,"ocean_menu_typo_font_size_mobile":0,"ocean_menu_typo_font_size_unit":"px","ocean_menu_typo_font_weight":"","ocean_menu_typo_font_weight_tablet":"","ocean_menu_typo_font_weight_mobile":"","ocean_menu_typo_transform":"","ocean_menu_typo_transform_tablet":"","ocean_menu_typo_transform_mobile":"","ocean_menu_typo_line_height":0,"ocean_menu_typo_line_height_tablet":0,"ocean_menu_typo_line_height_mobile":0,"ocean_menu_typo_line_height_unit":"","ocean_menu_typo_spacing":0,"ocean_menu_typo_spacing_tablet":0,"ocean_menu_typo_spacing_mobile":0,"ocean_menu_typo_spacing_unit":"","ocean_menu_link_color":"","ocean_menu_link_color_hover":"","ocean_menu_link_color_active":"","ocean_menu_link_background":"","ocean_menu_link_hover_background":"","ocean_menu_link_active_background":"","ocean_menu_social_links_bg":"","ocean_menu_social_hover_links_bg":"","ocean_menu_social_links_color":"","ocean_menu_social_hover_links_color":"","ocean_disable_title":"default","ocean_disable_heading":"default","ocean_post_title":"","ocean_post_subheading":"","ocean_post_title_style":"","ocean_post_title_background_color":"","ocean_post_title_background":0,"ocean_post_title_bg_image_position":"","ocean_post_title_bg_image_attachment":"","ocean_post_title_bg_image_repeat":"","ocean_post_title_bg_image_size":"","ocean_post_title_height":0,"ocean_post_title_bg_overlay":0.5,"ocean_post_title_bg_overlay_color":"","ocean_disable_breadcrumbs":"default","ocean_breadcrumbs_color":"","ocean_breadcrumbs_separator_color":"","ocean_breadcrumbs_links_color":"","ocean_breadcrumbs_links_hover_color":"","ocean_display_footer_widgets":"default","ocean_display_footer_bottom":"default","ocean_custom_footer_template":"0","ocean_post_oembed":"","ocean_post_self_hosted_media":"","ocean_post_video_embed":"","ocean_link_format":"","ocean_link_format_target":"self","ocean_quote_format":"","ocean_quote_format_link":"post","ocean_gallery_link_images":"off","ocean_gallery_id":[],"footnotes":""},"categories":[7],"tags":[],"class_list":["post-1696","post","type-post","status-publish","format-standard","has-post-thumbnail","hentry","category-novosti","entry","has-media"],"yoast_head":"<!-- This site is optimized with the Yoast SEO plugin v27.4 - https:\/\/yoast.com\/product\/yoast-seo-wordpress\/ -->\n<title>Literarni susret u\u010denika povodom stote obljetnice ro\u0111enja Matka Pei\u0107a - Po\u017ee\u0161ka ku\u0107a<\/title>\n<meta name=\"robots\" content=\"index, follow, max-snippet:-1, max-image-preview:large, max-video-preview:-1\" \/>\n<link rel=\"canonical\" href=\"https:\/\/pozeskakuca.gmp.hr\/en\/2023\/02\/13\/literarni-susret-ucenika-povodom-stote-obljetnice-rodenja-matka-peica\/\" \/>\n<meta property=\"og:locale\" content=\"en_GB\" \/>\n<meta property=\"og:type\" content=\"article\" \/>\n<meta property=\"og:title\" content=\"Literarni susret u\u010denika povodom stote obljetnice ro\u0111enja Matka Pei\u0107a - Po\u017ee\u0161ka ku\u0107a\" \/>\n<meta property=\"og:description\" content=\"U sklopu obilje\u017eavanja stote obljetnice ro\u0111enja Matka Pei\u0107a odr\u017ean je literarni susret u\u010denika osnovnih \u0161kola grada Po\u017eege u Centru za posjetitelje Po\u017ee\u0161ka ku\u0107a. Sudionici literarnog susreta bili su u\u010denici i u\u010denice Osnovne \u0161kole Dobri\u0161e Cesari\u0107a, Osnovne \u0161kole Julija Kempfa te Katoli\u010dke osnovne \u0161kole u pratnji svojih mentora\/nastavnika u okvirima svojih literarnih skupina. Uvodnu rije\u010d imale [&hellip;]\" \/>\n<meta property=\"og:url\" content=\"https:\/\/pozeskakuca.gmp.hr\/en\/2023\/02\/13\/literarni-susret-ucenika-povodom-stote-obljetnice-rodenja-matka-peica\/\" \/>\n<meta property=\"og:site_name\" content=\"Po\u017ee\u0161ka ku\u0107a\" \/>\n<meta property=\"article:publisher\" content=\"https:\/\/hr-hr.facebook.com\/muzej.pozega\/\" \/>\n<meta property=\"article:published_time\" content=\"2023-02-13T12:53:40+00:00\" \/>\n<meta property=\"article:modified_time\" content=\"2023-02-13T13:08:08+00:00\" \/>\n<meta property=\"og:image\" content=\"https:\/\/pozeskakuca.gmp.hr\/wp-content\/uploads\/2022\/11\/Pozeska-kuca-cep-i-cokolada-naslovna-scaled.jpg\" \/>\n\t<meta property=\"og:image:width\" content=\"2560\" \/>\n\t<meta property=\"og:image:height\" content=\"1709\" \/>\n\t<meta property=\"og:image:type\" content=\"image\/jpeg\" \/>\n<meta name=\"author\" content=\"admin_matej\" \/>\n<meta name=\"twitter:card\" content=\"summary_large_image\" \/>\n<meta name=\"twitter:label1\" content=\"Written by\" \/>\n\t<meta name=\"twitter:data1\" content=\"admin_matej\" \/>\n\t<meta name=\"twitter:label2\" content=\"Estimated reading time\" \/>\n\t<meta name=\"twitter:data2\" content=\"3 minutes\" \/>\n<script type=\"application\/ld+json\" class=\"yoast-schema-graph\">{\"@context\":\"https:\\\/\\\/schema.org\",\"@graph\":[{\"@type\":\"Article\",\"@id\":\"https:\\\/\\\/pozeskakuca.gmp.hr\\\/2023\\\/02\\\/13\\\/literarni-susret-ucenika-povodom-stote-obljetnice-rodenja-matka-peica\\\/#article\",\"isPartOf\":{\"@id\":\"https:\\\/\\\/pozeskakuca.gmp.hr\\\/2023\\\/02\\\/13\\\/literarni-susret-ucenika-povodom-stote-obljetnice-rodenja-matka-peica\\\/\"},\"author\":{\"name\":\"admin_matej\",\"@id\":\"https:\\\/\\\/pozeskakuca.gmp.hr\\\/#\\\/schema\\\/person\\\/2538d9f50945a5db3d7ad1654a701dde\"},\"headline\":\"Literarni susret u\u010denika povodom stote obljetnice ro\u0111enja Matka Pei\u0107a\",\"datePublished\":\"2023-02-13T12:53:40+00:00\",\"dateModified\":\"2023-02-13T13:08:08+00:00\",\"mainEntityOfPage\":{\"@id\":\"https:\\\/\\\/pozeskakuca.gmp.hr\\\/2023\\\/02\\\/13\\\/literarni-susret-ucenika-povodom-stote-obljetnice-rodenja-matka-peica\\\/\"},\"wordCount\":192,\"publisher\":{\"@id\":\"https:\\\/\\\/pozeskakuca.gmp.hr\\\/#organization\"},\"image\":{\"@id\":\"https:\\\/\\\/pozeskakuca.gmp.hr\\\/2023\\\/02\\\/13\\\/literarni-susret-ucenika-povodom-stote-obljetnice-rodenja-matka-peica\\\/#primaryimage\"},\"thumbnailUrl\":\"https:\\\/\\\/pozeskakuca.gmp.hr\\\/wp-content\\\/uploads\\\/2022\\\/11\\\/Pozeska-kuca-cep-i-cokolada-naslovna-scaled.jpg\",\"articleSection\":[\"Novosti\"],\"inLanguage\":\"en-GB\"},{\"@type\":\"WebPage\",\"@id\":\"https:\\\/\\\/pozeskakuca.gmp.hr\\\/2023\\\/02\\\/13\\\/literarni-susret-ucenika-povodom-stote-obljetnice-rodenja-matka-peica\\\/\",\"url\":\"https:\\\/\\\/pozeskakuca.gmp.hr\\\/2023\\\/02\\\/13\\\/literarni-susret-ucenika-povodom-stote-obljetnice-rodenja-matka-peica\\\/\",\"name\":\"Literarni susret u\u010denika povodom stote obljetnice ro\u0111enja Matka Pei\u0107a - Po\u017ee\u0161ka ku\u0107a\",\"isPartOf\":{\"@id\":\"https:\\\/\\\/pozeskakuca.gmp.hr\\\/#website\"},\"primaryImageOfPage\":{\"@id\":\"https:\\\/\\\/pozeskakuca.gmp.hr\\\/2023\\\/02\\\/13\\\/literarni-susret-ucenika-povodom-stote-obljetnice-rodenja-matka-peica\\\/#primaryimage\"},\"image\":{\"@id\":\"https:\\\/\\\/pozeskakuca.gmp.hr\\\/2023\\\/02\\\/13\\\/literarni-susret-ucenika-povodom-stote-obljetnice-rodenja-matka-peica\\\/#primaryimage\"},\"thumbnailUrl\":\"https:\\\/\\\/pozeskakuca.gmp.hr\\\/wp-content\\\/uploads\\\/2022\\\/11\\\/Pozeska-kuca-cep-i-cokolada-naslovna-scaled.jpg\",\"datePublished\":\"2023-02-13T12:53:40+00:00\",\"dateModified\":\"2023-02-13T13:08:08+00:00\",\"breadcrumb\":{\"@id\":\"https:\\\/\\\/pozeskakuca.gmp.hr\\\/2023\\\/02\\\/13\\\/literarni-susret-ucenika-povodom-stote-obljetnice-rodenja-matka-peica\\\/#breadcrumb\"},\"inLanguage\":\"en-GB\",\"potentialAction\":[{\"@type\":\"ReadAction\",\"target\":[\"https:\\\/\\\/pozeskakuca.gmp.hr\\\/2023\\\/02\\\/13\\\/literarni-susret-ucenika-povodom-stote-obljetnice-rodenja-matka-peica\\\/\"]}]},{\"@type\":\"ImageObject\",\"inLanguage\":\"en-GB\",\"@id\":\"https:\\\/\\\/pozeskakuca.gmp.hr\\\/2023\\\/02\\\/13\\\/literarni-susret-ucenika-povodom-stote-obljetnice-rodenja-matka-peica\\\/#primaryimage\",\"url\":\"https:\\\/\\\/pozeskakuca.gmp.hr\\\/wp-content\\\/uploads\\\/2022\\\/11\\\/Pozeska-kuca-cep-i-cokolada-naslovna-scaled.jpg\",\"contentUrl\":\"https:\\\/\\\/pozeskakuca.gmp.hr\\\/wp-content\\\/uploads\\\/2022\\\/11\\\/Pozeska-kuca-cep-i-cokolada-naslovna-scaled.jpg\",\"width\":2560,\"height\":1709},{\"@type\":\"BreadcrumbList\",\"@id\":\"https:\\\/\\\/pozeskakuca.gmp.hr\\\/2023\\\/02\\\/13\\\/literarni-susret-ucenika-povodom-stote-obljetnice-rodenja-matka-peica\\\/#breadcrumb\",\"itemListElement\":[{\"@type\":\"ListItem\",\"position\":1,\"name\":\"Po\u010detna stranica\",\"item\":\"https:\\\/\\\/pozeskakuca.gmp.hr\\\/\"},{\"@type\":\"ListItem\",\"position\":2,\"name\":\"Literarni susret u\u010denika povodom stote obljetnice ro\u0111enja Matka Pei\u0107a\"}]},{\"@type\":\"WebSite\",\"@id\":\"https:\\\/\\\/pozeskakuca.gmp.hr\\\/#website\",\"url\":\"https:\\\/\\\/pozeskakuca.gmp.hr\\\/\",\"name\":\"Po\u017ee\u0161ka ku\u0107a\",\"description\":\"\",\"publisher\":{\"@id\":\"https:\\\/\\\/pozeskakuca.gmp.hr\\\/#organization\"},\"potentialAction\":[{\"@type\":\"SearchAction\",\"target\":{\"@type\":\"EntryPoint\",\"urlTemplate\":\"https:\\\/\\\/pozeskakuca.gmp.hr\\\/?s={search_term_string}\"},\"query-input\":{\"@type\":\"PropertyValueSpecification\",\"valueRequired\":true,\"valueName\":\"search_term_string\"}}],\"inLanguage\":\"en-GB\"},{\"@type\":\"Organization\",\"@id\":\"https:\\\/\\\/pozeskakuca.gmp.hr\\\/#organization\",\"name\":\"Po\u017ee\u0161ka ku\u0107a\",\"url\":\"https:\\\/\\\/pozeskakuca.gmp.hr\\\/\",\"logo\":{\"@type\":\"ImageObject\",\"inLanguage\":\"en-GB\",\"@id\":\"https:\\\/\\\/pozeskakuca.gmp.hr\\\/#\\\/schema\\\/logo\\\/image\\\/\",\"url\":\"https:\\\/\\\/pozeskakuca.gmp.hr\\\/wp-content\\\/uploads\\\/2022\\\/09\\\/pk-logo1.png\",\"contentUrl\":\"https:\\\/\\\/pozeskakuca.gmp.hr\\\/wp-content\\\/uploads\\\/2022\\\/09\\\/pk-logo1.png\",\"width\":1368,\"height\":1153,\"caption\":\"Po\u017ee\u0161ka ku\u0107a\"},\"image\":{\"@id\":\"https:\\\/\\\/pozeskakuca.gmp.hr\\\/#\\\/schema\\\/logo\\\/image\\\/\"},\"sameAs\":[\"https:\\\/\\\/hr-hr.facebook.com\\\/muzej.pozega\\\/\"]},{\"@type\":\"Person\",\"@id\":\"https:\\\/\\\/pozeskakuca.gmp.hr\\\/#\\\/schema\\\/person\\\/2538d9f50945a5db3d7ad1654a701dde\",\"name\":\"admin_matej\",\"image\":{\"@type\":\"ImageObject\",\"inLanguage\":\"en-GB\",\"@id\":\"https:\\\/\\\/secure.gravatar.com\\\/avatar\\\/e93a0b81ded036501fe9dc2f1d7f0f8d01a9c1c68eec48450e4fad9dbd473411?s=96&d=mm&r=g\",\"url\":\"https:\\\/\\\/secure.gravatar.com\\\/avatar\\\/e93a0b81ded036501fe9dc2f1d7f0f8d01a9c1c68eec48450e4fad9dbd473411?s=96&d=mm&r=g\",\"contentUrl\":\"https:\\\/\\\/secure.gravatar.com\\\/avatar\\\/e93a0b81ded036501fe9dc2f1d7f0f8d01a9c1c68eec48450e4fad9dbd473411?s=96&d=mm&r=g\",\"caption\":\"admin_matej\"},\"sameAs\":[\"https:\\\/\\\/pozeskakuca.gmp.hr\"],\"url\":\"https:\\\/\\\/pozeskakuca.gmp.hr\\\/en\\\/author\\\/admin_matej\\\/\"}]}<\/script>\n<!-- \/ Yoast SEO plugin. -->","yoast_head_json":{"title":"Literarni susret u\u010denika povodom stote obljetnice ro\u0111enja Matka Pei\u0107a - Po\u017ee\u0161ka ku\u0107a","robots":{"index":"index","follow":"follow","max-snippet":"max-snippet:-1","max-image-preview":"max-image-preview:large","max-video-preview":"max-video-preview:-1"},"canonical":"https:\/\/pozeskakuca.gmp.hr\/en\/2023\/02\/13\/literarni-susret-ucenika-povodom-stote-obljetnice-rodenja-matka-peica\/","og_locale":"en_GB","og_type":"article","og_title":"Literarni susret u\u010denika povodom stote obljetnice ro\u0111enja Matka Pei\u0107a - Po\u017ee\u0161ka ku\u0107a","og_description":"U sklopu obilje\u017eavanja stote obljetnice ro\u0111enja Matka Pei\u0107a odr\u017ean je literarni susret u\u010denika osnovnih \u0161kola grada Po\u017eege u Centru za posjetitelje Po\u017ee\u0161ka ku\u0107a. Sudionici literarnog susreta bili su u\u010denici i u\u010denice Osnovne \u0161kole Dobri\u0161e Cesari\u0107a, Osnovne \u0161kole Julija Kempfa te Katoli\u010dke osnovne \u0161kole u pratnji svojih mentora\/nastavnika u okvirima svojih literarnih skupina. Uvodnu rije\u010d imale [&hellip;]","og_url":"https:\/\/pozeskakuca.gmp.hr\/en\/2023\/02\/13\/literarni-susret-ucenika-povodom-stote-obljetnice-rodenja-matka-peica\/","og_site_name":"Po\u017ee\u0161ka ku\u0107a","article_publisher":"https:\/\/hr-hr.facebook.com\/muzej.pozega\/","article_published_time":"2023-02-13T12:53:40+00:00","article_modified_time":"2023-02-13T13:08:08+00:00","og_image":[{"width":2560,"height":1709,"url":"https:\/\/pozeskakuca.gmp.hr\/wp-content\/uploads\/2022\/11\/Pozeska-kuca-cep-i-cokolada-naslovna-scaled.jpg","type":"image\/jpeg"}],"author":"admin_matej","twitter_card":"summary_large_image","twitter_misc":{"Written by":"admin_matej","Estimated reading time":"3 minutes"},"schema":{"@context":"https:\/\/schema.org","@graph":[{"@type":"Article","@id":"https:\/\/pozeskakuca.gmp.hr\/2023\/02\/13\/literarni-susret-ucenika-povodom-stote-obljetnice-rodenja-matka-peica\/#article","isPartOf":{"@id":"https:\/\/pozeskakuca.gmp.hr\/2023\/02\/13\/literarni-susret-ucenika-povodom-stote-obljetnice-rodenja-matka-peica\/"},"author":{"name":"admin_matej","@id":"https:\/\/pozeskakuca.gmp.hr\/#\/schema\/person\/2538d9f50945a5db3d7ad1654a701dde"},"headline":"Literarni susret u\u010denika povodom stote obljetnice ro\u0111enja Matka Pei\u0107a","datePublished":"2023-02-13T12:53:40+00:00","dateModified":"2023-02-13T13:08:08+00:00","mainEntityOfPage":{"@id":"https:\/\/pozeskakuca.gmp.hr\/2023\/02\/13\/literarni-susret-ucenika-povodom-stote-obljetnice-rodenja-matka-peica\/"},"wordCount":192,"publisher":{"@id":"https:\/\/pozeskakuca.gmp.hr\/#organization"},"image":{"@id":"https:\/\/pozeskakuca.gmp.hr\/2023\/02\/13\/literarni-susret-ucenika-povodom-stote-obljetnice-rodenja-matka-peica\/#primaryimage"},"thumbnailUrl":"https:\/\/pozeskakuca.gmp.hr\/wp-content\/uploads\/2022\/11\/Pozeska-kuca-cep-i-cokolada-naslovna-scaled.jpg","articleSection":["Novosti"],"inLanguage":"en-GB"},{"@type":"WebPage","@id":"https:\/\/pozeskakuca.gmp.hr\/2023\/02\/13\/literarni-susret-ucenika-povodom-stote-obljetnice-rodenja-matka-peica\/","url":"https:\/\/pozeskakuca.gmp.hr\/2023\/02\/13\/literarni-susret-ucenika-povodom-stote-obljetnice-rodenja-matka-peica\/","name":"Literarni susret u\u010denika povodom stote obljetnice ro\u0111enja Matka Pei\u0107a - Po\u017ee\u0161ka ku\u0107a","isPartOf":{"@id":"https:\/\/pozeskakuca.gmp.hr\/#website"},"primaryImageOfPage":{"@id":"https:\/\/pozeskakuca.gmp.hr\/2023\/02\/13\/literarni-susret-ucenika-povodom-stote-obljetnice-rodenja-matka-peica\/#primaryimage"},"image":{"@id":"https:\/\/pozeskakuca.gmp.hr\/2023\/02\/13\/literarni-susret-ucenika-povodom-stote-obljetnice-rodenja-matka-peica\/#primaryimage"},"thumbnailUrl":"https:\/\/pozeskakuca.gmp.hr\/wp-content\/uploads\/2022\/11\/Pozeska-kuca-cep-i-cokolada-naslovna-scaled.jpg","datePublished":"2023-02-13T12:53:40+00:00","dateModified":"2023-02-13T13:08:08+00:00","breadcrumb":{"@id":"https:\/\/pozeskakuca.gmp.hr\/2023\/02\/13\/literarni-susret-ucenika-povodom-stote-obljetnice-rodenja-matka-peica\/#breadcrumb"},"inLanguage":"en-GB","potentialAction":[{"@type":"ReadAction","target":["https:\/\/pozeskakuca.gmp.hr\/2023\/02\/13\/literarni-susret-ucenika-povodom-stote-obljetnice-rodenja-matka-peica\/"]}]},{"@type":"ImageObject","inLanguage":"en-GB","@id":"https:\/\/pozeskakuca.gmp.hr\/2023\/02\/13\/literarni-susret-ucenika-povodom-stote-obljetnice-rodenja-matka-peica\/#primaryimage","url":"https:\/\/pozeskakuca.gmp.hr\/wp-content\/uploads\/2022\/11\/Pozeska-kuca-cep-i-cokolada-naslovna-scaled.jpg","contentUrl":"https:\/\/pozeskakuca.gmp.hr\/wp-content\/uploads\/2022\/11\/Pozeska-kuca-cep-i-cokolada-naslovna-scaled.jpg","width":2560,"height":1709},{"@type":"BreadcrumbList","@id":"https:\/\/pozeskakuca.gmp.hr\/2023\/02\/13\/literarni-susret-ucenika-povodom-stote-obljetnice-rodenja-matka-peica\/#breadcrumb","itemListElement":[{"@type":"ListItem","position":1,"name":"Po\u010detna stranica","item":"https:\/\/pozeskakuca.gmp.hr\/"},{"@type":"ListItem","position":2,"name":"Literarni susret u\u010denika povodom stote obljetnice ro\u0111enja Matka Pei\u0107a"}]},{"@type":"WebSite","@id":"https:\/\/pozeskakuca.gmp.hr\/#website","url":"https:\/\/pozeskakuca.gmp.hr\/","name":"Po\u017eega house","description":"","publisher":{"@id":"https:\/\/pozeskakuca.gmp.hr\/#organization"},"potentialAction":[{"@type":"SearchAction","target":{"@type":"EntryPoint","urlTemplate":"https:\/\/pozeskakuca.gmp.hr\/?s={search_term_string}"},"query-input":{"@type":"PropertyValueSpecification","valueRequired":true,"valueName":"search_term_string"}}],"inLanguage":"en-GB"},{"@type":"Organization","@id":"https:\/\/pozeskakuca.gmp.hr\/#organization","name":"Po\u017eega house","url":"https:\/\/pozeskakuca.gmp.hr\/","logo":{"@type":"ImageObject","inLanguage":"en-GB","@id":"https:\/\/pozeskakuca.gmp.hr\/#\/schema\/logo\/image\/","url":"https:\/\/pozeskakuca.gmp.hr\/wp-content\/uploads\/2022\/09\/pk-logo1.png","contentUrl":"https:\/\/pozeskakuca.gmp.hr\/wp-content\/uploads\/2022\/09\/pk-logo1.png","width":1368,"height":1153,"caption":"Po\u017ee\u0161ka ku\u0107a"},"image":{"@id":"https:\/\/pozeskakuca.gmp.hr\/#\/schema\/logo\/image\/"},"sameAs":["https:\/\/hr-hr.facebook.com\/muzej.pozega\/"]},{"@type":"Person","@id":"https:\/\/pozeskakuca.gmp.hr\/#\/schema\/person\/2538d9f50945a5db3d7ad1654a701dde","name":"admin_matej","image":{"@type":"ImageObject","inLanguage":"en-GB","@id":"https:\/\/secure.gravatar.com\/avatar\/e93a0b81ded036501fe9dc2f1d7f0f8d01a9c1c68eec48450e4fad9dbd473411?s=96&d=mm&r=g","url":"https:\/\/secure.gravatar.com\/avatar\/e93a0b81ded036501fe9dc2f1d7f0f8d01a9c1c68eec48450e4fad9dbd473411?s=96&d=mm&r=g","contentUrl":"https:\/\/secure.gravatar.com\/avatar\/e93a0b81ded036501fe9dc2f1d7f0f8d01a9c1c68eec48450e4fad9dbd473411?s=96&d=mm&r=g","caption":"admin_matej"},"sameAs":["https:\/\/pozeskakuca.gmp.hr"],"url":"https:\/\/pozeskakuca.gmp.hr\/en\/author\/admin_matej\/"}]}},"_links":{"self":[{"href":"https:\/\/pozeskakuca.gmp.hr\/en\/wp-json\/wp\/v2\/posts\/1696","targetHints":{"allow":["GET"]}}],"collection":[{"href":"https:\/\/pozeskakuca.gmp.hr\/en\/wp-json\/wp\/v2\/posts"}],"about":[{"href":"https:\/\/pozeskakuca.gmp.hr\/en\/wp-json\/wp\/v2\/types\/post"}],"author":[{"embeddable":true,"href":"https:\/\/pozeskakuca.gmp.hr\/en\/wp-json\/wp\/v2\/users\/1"}],"replies":[{"embeddable":true,"href":"https:\/\/pozeskakuca.gmp.hr\/en\/wp-json\/wp\/v2\/comments?post=1696"}],"version-history":[{"count":0,"href":"https:\/\/pozeskakuca.gmp.hr\/en\/wp-json\/wp\/v2\/posts\/1696\/revisions"}],"wp:featuredmedia":[{"embeddable":true,"href":"https:\/\/pozeskakuca.gmp.hr\/en\/wp-json\/wp\/v2\/media\/1336"}],"wp:attachment":[{"href":"https:\/\/pozeskakuca.gmp.hr\/en\/wp-json\/wp\/v2\/media?parent=1696"}],"wp:term":[{"taxonomy":"category","embeddable":true,"href":"https:\/\/pozeskakuca.gmp.hr\/en\/wp-json\/wp\/v2\/categories?post=1696"},{"taxonomy":"post_tag","embeddable":true,"href":"https:\/\/pozeskakuca.gmp.hr\/en\/wp-json\/wp\/v2\/tags?post=1696"}],"curies":[{"name":"wp","href":"https:\/\/api.w.org\/{rel}","templated":true}]}}