{"id":1674,"date":"2023-01-31T13:05:28","date_gmt":"2023-01-31T12:05:28","guid":{"rendered":"https:\/\/pozeskakuca.hr\/?p=1674"},"modified":"2023-01-31T13:18:47","modified_gmt":"2023-01-31T12:18:47","slug":"noc-muzeja-odrzana-u-pozeskoj-kuci","status":"publish","type":"post","link":"https:\/\/pozeskakuca.gmp.hr\/en\/2023\/01\/31\/noc-muzeja-odrzana-u-pozeskoj-kuci\/","title":{"rendered":"No\u0107 muzeja odr\u017eana u Po\u017ee\u0161koj ku\u0107i"},"content":{"rendered":"<div data-elementor-type=\"wp-post\" data-elementor-id=\"1674\" class=\"elementor elementor-1674\">\n\t\t\t\t\t\t<section class=\"elementor-section elementor-top-section elementor-element elementor-element-9ba8a91 elementor-section-boxed elementor-section-height-default elementor-section-height-default\" data-id=\"9ba8a91\" data-element_type=\"section\" data-e-type=\"section\">\n\t\t\t\t\t\t<div class=\"elementor-container elementor-column-gap-default\">\n\t\t\t\t\t<div class=\"elementor-column elementor-col-100 elementor-top-column elementor-element elementor-element-d6e57c0\" data-id=\"d6e57c0\" data-element_type=\"column\" data-e-type=\"column\">\n\t\t\t<div class=\"elementor-widget-wrap elementor-element-populated\">\n\t\t\t\t\t\t<div class=\"elementor-element elementor-element-16d0216 elementor-widget elementor-widget-text-editor\" data-id=\"16d0216\" data-element_type=\"widget\" data-e-type=\"widget\" data-widget_type=\"text-editor.default\">\n\t\t\t\t<div class=\"elementor-widget-container\">\n\t\t\t\t\t\t\t\t\t<p style=\"text-align: center;\">U petak, 27. sije\u010dnja, u Centru za posjetitelje <em>Po\u017eega house<\/em>, u organizaciji Gradskog muzeja Po\u017eega odr\u017eana je <strong>Muzejska no\u0107 2023.<\/strong><\/p>\t\t\t\t\t\t\t\t<\/div>\n\t\t\t\t<\/div>\n\t\t\t\t\t<\/div>\n\t\t<\/div>\n\t\t\t\t\t<\/div>\n\t\t<\/section>\n\t\t\t\t<section class=\"elementor-section elementor-top-section elementor-element elementor-element-c1bb179 elementor-section-boxed elementor-section-height-default elementor-section-height-default\" data-id=\"c1bb179\" data-element_type=\"section\" data-e-type=\"section\">\n\t\t\t\t\t\t<div class=\"elementor-container elementor-column-gap-default\">\n\t\t\t\t\t<div class=\"elementor-column elementor-col-100 elementor-top-column elementor-element elementor-element-07ebf10\" data-id=\"07ebf10\" data-element_type=\"column\" data-e-type=\"column\">\n\t\t\t<div class=\"elementor-widget-wrap elementor-element-populated\">\n\t\t\t\t\t\t<div class=\"elementor-element elementor-element-9c9cc7a elementor-widget elementor-widget-text-editor\" data-id=\"9c9cc7a\" data-element_type=\"widget\" data-e-type=\"widget\" data-widget_type=\"text-editor.default\">\n\t\t\t\t<div class=\"elementor-widget-container\">\n\t\t\t\t\t\t\t\t\t<p>Muzeji su va\u017eni! ovogodi\u0161nja je krilatica No\u0107i muzeja. Po\u017ee\u0161ka ku\u0107a kao novootvoreni odjel Gradskog muzeja Po\u017eega sa stalnim postavom oboga\u0107enim interaktivnom multimedijom bio je centralna to\u010dka po\u017ee\u0161ke No\u0107i muzeja. Uvodnim pozdravom v.d. ravnateljice, prof. art. Lidija \u0160pani\u010dek istaknula je va\u017enost \u010duvanja tradicije na ovaj na\u010din te je naglasila va\u017enost povezivanja digitalne tehnologije s tradicijom i kulturom \u0161to \u010dini Po\u017ee\u0161ku ku\u0107u centrom kulturnog turizma u Po\u017eegi. Posjetitelji su tako u\u017eivali u vo\u017enji biciklom po po\u017ee\u0161kom gorju, isprobali vlastito znanje o Po\u017eegi u kvizu, sukobili se s barunom Trenkom u dvoboju te poslu\u0161ali tradicionalne recepte projekta Muzej u loncu, ali isto tako i zanimljive ljubavne pri\u010de znamenitih Po\u017ee\u017eana!<\/p>\t\t\t\t\t\t\t\t<\/div>\n\t\t\t\t<\/div>\n\t\t\t\t\t<\/div>\n\t\t<\/div>\n\t\t\t\t\t<\/div>\n\t\t<\/section>\n\t\t\t\t<section class=\"elementor-section elementor-top-section elementor-element elementor-element-606facd elementor-section-boxed elementor-section-height-default elementor-section-height-default\" data-id=\"606facd\" data-element_type=\"section\" data-e-type=\"section\">\n\t\t\t\t\t\t<div class=\"elementor-container elementor-column-gap-default\">\n\t\t\t\t\t<div class=\"elementor-column elementor-col-100 elementor-top-column elementor-element elementor-element-79bcbc3\" data-id=\"79bcbc3\" data-element_type=\"column\" data-e-type=\"column\">\n\t\t\t<div class=\"elementor-widget-wrap elementor-element-populated\">\n\t\t\t\t\t\t<div class=\"elementor-element elementor-element-fe4789f gallery-spacing-custom elementor-widget elementor-widget-image-gallery\" data-id=\"fe4789f\" data-element_type=\"widget\" data-e-type=\"widget\" data-widget_type=\"image-gallery.default\">\n\t\t\t\t<div class=\"elementor-widget-container\">\n\t\t\t\t\t\t\t<div class=\"elementor-image-gallery\">\n\t\t\t<div id='gallery-1' class='gallery galleryid-1674 gallery-columns-3 gallery-size-full'><figure class='gallery-item'>\n\t\t\t<div class='gallery-icon landscape'>\n\t\t\t\t<a data-elementor-open-lightbox=\"no\" href='https:\/\/pozeskakuca.gmp.hr\/wp-content\/uploads\/2023\/01\/Noc-muzeja-u-Pozeskoj-kuci-2023.-barun-Trenk.jpg'><img fetchpriority=\"high\" decoding=\"async\" width=\"1600\" height=\"1067\" src=\"https:\/\/pozeskakuca.gmp.hr\/wp-content\/uploads\/2023\/01\/Noc-muzeja-u-Pozeskoj-kuci-2023.-barun-Trenk.jpg\" class=\"attachment-full size-full\" alt=\"\" srcset=\"https:\/\/pozeskakuca.gmp.hr\/wp-content\/uploads\/2023\/01\/Noc-muzeja-u-Pozeskoj-kuci-2023.-barun-Trenk.jpg 1600w, https:\/\/pozeskakuca.gmp.hr\/wp-content\/uploads\/2023\/01\/Noc-muzeja-u-Pozeskoj-kuci-2023.-barun-Trenk-768x512.jpg 768w, https:\/\/pozeskakuca.gmp.hr\/wp-content\/uploads\/2023\/01\/Noc-muzeja-u-Pozeskoj-kuci-2023.-barun-Trenk-1536x1024.jpg 1536w, https:\/\/pozeskakuca.gmp.hr\/wp-content\/uploads\/2023\/01\/Noc-muzeja-u-Pozeskoj-kuci-2023.-barun-Trenk-18x12.jpg 18w\" sizes=\"(max-width: 1600px) 100vw, 1600px\" \/><\/a>\n\t\t\t<\/div><\/figure><figure class='gallery-item'>\n\t\t\t<div class='gallery-icon landscape'>\n\t\t\t\t<a data-elementor-open-lightbox=\"no\" href='https:\/\/pozeskakuca.gmp.hr\/wp-content\/uploads\/2023\/01\/Noc-muzeja-u-Pozeskoj-kuci-2023.-bicikl.jpg'><img decoding=\"async\" width=\"1600\" height=\"1067\" src=\"https:\/\/pozeskakuca.gmp.hr\/wp-content\/uploads\/2023\/01\/Noc-muzeja-u-Pozeskoj-kuci-2023.-bicikl.jpg\" class=\"attachment-full size-full\" alt=\"\" srcset=\"https:\/\/pozeskakuca.gmp.hr\/wp-content\/uploads\/2023\/01\/Noc-muzeja-u-Pozeskoj-kuci-2023.-bicikl.jpg 1600w, https:\/\/pozeskakuca.gmp.hr\/wp-content\/uploads\/2023\/01\/Noc-muzeja-u-Pozeskoj-kuci-2023.-bicikl-768x512.jpg 768w, https:\/\/pozeskakuca.gmp.hr\/wp-content\/uploads\/2023\/01\/Noc-muzeja-u-Pozeskoj-kuci-2023.-bicikl-1536x1024.jpg 1536w, https:\/\/pozeskakuca.gmp.hr\/wp-content\/uploads\/2023\/01\/Noc-muzeja-u-Pozeskoj-kuci-2023.-bicikl-18x12.jpg 18w\" sizes=\"(max-width: 1600px) 100vw, 1600px\" \/><\/a>\n\t\t\t<\/div><\/figure><figure class='gallery-item'>\n\t\t\t<div class='gallery-icon landscape'>\n\t\t\t\t<a data-elementor-open-lightbox=\"no\" href='https:\/\/pozeskakuca.gmp.hr\/wp-content\/uploads\/2023\/01\/Noc-muzeja-u-Pozeskoj-kuci-2023.-kviz.jpg'><img decoding=\"async\" width=\"1600\" height=\"1067\" src=\"https:\/\/pozeskakuca.gmp.hr\/wp-content\/uploads\/2023\/01\/Noc-muzeja-u-Pozeskoj-kuci-2023.-kviz.jpg\" class=\"attachment-full size-full\" alt=\"\" srcset=\"https:\/\/pozeskakuca.gmp.hr\/wp-content\/uploads\/2023\/01\/Noc-muzeja-u-Pozeskoj-kuci-2023.-kviz.jpg 1600w, https:\/\/pozeskakuca.gmp.hr\/wp-content\/uploads\/2023\/01\/Noc-muzeja-u-Pozeskoj-kuci-2023.-kviz-768x512.jpg 768w, https:\/\/pozeskakuca.gmp.hr\/wp-content\/uploads\/2023\/01\/Noc-muzeja-u-Pozeskoj-kuci-2023.-kviz-1536x1024.jpg 1536w, https:\/\/pozeskakuca.gmp.hr\/wp-content\/uploads\/2023\/01\/Noc-muzeja-u-Pozeskoj-kuci-2023.-kviz-18x12.jpg 18w\" sizes=\"(max-width: 1600px) 100vw, 1600px\" \/><\/a>\n\t\t\t<\/div><\/figure><figure class='gallery-item'>\n\t\t\t<div class='gallery-icon landscape'>\n\t\t\t\t<a data-elementor-open-lightbox=\"no\" href='https:\/\/pozeskakuca.gmp.hr\/wp-content\/uploads\/2023\/01\/Noc-muzeja-u-Pozeskoj-kuci-2023.-otvorenje.jpg'><img loading=\"lazy\" decoding=\"async\" width=\"1600\" height=\"1067\" src=\"https:\/\/pozeskakuca.gmp.hr\/wp-content\/uploads\/2023\/01\/Noc-muzeja-u-Pozeskoj-kuci-2023.-otvorenje.jpg\" class=\"attachment-full size-full\" alt=\"\" srcset=\"https:\/\/pozeskakuca.gmp.hr\/wp-content\/uploads\/2023\/01\/Noc-muzeja-u-Pozeskoj-kuci-2023.-otvorenje.jpg 1600w, https:\/\/pozeskakuca.gmp.hr\/wp-content\/uploads\/2023\/01\/Noc-muzeja-u-Pozeskoj-kuci-2023.-otvorenje-768x512.jpg 768w, https:\/\/pozeskakuca.gmp.hr\/wp-content\/uploads\/2023\/01\/Noc-muzeja-u-Pozeskoj-kuci-2023.-otvorenje-1536x1024.jpg 1536w, https:\/\/pozeskakuca.gmp.hr\/wp-content\/uploads\/2023\/01\/Noc-muzeja-u-Pozeskoj-kuci-2023.-otvorenje-18x12.jpg 18w\" sizes=\"(max-width: 1600px) 100vw, 1600px\" \/><\/a>\n\t\t\t<\/div><\/figure><figure class='gallery-item'>\n\t\t\t<div class='gallery-icon landscape'>\n\t\t\t\t<a data-elementor-open-lightbox=\"no\" href='https:\/\/pozeskakuca.gmp.hr\/wp-content\/uploads\/2023\/01\/Noc-muzeja-u-Pozeskoj-kuci-2023.-podrum.jpg'><img loading=\"lazy\" decoding=\"async\" width=\"1600\" height=\"1067\" src=\"https:\/\/pozeskakuca.gmp.hr\/wp-content\/uploads\/2023\/01\/Noc-muzeja-u-Pozeskoj-kuci-2023.-podrum.jpg\" class=\"attachment-full size-full\" alt=\"\" srcset=\"https:\/\/pozeskakuca.gmp.hr\/wp-content\/uploads\/2023\/01\/Noc-muzeja-u-Pozeskoj-kuci-2023.-podrum.jpg 1600w, https:\/\/pozeskakuca.gmp.hr\/wp-content\/uploads\/2023\/01\/Noc-muzeja-u-Pozeskoj-kuci-2023.-podrum-768x512.jpg 768w, https:\/\/pozeskakuca.gmp.hr\/wp-content\/uploads\/2023\/01\/Noc-muzeja-u-Pozeskoj-kuci-2023.-podrum-1536x1024.jpg 1536w, https:\/\/pozeskakuca.gmp.hr\/wp-content\/uploads\/2023\/01\/Noc-muzeja-u-Pozeskoj-kuci-2023.-podrum-18x12.jpg 18w\" sizes=\"(max-width: 1600px) 100vw, 1600px\" \/><\/a>\n\t\t\t<\/div><\/figure><figure class='gallery-item'>\n\t\t\t<div class='gallery-icon landscape'>\n\t\t\t\t<a data-elementor-open-lightbox=\"no\" href='https:\/\/pozeskakuca.gmp.hr\/wp-content\/uploads\/2023\/01\/Noc-muzeja-u-Pozeskoj-kuci-2023.-suveniri.jpg'><img loading=\"lazy\" decoding=\"async\" width=\"1600\" height=\"1067\" src=\"https:\/\/pozeskakuca.gmp.hr\/wp-content\/uploads\/2023\/01\/Noc-muzeja-u-Pozeskoj-kuci-2023.-suveniri.jpg\" class=\"attachment-full size-full\" alt=\"\" srcset=\"https:\/\/pozeskakuca.gmp.hr\/wp-content\/uploads\/2023\/01\/Noc-muzeja-u-Pozeskoj-kuci-2023.-suveniri.jpg 1600w, https:\/\/pozeskakuca.gmp.hr\/wp-content\/uploads\/2023\/01\/Noc-muzeja-u-Pozeskoj-kuci-2023.-suveniri-768x512.jpg 768w, https:\/\/pozeskakuca.gmp.hr\/wp-content\/uploads\/2023\/01\/Noc-muzeja-u-Pozeskoj-kuci-2023.-suveniri-1536x1024.jpg 1536w, https:\/\/pozeskakuca.gmp.hr\/wp-content\/uploads\/2023\/01\/Noc-muzeja-u-Pozeskoj-kuci-2023.-suveniri-18x12.jpg 18w\" sizes=\"(max-width: 1600px) 100vw, 1600px\" \/><\/a>\n\t\t\t<\/div><\/figure>\n\t\t<\/div>\n\t\t<\/div>\n\t\t\t\t\t\t<\/div>\n\t\t\t\t<\/div>\n\t\t\t\t\t<\/div>\n\t\t<\/div>\n\t\t\t\t\t<\/div>\n\t\t<\/section>\n\t\t\t\t<\/div>","protected":false},"excerpt":{"rendered":"<p>U petak, 27. sije\u010dnja, u Centru za posjetitelje Po\u017ee\u0161ka ku\u0107a, u organizaciji Gradskog muzeja Po\u017eega odr\u017eana je Muzejska no\u0107 2023. Muzeji su va\u017eni! ovogodi\u0161nja je krilatica No\u0107i muzeja. Po\u017ee\u0161ka ku\u0107a kao novootvoreni odjel Gradskog muzeja Po\u017eega sa stalnim postavom oboga\u0107enim interaktivnom multimedijom bio je centralna to\u010dka po\u017ee\u0161ke No\u0107i muzeja. Uvodnim pozdravom v.d. ravnateljice, prof. art. [&hellip;]<\/p>\n","protected":false},"author":1,"featured_media":1337,"comment_status":"closed","ping_status":"closed","sticky":false,"template":"","format":"standard","meta":{"ocean_post_layout":"","ocean_both_sidebars_style":"","ocean_both_sidebars_content_width":0,"ocean_both_sidebars_sidebars_width":0,"ocean_sidebar":"0","ocean_second_sidebar":"0","ocean_disable_margins":"enable","ocean_add_body_class":"","ocean_shortcode_before_top_bar":"","ocean_shortcode_after_top_bar":"","ocean_shortcode_before_header":"","ocean_shortcode_after_header":"","ocean_has_shortcode":"","ocean_shortcode_after_title":"","ocean_shortcode_before_footer_widgets":"","ocean_shortcode_after_footer_widgets":"","ocean_shortcode_before_footer_bottom":"","ocean_shortcode_after_footer_bottom":"","ocean_display_top_bar":"default","ocean_display_header":"default","ocean_header_style":"","ocean_center_header_left_menu":"0","ocean_custom_header_template":"0","ocean_custom_logo":0,"ocean_custom_retina_logo":0,"ocean_custom_logo_max_width":0,"ocean_custom_logo_tablet_max_width":0,"ocean_custom_logo_mobile_max_width":0,"ocean_custom_logo_max_height":0,"ocean_custom_logo_tablet_max_height":0,"ocean_custom_logo_mobile_max_height":0,"ocean_header_custom_menu":"0","ocean_menu_typo_font_family":"0","ocean_menu_typo_font_subset":"","ocean_menu_typo_font_size":0,"ocean_menu_typo_font_size_tablet":0,"ocean_menu_typo_font_size_mobile":0,"ocean_menu_typo_font_size_unit":"px","ocean_menu_typo_font_weight":"","ocean_menu_typo_font_weight_tablet":"","ocean_menu_typo_font_weight_mobile":"","ocean_menu_typo_transform":"","ocean_menu_typo_transform_tablet":"","ocean_menu_typo_transform_mobile":"","ocean_menu_typo_line_height":0,"ocean_menu_typo_line_height_tablet":0,"ocean_menu_typo_line_height_mobile":0,"ocean_menu_typo_line_height_unit":"","ocean_menu_typo_spacing":0,"ocean_menu_typo_spacing_tablet":0,"ocean_menu_typo_spacing_mobile":0,"ocean_menu_typo_spacing_unit":"","ocean_menu_link_color":"","ocean_menu_link_color_hover":"","ocean_menu_link_color_active":"","ocean_menu_link_background":"","ocean_menu_link_hover_background":"","ocean_menu_link_active_background":"","ocean_menu_social_links_bg":"","ocean_menu_social_hover_links_bg":"","ocean_menu_social_links_color":"","ocean_menu_social_hover_links_color":"","ocean_disable_title":"default","ocean_disable_heading":"default","ocean_post_title":"","ocean_post_subheading":"","ocean_post_title_style":"","ocean_post_title_background_color":"","ocean_post_title_background":0,"ocean_post_title_bg_image_position":"","ocean_post_title_bg_image_attachment":"","ocean_post_title_bg_image_repeat":"","ocean_post_title_bg_image_size":"","ocean_post_title_height":0,"ocean_post_title_bg_overlay":0.5,"ocean_post_title_bg_overlay_color":"","ocean_disable_breadcrumbs":"default","ocean_breadcrumbs_color":"","ocean_breadcrumbs_separator_color":"","ocean_breadcrumbs_links_color":"","ocean_breadcrumbs_links_hover_color":"","ocean_display_footer_widgets":"default","ocean_display_footer_bottom":"default","ocean_custom_footer_template":"0","ocean_post_oembed":"","ocean_post_self_hosted_media":"","ocean_post_video_embed":"","ocean_link_format":"","ocean_link_format_target":"self","ocean_quote_format":"","ocean_quote_format_link":"post","ocean_gallery_link_images":"off","ocean_gallery_id":[],"footnotes":""},"categories":[7],"tags":[],"class_list":["post-1674","post","type-post","status-publish","format-standard","has-post-thumbnail","hentry","category-novosti","entry","has-media"],"yoast_head":"<!-- This site is optimized with the Yoast SEO plugin v27.4 - https:\/\/yoast.com\/product\/yoast-seo-wordpress\/ -->\n<title>No\u0107 muzeja odr\u017eana u Po\u017ee\u0161koj ku\u0107i - Po\u017ee\u0161ka ku\u0107a<\/title>\n<meta name=\"robots\" content=\"index, follow, max-snippet:-1, max-image-preview:large, max-video-preview:-1\" \/>\n<link rel=\"canonical\" href=\"https:\/\/pozeskakuca.gmp.hr\/en\/2023\/01\/31\/noc-muzeja-odrzana-u-pozeskoj-kuci\/\" \/>\n<meta property=\"og:locale\" content=\"en_GB\" \/>\n<meta property=\"og:type\" content=\"article\" \/>\n<meta property=\"og:title\" content=\"No\u0107 muzeja odr\u017eana u Po\u017ee\u0161koj ku\u0107i - Po\u017ee\u0161ka ku\u0107a\" \/>\n<meta property=\"og:description\" content=\"U petak, 27. sije\u010dnja, u Centru za posjetitelje Po\u017ee\u0161ka ku\u0107a, u organizaciji Gradskog muzeja Po\u017eega odr\u017eana je Muzejska no\u0107 2023. Muzeji su va\u017eni! ovogodi\u0161nja je krilatica No\u0107i muzeja. Po\u017ee\u0161ka ku\u0107a kao novootvoreni odjel Gradskog muzeja Po\u017eega sa stalnim postavom oboga\u0107enim interaktivnom multimedijom bio je centralna to\u010dka po\u017ee\u0161ke No\u0107i muzeja. Uvodnim pozdravom v.d. ravnateljice, prof. art. [&hellip;]\" \/>\n<meta property=\"og:url\" content=\"https:\/\/pozeskakuca.gmp.hr\/en\/2023\/01\/31\/noc-muzeja-odrzana-u-pozeskoj-kuci\/\" \/>\n<meta property=\"og:site_name\" content=\"Po\u017ee\u0161ka ku\u0107a\" \/>\n<meta property=\"article:publisher\" content=\"https:\/\/hr-hr.facebook.com\/muzej.pozega\/\" \/>\n<meta property=\"article:published_time\" content=\"2023-01-31T12:05:28+00:00\" \/>\n<meta property=\"article:modified_time\" content=\"2023-01-31T12:18:47+00:00\" \/>\n<meta property=\"og:image\" content=\"https:\/\/pozeskakuca.gmp.hr\/wp-content\/uploads\/2022\/11\/Pozeska-kuca-objekt-scaled.jpg\" \/>\n\t<meta property=\"og:image:width\" content=\"2560\" \/>\n\t<meta property=\"og:image:height\" content=\"1709\" \/>\n\t<meta property=\"og:image:type\" content=\"image\/jpeg\" \/>\n<meta name=\"author\" content=\"admin_matej\" \/>\n<meta name=\"twitter:card\" content=\"summary_large_image\" \/>\n<meta name=\"twitter:label1\" content=\"Written by\" \/>\n\t<meta name=\"twitter:data1\" content=\"admin_matej\" \/>\n\t<meta name=\"twitter:label2\" content=\"Estimated reading time\" \/>\n\t<meta name=\"twitter:data2\" content=\"2 minutes\" \/>\n<script type=\"application\/ld+json\" class=\"yoast-schema-graph\">{\"@context\":\"https:\\\/\\\/schema.org\",\"@graph\":[{\"@type\":\"Article\",\"@id\":\"https:\\\/\\\/pozeskakuca.gmp.hr\\\/2023\\\/01\\\/31\\\/noc-muzeja-odrzana-u-pozeskoj-kuci\\\/#article\",\"isPartOf\":{\"@id\":\"https:\\\/\\\/pozeskakuca.gmp.hr\\\/2023\\\/01\\\/31\\\/noc-muzeja-odrzana-u-pozeskoj-kuci\\\/\"},\"author\":{\"name\":\"admin_matej\",\"@id\":\"https:\\\/\\\/pozeskakuca.gmp.hr\\\/#\\\/schema\\\/person\\\/2538d9f50945a5db3d7ad1654a701dde\"},\"headline\":\"No\u0107 muzeja odr\u017eana u Po\u017ee\u0161koj ku\u0107i\",\"datePublished\":\"2023-01-31T12:05:28+00:00\",\"dateModified\":\"2023-01-31T12:18:47+00:00\",\"mainEntityOfPage\":{\"@id\":\"https:\\\/\\\/pozeskakuca.gmp.hr\\\/2023\\\/01\\\/31\\\/noc-muzeja-odrzana-u-pozeskoj-kuci\\\/\"},\"wordCount\":170,\"publisher\":{\"@id\":\"https:\\\/\\\/pozeskakuca.gmp.hr\\\/#organization\"},\"image\":{\"@id\":\"https:\\\/\\\/pozeskakuca.gmp.hr\\\/2023\\\/01\\\/31\\\/noc-muzeja-odrzana-u-pozeskoj-kuci\\\/#primaryimage\"},\"thumbnailUrl\":\"https:\\\/\\\/pozeskakuca.gmp.hr\\\/wp-content\\\/uploads\\\/2022\\\/11\\\/Pozeska-kuca-objekt-scaled.jpg\",\"articleSection\":[\"Novosti\"],\"inLanguage\":\"en-GB\"},{\"@type\":\"WebPage\",\"@id\":\"https:\\\/\\\/pozeskakuca.gmp.hr\\\/2023\\\/01\\\/31\\\/noc-muzeja-odrzana-u-pozeskoj-kuci\\\/\",\"url\":\"https:\\\/\\\/pozeskakuca.gmp.hr\\\/2023\\\/01\\\/31\\\/noc-muzeja-odrzana-u-pozeskoj-kuci\\\/\",\"name\":\"No\u0107 muzeja odr\u017eana u Po\u017ee\u0161koj ku\u0107i - Po\u017ee\u0161ka ku\u0107a\",\"isPartOf\":{\"@id\":\"https:\\\/\\\/pozeskakuca.gmp.hr\\\/#website\"},\"primaryImageOfPage\":{\"@id\":\"https:\\\/\\\/pozeskakuca.gmp.hr\\\/2023\\\/01\\\/31\\\/noc-muzeja-odrzana-u-pozeskoj-kuci\\\/#primaryimage\"},\"image\":{\"@id\":\"https:\\\/\\\/pozeskakuca.gmp.hr\\\/2023\\\/01\\\/31\\\/noc-muzeja-odrzana-u-pozeskoj-kuci\\\/#primaryimage\"},\"thumbnailUrl\":\"https:\\\/\\\/pozeskakuca.gmp.hr\\\/wp-content\\\/uploads\\\/2022\\\/11\\\/Pozeska-kuca-objekt-scaled.jpg\",\"datePublished\":\"2023-01-31T12:05:28+00:00\",\"dateModified\":\"2023-01-31T12:18:47+00:00\",\"breadcrumb\":{\"@id\":\"https:\\\/\\\/pozeskakuca.gmp.hr\\\/2023\\\/01\\\/31\\\/noc-muzeja-odrzana-u-pozeskoj-kuci\\\/#breadcrumb\"},\"inLanguage\":\"en-GB\",\"potentialAction\":[{\"@type\":\"ReadAction\",\"target\":[\"https:\\\/\\\/pozeskakuca.gmp.hr\\\/2023\\\/01\\\/31\\\/noc-muzeja-odrzana-u-pozeskoj-kuci\\\/\"]}]},{\"@type\":\"ImageObject\",\"inLanguage\":\"en-GB\",\"@id\":\"https:\\\/\\\/pozeskakuca.gmp.hr\\\/2023\\\/01\\\/31\\\/noc-muzeja-odrzana-u-pozeskoj-kuci\\\/#primaryimage\",\"url\":\"https:\\\/\\\/pozeskakuca.gmp.hr\\\/wp-content\\\/uploads\\\/2022\\\/11\\\/Pozeska-kuca-objekt-scaled.jpg\",\"contentUrl\":\"https:\\\/\\\/pozeskakuca.gmp.hr\\\/wp-content\\\/uploads\\\/2022\\\/11\\\/Pozeska-kuca-objekt-scaled.jpg\",\"width\":2560,\"height\":1709},{\"@type\":\"BreadcrumbList\",\"@id\":\"https:\\\/\\\/pozeskakuca.gmp.hr\\\/2023\\\/01\\\/31\\\/noc-muzeja-odrzana-u-pozeskoj-kuci\\\/#breadcrumb\",\"itemListElement\":[{\"@type\":\"ListItem\",\"position\":1,\"name\":\"Po\u010detna stranica\",\"item\":\"https:\\\/\\\/pozeskakuca.gmp.hr\\\/\"},{\"@type\":\"ListItem\",\"position\":2,\"name\":\"No\u0107 muzeja odr\u017eana u Po\u017ee\u0161koj ku\u0107i\"}]},{\"@type\":\"WebSite\",\"@id\":\"https:\\\/\\\/pozeskakuca.gmp.hr\\\/#website\",\"url\":\"https:\\\/\\\/pozeskakuca.gmp.hr\\\/\",\"name\":\"Po\u017ee\u0161ka ku\u0107a\",\"description\":\"\",\"publisher\":{\"@id\":\"https:\\\/\\\/pozeskakuca.gmp.hr\\\/#organization\"},\"potentialAction\":[{\"@type\":\"SearchAction\",\"target\":{\"@type\":\"EntryPoint\",\"urlTemplate\":\"https:\\\/\\\/pozeskakuca.gmp.hr\\\/?s={search_term_string}\"},\"query-input\":{\"@type\":\"PropertyValueSpecification\",\"valueRequired\":true,\"valueName\":\"search_term_string\"}}],\"inLanguage\":\"en-GB\"},{\"@type\":\"Organization\",\"@id\":\"https:\\\/\\\/pozeskakuca.gmp.hr\\\/#organization\",\"name\":\"Po\u017ee\u0161ka ku\u0107a\",\"url\":\"https:\\\/\\\/pozeskakuca.gmp.hr\\\/\",\"logo\":{\"@type\":\"ImageObject\",\"inLanguage\":\"en-GB\",\"@id\":\"https:\\\/\\\/pozeskakuca.gmp.hr\\\/#\\\/schema\\\/logo\\\/image\\\/\",\"url\":\"https:\\\/\\\/pozeskakuca.gmp.hr\\\/wp-content\\\/uploads\\\/2022\\\/09\\\/pk-logo1.png\",\"contentUrl\":\"https:\\\/\\\/pozeskakuca.gmp.hr\\\/wp-content\\\/uploads\\\/2022\\\/09\\\/pk-logo1.png\",\"width\":1368,\"height\":1153,\"caption\":\"Po\u017ee\u0161ka ku\u0107a\"},\"image\":{\"@id\":\"https:\\\/\\\/pozeskakuca.gmp.hr\\\/#\\\/schema\\\/logo\\\/image\\\/\"},\"sameAs\":[\"https:\\\/\\\/hr-hr.facebook.com\\\/muzej.pozega\\\/\"]},{\"@type\":\"Person\",\"@id\":\"https:\\\/\\\/pozeskakuca.gmp.hr\\\/#\\\/schema\\\/person\\\/2538d9f50945a5db3d7ad1654a701dde\",\"name\":\"admin_matej\",\"image\":{\"@type\":\"ImageObject\",\"inLanguage\":\"en-GB\",\"@id\":\"https:\\\/\\\/secure.gravatar.com\\\/avatar\\\/e93a0b81ded036501fe9dc2f1d7f0f8d01a9c1c68eec48450e4fad9dbd473411?s=96&d=mm&r=g\",\"url\":\"https:\\\/\\\/secure.gravatar.com\\\/avatar\\\/e93a0b81ded036501fe9dc2f1d7f0f8d01a9c1c68eec48450e4fad9dbd473411?s=96&d=mm&r=g\",\"contentUrl\":\"https:\\\/\\\/secure.gravatar.com\\\/avatar\\\/e93a0b81ded036501fe9dc2f1d7f0f8d01a9c1c68eec48450e4fad9dbd473411?s=96&d=mm&r=g\",\"caption\":\"admin_matej\"},\"sameAs\":[\"https:\\\/\\\/pozeskakuca.gmp.hr\"],\"url\":\"https:\\\/\\\/pozeskakuca.gmp.hr\\\/en\\\/author\\\/admin_matej\\\/\"}]}<\/script>\n<!-- \/ Yoast SEO plugin. -->","yoast_head_json":{"title":"No\u0107 muzeja odr\u017eana u Po\u017ee\u0161koj ku\u0107i - Po\u017ee\u0161ka ku\u0107a","robots":{"index":"index","follow":"follow","max-snippet":"max-snippet:-1","max-image-preview":"max-image-preview:large","max-video-preview":"max-video-preview:-1"},"canonical":"https:\/\/pozeskakuca.gmp.hr\/en\/2023\/01\/31\/noc-muzeja-odrzana-u-pozeskoj-kuci\/","og_locale":"en_GB","og_type":"article","og_title":"No\u0107 muzeja odr\u017eana u Po\u017ee\u0161koj ku\u0107i - Po\u017ee\u0161ka ku\u0107a","og_description":"U petak, 27. sije\u010dnja, u Centru za posjetitelje Po\u017ee\u0161ka ku\u0107a, u organizaciji Gradskog muzeja Po\u017eega odr\u017eana je Muzejska no\u0107 2023. Muzeji su va\u017eni! ovogodi\u0161nja je krilatica No\u0107i muzeja. Po\u017ee\u0161ka ku\u0107a kao novootvoreni odjel Gradskog muzeja Po\u017eega sa stalnim postavom oboga\u0107enim interaktivnom multimedijom bio je centralna to\u010dka po\u017ee\u0161ke No\u0107i muzeja. Uvodnim pozdravom v.d. ravnateljice, prof. art. [&hellip;]","og_url":"https:\/\/pozeskakuca.gmp.hr\/en\/2023\/01\/31\/noc-muzeja-odrzana-u-pozeskoj-kuci\/","og_site_name":"Po\u017ee\u0161ka ku\u0107a","article_publisher":"https:\/\/hr-hr.facebook.com\/muzej.pozega\/","article_published_time":"2023-01-31T12:05:28+00:00","article_modified_time":"2023-01-31T12:18:47+00:00","og_image":[{"width":2560,"height":1709,"url":"https:\/\/pozeskakuca.gmp.hr\/wp-content\/uploads\/2022\/11\/Pozeska-kuca-objekt-scaled.jpg","type":"image\/jpeg"}],"author":"admin_matej","twitter_card":"summary_large_image","twitter_misc":{"Written by":"admin_matej","Estimated reading time":"2 minutes"},"schema":{"@context":"https:\/\/schema.org","@graph":[{"@type":"Article","@id":"https:\/\/pozeskakuca.gmp.hr\/2023\/01\/31\/noc-muzeja-odrzana-u-pozeskoj-kuci\/#article","isPartOf":{"@id":"https:\/\/pozeskakuca.gmp.hr\/2023\/01\/31\/noc-muzeja-odrzana-u-pozeskoj-kuci\/"},"author":{"name":"admin_matej","@id":"https:\/\/pozeskakuca.gmp.hr\/#\/schema\/person\/2538d9f50945a5db3d7ad1654a701dde"},"headline":"No\u0107 muzeja odr\u017eana u Po\u017ee\u0161koj ku\u0107i","datePublished":"2023-01-31T12:05:28+00:00","dateModified":"2023-01-31T12:18:47+00:00","mainEntityOfPage":{"@id":"https:\/\/pozeskakuca.gmp.hr\/2023\/01\/31\/noc-muzeja-odrzana-u-pozeskoj-kuci\/"},"wordCount":170,"publisher":{"@id":"https:\/\/pozeskakuca.gmp.hr\/#organization"},"image":{"@id":"https:\/\/pozeskakuca.gmp.hr\/2023\/01\/31\/noc-muzeja-odrzana-u-pozeskoj-kuci\/#primaryimage"},"thumbnailUrl":"https:\/\/pozeskakuca.gmp.hr\/wp-content\/uploads\/2022\/11\/Pozeska-kuca-objekt-scaled.jpg","articleSection":["Novosti"],"inLanguage":"en-GB"},{"@type":"WebPage","@id":"https:\/\/pozeskakuca.gmp.hr\/2023\/01\/31\/noc-muzeja-odrzana-u-pozeskoj-kuci\/","url":"https:\/\/pozeskakuca.gmp.hr\/2023\/01\/31\/noc-muzeja-odrzana-u-pozeskoj-kuci\/","name":"No\u0107 muzeja odr\u017eana u Po\u017ee\u0161koj ku\u0107i - Po\u017ee\u0161ka ku\u0107a","isPartOf":{"@id":"https:\/\/pozeskakuca.gmp.hr\/#website"},"primaryImageOfPage":{"@id":"https:\/\/pozeskakuca.gmp.hr\/2023\/01\/31\/noc-muzeja-odrzana-u-pozeskoj-kuci\/#primaryimage"},"image":{"@id":"https:\/\/pozeskakuca.gmp.hr\/2023\/01\/31\/noc-muzeja-odrzana-u-pozeskoj-kuci\/#primaryimage"},"thumbnailUrl":"https:\/\/pozeskakuca.gmp.hr\/wp-content\/uploads\/2022\/11\/Pozeska-kuca-objekt-scaled.jpg","datePublished":"2023-01-31T12:05:28+00:00","dateModified":"2023-01-31T12:18:47+00:00","breadcrumb":{"@id":"https:\/\/pozeskakuca.gmp.hr\/2023\/01\/31\/noc-muzeja-odrzana-u-pozeskoj-kuci\/#breadcrumb"},"inLanguage":"en-GB","potentialAction":[{"@type":"ReadAction","target":["https:\/\/pozeskakuca.gmp.hr\/2023\/01\/31\/noc-muzeja-odrzana-u-pozeskoj-kuci\/"]}]},{"@type":"ImageObject","inLanguage":"en-GB","@id":"https:\/\/pozeskakuca.gmp.hr\/2023\/01\/31\/noc-muzeja-odrzana-u-pozeskoj-kuci\/#primaryimage","url":"https:\/\/pozeskakuca.gmp.hr\/wp-content\/uploads\/2022\/11\/Pozeska-kuca-objekt-scaled.jpg","contentUrl":"https:\/\/pozeskakuca.gmp.hr\/wp-content\/uploads\/2022\/11\/Pozeska-kuca-objekt-scaled.jpg","width":2560,"height":1709},{"@type":"BreadcrumbList","@id":"https:\/\/pozeskakuca.gmp.hr\/2023\/01\/31\/noc-muzeja-odrzana-u-pozeskoj-kuci\/#breadcrumb","itemListElement":[{"@type":"ListItem","position":1,"name":"Po\u010detna stranica","item":"https:\/\/pozeskakuca.gmp.hr\/"},{"@type":"ListItem","position":2,"name":"No\u0107 muzeja odr\u017eana u Po\u017ee\u0161koj ku\u0107i"}]},{"@type":"WebSite","@id":"https:\/\/pozeskakuca.gmp.hr\/#website","url":"https:\/\/pozeskakuca.gmp.hr\/","name":"Po\u017eega house","description":"","publisher":{"@id":"https:\/\/pozeskakuca.gmp.hr\/#organization"},"potentialAction":[{"@type":"SearchAction","target":{"@type":"EntryPoint","urlTemplate":"https:\/\/pozeskakuca.gmp.hr\/?s={search_term_string}"},"query-input":{"@type":"PropertyValueSpecification","valueRequired":true,"valueName":"search_term_string"}}],"inLanguage":"en-GB"},{"@type":"Organization","@id":"https:\/\/pozeskakuca.gmp.hr\/#organization","name":"Po\u017eega house","url":"https:\/\/pozeskakuca.gmp.hr\/","logo":{"@type":"ImageObject","inLanguage":"en-GB","@id":"https:\/\/pozeskakuca.gmp.hr\/#\/schema\/logo\/image\/","url":"https:\/\/pozeskakuca.gmp.hr\/wp-content\/uploads\/2022\/09\/pk-logo1.png","contentUrl":"https:\/\/pozeskakuca.gmp.hr\/wp-content\/uploads\/2022\/09\/pk-logo1.png","width":1368,"height":1153,"caption":"Po\u017ee\u0161ka ku\u0107a"},"image":{"@id":"https:\/\/pozeskakuca.gmp.hr\/#\/schema\/logo\/image\/"},"sameAs":["https:\/\/hr-hr.facebook.com\/muzej.pozega\/"]},{"@type":"Person","@id":"https:\/\/pozeskakuca.gmp.hr\/#\/schema\/person\/2538d9f50945a5db3d7ad1654a701dde","name":"admin_matej","image":{"@type":"ImageObject","inLanguage":"en-GB","@id":"https:\/\/secure.gravatar.com\/avatar\/e93a0b81ded036501fe9dc2f1d7f0f8d01a9c1c68eec48450e4fad9dbd473411?s=96&d=mm&r=g","url":"https:\/\/secure.gravatar.com\/avatar\/e93a0b81ded036501fe9dc2f1d7f0f8d01a9c1c68eec48450e4fad9dbd473411?s=96&d=mm&r=g","contentUrl":"https:\/\/secure.gravatar.com\/avatar\/e93a0b81ded036501fe9dc2f1d7f0f8d01a9c1c68eec48450e4fad9dbd473411?s=96&d=mm&r=g","caption":"admin_matej"},"sameAs":["https:\/\/pozeskakuca.gmp.hr"],"url":"https:\/\/pozeskakuca.gmp.hr\/en\/author\/admin_matej\/"}]}},"_links":{"self":[{"href":"https:\/\/pozeskakuca.gmp.hr\/en\/wp-json\/wp\/v2\/posts\/1674","targetHints":{"allow":["GET"]}}],"collection":[{"href":"https:\/\/pozeskakuca.gmp.hr\/en\/wp-json\/wp\/v2\/posts"}],"about":[{"href":"https:\/\/pozeskakuca.gmp.hr\/en\/wp-json\/wp\/v2\/types\/post"}],"author":[{"embeddable":true,"href":"https:\/\/pozeskakuca.gmp.hr\/en\/wp-json\/wp\/v2\/users\/1"}],"replies":[{"embeddable":true,"href":"https:\/\/pozeskakuca.gmp.hr\/en\/wp-json\/wp\/v2\/comments?post=1674"}],"version-history":[{"count":0,"href":"https:\/\/pozeskakuca.gmp.hr\/en\/wp-json\/wp\/v2\/posts\/1674\/revisions"}],"wp:featuredmedia":[{"embeddable":true,"href":"https:\/\/pozeskakuca.gmp.hr\/en\/wp-json\/wp\/v2\/media\/1337"}],"wp:attachment":[{"href":"https:\/\/pozeskakuca.gmp.hr\/en\/wp-json\/wp\/v2\/media?parent=1674"}],"wp:term":[{"taxonomy":"category","embeddable":true,"href":"https:\/\/pozeskakuca.gmp.hr\/en\/wp-json\/wp\/v2\/categories?post=1674"},{"taxonomy":"post_tag","embeddable":true,"href":"https:\/\/pozeskakuca.gmp.hr\/en\/wp-json\/wp\/v2\/tags?post=1674"}],"curies":[{"name":"wp","href":"https:\/\/api.w.org\/{rel}","templated":true}]}}