{"id":1315,"date":"2022-11-10T15:32:46","date_gmt":"2022-11-10T14:32:46","guid":{"rendered":"https:\/\/pozeskakuca.hr\/?p=1315"},"modified":"2022-11-10T15:56:32","modified_gmt":"2022-11-10T14:56:32","slug":"otvorenje-centra-za-posjetitelje-pozeska-kuca","status":"publish","type":"post","link":"https:\/\/pozeskakuca.gmp.hr\/en\/2022\/11\/10\/otvorenje-centra-za-posjetitelje-pozeska-kuca\/","title":{"rendered":"Sve\u010dano otvorenje Centra za posjetitelje Po\u017ee\u0161ka ku\u0107a"},"content":{"rendered":"<div data-elementor-type=\"wp-post\" data-elementor-id=\"1315\" class=\"elementor elementor-1315\">\n\t\t\t\t\t\t<section class=\"elementor-section elementor-top-section elementor-element elementor-element-61e1969 elementor-section-boxed elementor-section-height-default elementor-section-height-default\" data-id=\"61e1969\" data-element_type=\"section\" data-e-type=\"section\">\n\t\t\t\t\t\t<div class=\"elementor-container elementor-column-gap-default\">\n\t\t\t\t\t<div class=\"elementor-column elementor-col-100 elementor-top-column elementor-element elementor-element-57e41e6\" data-id=\"57e41e6\" data-element_type=\"column\" data-e-type=\"column\">\n\t\t\t<div class=\"elementor-widget-wrap elementor-element-populated\">\n\t\t\t\t\t\t<div class=\"elementor-element elementor-element-88976c9 elementor-widget elementor-widget-text-editor\" data-id=\"88976c9\" data-element_type=\"widget\" data-e-type=\"widget\" data-widget_type=\"text-editor.default\">\n\t\t\t\t<div class=\"elementor-widget-container\">\n\t\t\t\t\t\t\t\t\t<p>Sve\u010dano otvorenje Centra odr\u017eat \u0107e se u petak, 11. studenog, dok \u0107e vrata za javnost Centar otvoriti u utorak, 15. studenog, od 10 sati, prema radnom vremenu.<\/p>\t\t\t\t\t\t\t\t<\/div>\n\t\t\t\t<\/div>\n\t\t\t\t\t<\/div>\n\t\t<\/div>\n\t\t\t\t\t<\/div>\n\t\t<\/section>\n\t\t\t\t<section class=\"elementor-section elementor-top-section elementor-element elementor-element-f76b3f1 elementor-section-boxed elementor-section-height-default elementor-section-height-default\" data-id=\"f76b3f1\" data-element_type=\"section\" data-e-type=\"section\">\n\t\t\t\t\t\t<div class=\"elementor-container elementor-column-gap-default\">\n\t\t\t\t\t<div class=\"elementor-column elementor-col-100 elementor-top-column elementor-element elementor-element-d64cfce\" data-id=\"d64cfce\" data-element_type=\"column\" data-e-type=\"column\">\n\t\t\t<div class=\"elementor-widget-wrap elementor-element-populated\">\n\t\t\t\t\t\t<div class=\"elementor-element elementor-element-8559df0 elementor-widget elementor-widget-heading\" data-id=\"8559df0\" data-element_type=\"widget\" data-e-type=\"widget\" data-widget_type=\"heading.default\">\n\t\t\t\t<div class=\"elementor-widget-container\">\n\t\t\t\t\t<h4 class=\"elementor-heading-title elementor-size-default\">The Po\u017eega house<\/h4>\t\t\t\t<\/div>\n\t\t\t\t<\/div>\n\t\t\t\t<section class=\"elementor-section elementor-inner-section elementor-element elementor-element-41a22d5 elementor-section-boxed elementor-section-height-default elementor-section-height-default\" data-id=\"41a22d5\" data-element_type=\"section\" data-e-type=\"section\">\n\t\t\t\t\t\t<div class=\"elementor-container elementor-column-gap-default\">\n\t\t\t\t\t<div class=\"elementor-column elementor-col-100 elementor-inner-column elementor-element elementor-element-a7241a0\" data-id=\"a7241a0\" data-element_type=\"column\" data-e-type=\"column\">\n\t\t\t<div class=\"elementor-widget-wrap elementor-element-populated\">\n\t\t\t\t\t\t<div class=\"elementor-element elementor-element-09137c4 elementor-widget elementor-widget-text-editor\" data-id=\"09137c4\" data-element_type=\"widget\" data-e-type=\"widget\" data-widget_type=\"text-editor.default\">\n\t\t\t\t<div class=\"elementor-widget-container\">\n\t\t\t\t\t\t\t\t\t<p>Centar obuhva\u0107a stalni izlo\u017ebeni prostor, multifunkcionalni izlo\u017ebeni prostor i info-pult te suvenirnicu, a osmi\u0161ljen je kao prostor od dvije cjeline, prizemlja i podruma.<\/p><p>Centar za posjetitelje po\u010detna je to\u010dka turisti\u010dkog obilaska grada gdje posjetitelj saznaje sve bitne informacije o gradu, upoznaje povijest i kulturu grada, a iz Centra se dalje usmjerava u druge kulturne ustanove grada.<\/p><p>Prizemlje Centra sastoji se od nekoliko cjelina kojima je centralna to\u010dka multimedijska instalacija koja \u0107e se pokrenuti ulaznicom.<\/p><p>&gt; Cjelina <strong><em>Explore the golden valley<\/em><\/strong> kronolo\u0161ki prepri\u010dava povijest grada s istaknutim doga\u0111ajima koji su kroz povijest mijenjali grad. Posjetitelj u ovoj cjelini mo\u017ee isprobati vo\u017enju na <strong><em>pijanom biciklu<\/em><\/strong> te na zanimljiv na\u010din pro\u0107i kroz prirodna bogatstva po\u017ee\u0161kog kraja.<\/p><p>&gt; Druga cjelina otkriva sve pojedinosti o<strong> fra Luki Ibri\u0161imovi\u0107u<\/strong> te o njegovoj organizaciji oslobo\u0111enja Po\u017eege od Osmanlija. U ovoj cjelini posjetitelj mo\u017ee testirati svoje znanje u kvizu o Po\u017eegi.<\/p><p>&gt; Tre\u0107a cjelina prizemlja Centra govori o <strong>barunu Trenku<\/strong>, njegovom neobi\u010dnom \u017eivotu i pothvatima koji su ga u\u010dinili slavnim, a posjetitelj se mo\u017ee oku\u0161ati u izravnom dvoboju s barunom.<\/p>\t\t\t\t\t\t\t\t<\/div>\n\t\t\t\t<\/div>\n\t\t\t\t\t<\/div>\n\t\t<\/div>\n\t\t\t\t\t<\/div>\n\t\t<\/section>\n\t\t\t\t<div class=\"elementor-element elementor-element-41aeeec elementor-widget elementor-widget-text-editor\" data-id=\"41aeeec\" data-element_type=\"widget\" data-e-type=\"widget\" data-widget_type=\"text-editor.default\">\n\t\t\t\t<div class=\"elementor-widget-container\">\n\t\t\t\t\t\t\t\t\t<p>Podrum Centra govori o prepoznatljivim elementima po\u017ee\u0161kog identiteta \u2013 a to su <strong>vino<\/strong> i <strong>\u010dokolada<\/strong>. Posjetitelj \u0107e u podrumu \u010duti vi\u0161e o po\u017ee\u0161kom vinarstvu, tvornici <strong>Zve\u010devo<\/strong> te \u0107e kroz <strong>tradicionalna po\u017ee\u0161ka jela<\/strong> projekta <strong><a href=\"https:\/\/muzejuloncu.gmp.hr\/\" target=\"_blank\" rel=\"noopener\">Muzej u loncu<\/a><\/strong> (uz recepte) upoznati kulturu \u017eivota Po\u017ee\u017eana. U podrumu \u0107e, poput cjeline o fra Luki, posjetitelj odigrati kviz o \u010dokoladi, a potom i slo\u017eiti svoju slasticu. Pri\u010du o \u017eivotu Po\u017ee\u017eana zaokru\u017eit \u0107e ljubavne pri\u010de znamenitih Po\u017ee\u017eana.<\/p><p>Centar za posjetitelje <strong><em>Po\u017eega house<\/em><\/strong> radit \u0107e od utorka do subote u sljede\u0107em radnom vremenu: od utorka do petka Centar \u0107e raditi od 10 do 15 sati, a subotom \u0107e Centar raditi od 10 do 13 sati.<\/p><p>Vi\u0161e o suvenirima, ulaznicama, ali i samom Centru prona\u0111i na na\u0161oj web-stranici!<\/p>\t\t\t\t\t\t\t\t<\/div>\n\t\t\t\t<\/div>\n\t\t\t\t\t<\/div>\n\t\t<\/div>\n\t\t\t\t\t<\/div>\n\t\t<\/section>\n\t\t\t\t<\/div>","protected":false},"excerpt":{"rendered":"<p>Sve\u010dano otvorenje Centra odr\u017eat \u0107e se u petak, 11. studenog, dok \u0107e vrata za javnost Centar otvoriti u utorak, 15. studenog, od 10 sati, prema radnom vremenu. O Centru Centar obuhva\u0107a stalni izlo\u017ebeni prostor, multifunkcionalni izlo\u017ebeni prostor i info-pult te suvenirnicu, a osmi\u0161ljen je kao prostor od dvije cjeline, prizemlja i podruma. Centar za posjetitelje [&hellip;]<\/p>\n","protected":false},"author":1,"featured_media":1334,"comment_status":"closed","ping_status":"closed","sticky":false,"template":"","format":"standard","meta":{"ocean_post_layout":"","ocean_both_sidebars_style":"","ocean_both_sidebars_content_width":0,"ocean_both_sidebars_sidebars_width":0,"ocean_sidebar":"0","ocean_second_sidebar":"0","ocean_disable_margins":"enable","ocean_add_body_class":"","ocean_shortcode_before_top_bar":"","ocean_shortcode_after_top_bar":"","ocean_shortcode_before_header":"","ocean_shortcode_after_header":"","ocean_has_shortcode":"","ocean_shortcode_after_title":"","ocean_shortcode_before_footer_widgets":"","ocean_shortcode_after_footer_widgets":"","ocean_shortcode_before_footer_bottom":"","ocean_shortcode_after_footer_bottom":"","ocean_display_top_bar":"default","ocean_display_header":"default","ocean_header_style":"","ocean_center_header_left_menu":"0","ocean_custom_header_template":"0","ocean_custom_logo":0,"ocean_custom_retina_logo":0,"ocean_custom_logo_max_width":0,"ocean_custom_logo_tablet_max_width":0,"ocean_custom_logo_mobile_max_width":0,"ocean_custom_logo_max_height":0,"ocean_custom_logo_tablet_max_height":0,"ocean_custom_logo_mobile_max_height":0,"ocean_header_custom_menu":"0","ocean_menu_typo_font_family":"0","ocean_menu_typo_font_subset":"","ocean_menu_typo_font_size":0,"ocean_menu_typo_font_size_tablet":0,"ocean_menu_typo_font_size_mobile":0,"ocean_menu_typo_font_size_unit":"px","ocean_menu_typo_font_weight":"","ocean_menu_typo_font_weight_tablet":"","ocean_menu_typo_font_weight_mobile":"","ocean_menu_typo_transform":"","ocean_menu_typo_transform_tablet":"","ocean_menu_typo_transform_mobile":"","ocean_menu_typo_line_height":0,"ocean_menu_typo_line_height_tablet":0,"ocean_menu_typo_line_height_mobile":0,"ocean_menu_typo_line_height_unit":"","ocean_menu_typo_spacing":0,"ocean_menu_typo_spacing_tablet":0,"ocean_menu_typo_spacing_mobile":0,"ocean_menu_typo_spacing_unit":"","ocean_menu_link_color":"","ocean_menu_link_color_hover":"","ocean_menu_link_color_active":"","ocean_menu_link_background":"","ocean_menu_link_hover_background":"","ocean_menu_link_active_background":"","ocean_menu_social_links_bg":"","ocean_menu_social_hover_links_bg":"","ocean_menu_social_links_color":"","ocean_menu_social_hover_links_color":"","ocean_disable_title":"default","ocean_disable_heading":"default","ocean_post_title":"","ocean_post_subheading":"","ocean_post_title_style":"","ocean_post_title_background_color":"","ocean_post_title_background":0,"ocean_post_title_bg_image_position":"","ocean_post_title_bg_image_attachment":"","ocean_post_title_bg_image_repeat":"","ocean_post_title_bg_image_size":"","ocean_post_title_height":0,"ocean_post_title_bg_overlay":0.5,"ocean_post_title_bg_overlay_color":"","ocean_disable_breadcrumbs":"default","ocean_breadcrumbs_color":"","ocean_breadcrumbs_separator_color":"","ocean_breadcrumbs_links_color":"","ocean_breadcrumbs_links_hover_color":"","ocean_display_footer_widgets":"default","ocean_display_footer_bottom":"default","ocean_custom_footer_template":"0","ocean_post_oembed":"","ocean_post_self_hosted_media":"","ocean_post_video_embed":"","ocean_link_format":"","ocean_link_format_target":"self","ocean_quote_format":"","ocean_quote_format_link":"post","ocean_gallery_link_images":"off","ocean_gallery_id":[],"footnotes":""},"categories":[7],"tags":[],"class_list":["post-1315","post","type-post","status-publish","format-standard","has-post-thumbnail","hentry","category-novosti","entry","has-media"],"yoast_head":"<!-- This site is optimized with the Yoast SEO plugin v27.4 - https:\/\/yoast.com\/product\/yoast-seo-wordpress\/ -->\n<title>Sve\u010dano otvorenje Centra za posjetitelje Po\u017ee\u0161ka ku\u0107a - Po\u017ee\u0161ka ku\u0107a<\/title>\n<meta name=\"robots\" content=\"index, follow, max-snippet:-1, max-image-preview:large, max-video-preview:-1\" \/>\n<link rel=\"canonical\" href=\"https:\/\/pozeskakuca.gmp.hr\/en\/2022\/11\/10\/otvorenje-centra-za-posjetitelje-pozeska-kuca\/\" \/>\n<meta property=\"og:locale\" content=\"en_GB\" \/>\n<meta property=\"og:type\" content=\"article\" \/>\n<meta property=\"og:title\" content=\"Sve\u010dano otvorenje Centra za posjetitelje Po\u017ee\u0161ka ku\u0107a - Po\u017ee\u0161ka ku\u0107a\" \/>\n<meta property=\"og:description\" content=\"Sve\u010dano otvorenje Centra odr\u017eat \u0107e se u petak, 11. studenog, dok \u0107e vrata za javnost Centar otvoriti u utorak, 15. studenog, od 10 sati, prema radnom vremenu. O Centru Centar obuhva\u0107a stalni izlo\u017ebeni prostor, multifunkcionalni izlo\u017ebeni prostor i info-pult te suvenirnicu, a osmi\u0161ljen je kao prostor od dvije cjeline, prizemlja i podruma. Centar za posjetitelje [&hellip;]\" \/>\n<meta property=\"og:url\" content=\"https:\/\/pozeskakuca.gmp.hr\/en\/2022\/11\/10\/otvorenje-centra-za-posjetitelje-pozeska-kuca\/\" \/>\n<meta property=\"og:site_name\" content=\"Po\u017ee\u0161ka ku\u0107a\" \/>\n<meta property=\"article:publisher\" content=\"https:\/\/hr-hr.facebook.com\/muzej.pozega\/\" \/>\n<meta property=\"article:published_time\" content=\"2022-11-10T14:32:46+00:00\" \/>\n<meta property=\"article:modified_time\" content=\"2022-11-10T14:56:32+00:00\" \/>\n<meta property=\"og:image\" content=\"https:\/\/pozeskakuca.gmp.hr\/wp-content\/uploads\/2022\/10\/Pozeska-kuca-bicikl-naslovna-scaled.jpg\" \/>\n\t<meta property=\"og:image:width\" content=\"2560\" \/>\n\t<meta property=\"og:image:height\" content=\"1709\" \/>\n\t<meta property=\"og:image:type\" content=\"image\/jpeg\" \/>\n<meta name=\"author\" content=\"admin_matej\" \/>\n<meta name=\"twitter:card\" content=\"summary_large_image\" \/>\n<meta name=\"twitter:label1\" content=\"Written by\" \/>\n\t<meta name=\"twitter:data1\" content=\"admin_matej\" \/>\n\t<meta name=\"twitter:label2\" content=\"Estimated reading time\" \/>\n\t<meta name=\"twitter:data2\" content=\"2 minutes\" \/>\n<script type=\"application\/ld+json\" class=\"yoast-schema-graph\">{\"@context\":\"https:\\\/\\\/schema.org\",\"@graph\":[{\"@type\":\"Article\",\"@id\":\"https:\\\/\\\/pozeskakuca.gmp.hr\\\/2022\\\/11\\\/10\\\/otvorenje-centra-za-posjetitelje-pozeska-kuca\\\/#article\",\"isPartOf\":{\"@id\":\"https:\\\/\\\/pozeskakuca.gmp.hr\\\/2022\\\/11\\\/10\\\/otvorenje-centra-za-posjetitelje-pozeska-kuca\\\/\"},\"author\":{\"name\":\"admin_matej\",\"@id\":\"https:\\\/\\\/pozeskakuca.gmp.hr\\\/#\\\/schema\\\/person\\\/2538d9f50945a5db3d7ad1654a701dde\"},\"headline\":\"Sve\u010dano otvorenje Centra za posjetitelje Po\u017ee\u0161ka ku\u0107a\",\"datePublished\":\"2022-11-10T14:32:46+00:00\",\"dateModified\":\"2022-11-10T14:56:32+00:00\",\"mainEntityOfPage\":{\"@id\":\"https:\\\/\\\/pozeskakuca.gmp.hr\\\/2022\\\/11\\\/10\\\/otvorenje-centra-za-posjetitelje-pozeska-kuca\\\/\"},\"wordCount\":379,\"publisher\":{\"@id\":\"https:\\\/\\\/pozeskakuca.gmp.hr\\\/#organization\"},\"image\":{\"@id\":\"https:\\\/\\\/pozeskakuca.gmp.hr\\\/2022\\\/11\\\/10\\\/otvorenje-centra-za-posjetitelje-pozeska-kuca\\\/#primaryimage\"},\"thumbnailUrl\":\"https:\\\/\\\/pozeskakuca.gmp.hr\\\/wp-content\\\/uploads\\\/2022\\\/10\\\/Pozeska-kuca-bicikl-naslovna-scaled.jpg\",\"articleSection\":[\"Novosti\"],\"inLanguage\":\"en-GB\"},{\"@type\":\"WebPage\",\"@id\":\"https:\\\/\\\/pozeskakuca.gmp.hr\\\/2022\\\/11\\\/10\\\/otvorenje-centra-za-posjetitelje-pozeska-kuca\\\/\",\"url\":\"https:\\\/\\\/pozeskakuca.gmp.hr\\\/2022\\\/11\\\/10\\\/otvorenje-centra-za-posjetitelje-pozeska-kuca\\\/\",\"name\":\"Sve\u010dano otvorenje Centra za posjetitelje Po\u017ee\u0161ka ku\u0107a - Po\u017ee\u0161ka ku\u0107a\",\"isPartOf\":{\"@id\":\"https:\\\/\\\/pozeskakuca.gmp.hr\\\/#website\"},\"primaryImageOfPage\":{\"@id\":\"https:\\\/\\\/pozeskakuca.gmp.hr\\\/2022\\\/11\\\/10\\\/otvorenje-centra-za-posjetitelje-pozeska-kuca\\\/#primaryimage\"},\"image\":{\"@id\":\"https:\\\/\\\/pozeskakuca.gmp.hr\\\/2022\\\/11\\\/10\\\/otvorenje-centra-za-posjetitelje-pozeska-kuca\\\/#primaryimage\"},\"thumbnailUrl\":\"https:\\\/\\\/pozeskakuca.gmp.hr\\\/wp-content\\\/uploads\\\/2022\\\/10\\\/Pozeska-kuca-bicikl-naslovna-scaled.jpg\",\"datePublished\":\"2022-11-10T14:32:46+00:00\",\"dateModified\":\"2022-11-10T14:56:32+00:00\",\"breadcrumb\":{\"@id\":\"https:\\\/\\\/pozeskakuca.gmp.hr\\\/2022\\\/11\\\/10\\\/otvorenje-centra-za-posjetitelje-pozeska-kuca\\\/#breadcrumb\"},\"inLanguage\":\"en-GB\",\"potentialAction\":[{\"@type\":\"ReadAction\",\"target\":[\"https:\\\/\\\/pozeskakuca.gmp.hr\\\/2022\\\/11\\\/10\\\/otvorenje-centra-za-posjetitelje-pozeska-kuca\\\/\"]}]},{\"@type\":\"ImageObject\",\"inLanguage\":\"en-GB\",\"@id\":\"https:\\\/\\\/pozeskakuca.gmp.hr\\\/2022\\\/11\\\/10\\\/otvorenje-centra-za-posjetitelje-pozeska-kuca\\\/#primaryimage\",\"url\":\"https:\\\/\\\/pozeskakuca.gmp.hr\\\/wp-content\\\/uploads\\\/2022\\\/10\\\/Pozeska-kuca-bicikl-naslovna-scaled.jpg\",\"contentUrl\":\"https:\\\/\\\/pozeskakuca.gmp.hr\\\/wp-content\\\/uploads\\\/2022\\\/10\\\/Pozeska-kuca-bicikl-naslovna-scaled.jpg\",\"width\":2560,\"height\":1709},{\"@type\":\"BreadcrumbList\",\"@id\":\"https:\\\/\\\/pozeskakuca.gmp.hr\\\/2022\\\/11\\\/10\\\/otvorenje-centra-za-posjetitelje-pozeska-kuca\\\/#breadcrumb\",\"itemListElement\":[{\"@type\":\"ListItem\",\"position\":1,\"name\":\"Po\u010detna stranica\",\"item\":\"https:\\\/\\\/pozeskakuca.gmp.hr\\\/\"},{\"@type\":\"ListItem\",\"position\":2,\"name\":\"Sve\u010dano otvorenje Centra za posjetitelje Po\u017ee\u0161ka ku\u0107a\"}]},{\"@type\":\"WebSite\",\"@id\":\"https:\\\/\\\/pozeskakuca.gmp.hr\\\/#website\",\"url\":\"https:\\\/\\\/pozeskakuca.gmp.hr\\\/\",\"name\":\"Po\u017ee\u0161ka ku\u0107a\",\"description\":\"\",\"publisher\":{\"@id\":\"https:\\\/\\\/pozeskakuca.gmp.hr\\\/#organization\"},\"potentialAction\":[{\"@type\":\"SearchAction\",\"target\":{\"@type\":\"EntryPoint\",\"urlTemplate\":\"https:\\\/\\\/pozeskakuca.gmp.hr\\\/?s={search_term_string}\"},\"query-input\":{\"@type\":\"PropertyValueSpecification\",\"valueRequired\":true,\"valueName\":\"search_term_string\"}}],\"inLanguage\":\"en-GB\"},{\"@type\":\"Organization\",\"@id\":\"https:\\\/\\\/pozeskakuca.gmp.hr\\\/#organization\",\"name\":\"Po\u017ee\u0161ka ku\u0107a\",\"url\":\"https:\\\/\\\/pozeskakuca.gmp.hr\\\/\",\"logo\":{\"@type\":\"ImageObject\",\"inLanguage\":\"en-GB\",\"@id\":\"https:\\\/\\\/pozeskakuca.gmp.hr\\\/#\\\/schema\\\/logo\\\/image\\\/\",\"url\":\"https:\\\/\\\/pozeskakuca.gmp.hr\\\/wp-content\\\/uploads\\\/2022\\\/09\\\/pk-logo1.png\",\"contentUrl\":\"https:\\\/\\\/pozeskakuca.gmp.hr\\\/wp-content\\\/uploads\\\/2022\\\/09\\\/pk-logo1.png\",\"width\":1368,\"height\":1153,\"caption\":\"Po\u017ee\u0161ka ku\u0107a\"},\"image\":{\"@id\":\"https:\\\/\\\/pozeskakuca.gmp.hr\\\/#\\\/schema\\\/logo\\\/image\\\/\"},\"sameAs\":[\"https:\\\/\\\/hr-hr.facebook.com\\\/muzej.pozega\\\/\"]},{\"@type\":\"Person\",\"@id\":\"https:\\\/\\\/pozeskakuca.gmp.hr\\\/#\\\/schema\\\/person\\\/2538d9f50945a5db3d7ad1654a701dde\",\"name\":\"admin_matej\",\"image\":{\"@type\":\"ImageObject\",\"inLanguage\":\"en-GB\",\"@id\":\"https:\\\/\\\/secure.gravatar.com\\\/avatar\\\/e93a0b81ded036501fe9dc2f1d7f0f8d01a9c1c68eec48450e4fad9dbd473411?s=96&d=mm&r=g\",\"url\":\"https:\\\/\\\/secure.gravatar.com\\\/avatar\\\/e93a0b81ded036501fe9dc2f1d7f0f8d01a9c1c68eec48450e4fad9dbd473411?s=96&d=mm&r=g\",\"contentUrl\":\"https:\\\/\\\/secure.gravatar.com\\\/avatar\\\/e93a0b81ded036501fe9dc2f1d7f0f8d01a9c1c68eec48450e4fad9dbd473411?s=96&d=mm&r=g\",\"caption\":\"admin_matej\"},\"sameAs\":[\"https:\\\/\\\/pozeskakuca.gmp.hr\"],\"url\":\"https:\\\/\\\/pozeskakuca.gmp.hr\\\/en\\\/author\\\/admin_matej\\\/\"}]}<\/script>\n<!-- \/ Yoast SEO plugin. -->","yoast_head_json":{"title":"Sve\u010dano otvorenje Centra za posjetitelje Po\u017ee\u0161ka ku\u0107a - Po\u017ee\u0161ka ku\u0107a","robots":{"index":"index","follow":"follow","max-snippet":"max-snippet:-1","max-image-preview":"max-image-preview:large","max-video-preview":"max-video-preview:-1"},"canonical":"https:\/\/pozeskakuca.gmp.hr\/en\/2022\/11\/10\/otvorenje-centra-za-posjetitelje-pozeska-kuca\/","og_locale":"en_GB","og_type":"article","og_title":"Sve\u010dano otvorenje Centra za posjetitelje Po\u017ee\u0161ka ku\u0107a - Po\u017ee\u0161ka ku\u0107a","og_description":"Sve\u010dano otvorenje Centra odr\u017eat \u0107e se u petak, 11. studenog, dok \u0107e vrata za javnost Centar otvoriti u utorak, 15. studenog, od 10 sati, prema radnom vremenu. O Centru Centar obuhva\u0107a stalni izlo\u017ebeni prostor, multifunkcionalni izlo\u017ebeni prostor i info-pult te suvenirnicu, a osmi\u0161ljen je kao prostor od dvije cjeline, prizemlja i podruma. Centar za posjetitelje [&hellip;]","og_url":"https:\/\/pozeskakuca.gmp.hr\/en\/2022\/11\/10\/otvorenje-centra-za-posjetitelje-pozeska-kuca\/","og_site_name":"Po\u017ee\u0161ka ku\u0107a","article_publisher":"https:\/\/hr-hr.facebook.com\/muzej.pozega\/","article_published_time":"2022-11-10T14:32:46+00:00","article_modified_time":"2022-11-10T14:56:32+00:00","og_image":[{"width":2560,"height":1709,"url":"https:\/\/pozeskakuca.gmp.hr\/wp-content\/uploads\/2022\/10\/Pozeska-kuca-bicikl-naslovna-scaled.jpg","type":"image\/jpeg"}],"author":"admin_matej","twitter_card":"summary_large_image","twitter_misc":{"Written by":"admin_matej","Estimated reading time":"2 minutes"},"schema":{"@context":"https:\/\/schema.org","@graph":[{"@type":"Article","@id":"https:\/\/pozeskakuca.gmp.hr\/2022\/11\/10\/otvorenje-centra-za-posjetitelje-pozeska-kuca\/#article","isPartOf":{"@id":"https:\/\/pozeskakuca.gmp.hr\/2022\/11\/10\/otvorenje-centra-za-posjetitelje-pozeska-kuca\/"},"author":{"name":"admin_matej","@id":"https:\/\/pozeskakuca.gmp.hr\/#\/schema\/person\/2538d9f50945a5db3d7ad1654a701dde"},"headline":"Sve\u010dano otvorenje Centra za posjetitelje Po\u017ee\u0161ka ku\u0107a","datePublished":"2022-11-10T14:32:46+00:00","dateModified":"2022-11-10T14:56:32+00:00","mainEntityOfPage":{"@id":"https:\/\/pozeskakuca.gmp.hr\/2022\/11\/10\/otvorenje-centra-za-posjetitelje-pozeska-kuca\/"},"wordCount":379,"publisher":{"@id":"https:\/\/pozeskakuca.gmp.hr\/#organization"},"image":{"@id":"https:\/\/pozeskakuca.gmp.hr\/2022\/11\/10\/otvorenje-centra-za-posjetitelje-pozeska-kuca\/#primaryimage"},"thumbnailUrl":"https:\/\/pozeskakuca.gmp.hr\/wp-content\/uploads\/2022\/10\/Pozeska-kuca-bicikl-naslovna-scaled.jpg","articleSection":["Novosti"],"inLanguage":"en-GB"},{"@type":"WebPage","@id":"https:\/\/pozeskakuca.gmp.hr\/2022\/11\/10\/otvorenje-centra-za-posjetitelje-pozeska-kuca\/","url":"https:\/\/pozeskakuca.gmp.hr\/2022\/11\/10\/otvorenje-centra-za-posjetitelje-pozeska-kuca\/","name":"Sve\u010dano otvorenje Centra za posjetitelje Po\u017ee\u0161ka ku\u0107a - Po\u017ee\u0161ka ku\u0107a","isPartOf":{"@id":"https:\/\/pozeskakuca.gmp.hr\/#website"},"primaryImageOfPage":{"@id":"https:\/\/pozeskakuca.gmp.hr\/2022\/11\/10\/otvorenje-centra-za-posjetitelje-pozeska-kuca\/#primaryimage"},"image":{"@id":"https:\/\/pozeskakuca.gmp.hr\/2022\/11\/10\/otvorenje-centra-za-posjetitelje-pozeska-kuca\/#primaryimage"},"thumbnailUrl":"https:\/\/pozeskakuca.gmp.hr\/wp-content\/uploads\/2022\/10\/Pozeska-kuca-bicikl-naslovna-scaled.jpg","datePublished":"2022-11-10T14:32:46+00:00","dateModified":"2022-11-10T14:56:32+00:00","breadcrumb":{"@id":"https:\/\/pozeskakuca.gmp.hr\/2022\/11\/10\/otvorenje-centra-za-posjetitelje-pozeska-kuca\/#breadcrumb"},"inLanguage":"en-GB","potentialAction":[{"@type":"ReadAction","target":["https:\/\/pozeskakuca.gmp.hr\/2022\/11\/10\/otvorenje-centra-za-posjetitelje-pozeska-kuca\/"]}]},{"@type":"ImageObject","inLanguage":"en-GB","@id":"https:\/\/pozeskakuca.gmp.hr\/2022\/11\/10\/otvorenje-centra-za-posjetitelje-pozeska-kuca\/#primaryimage","url":"https:\/\/pozeskakuca.gmp.hr\/wp-content\/uploads\/2022\/10\/Pozeska-kuca-bicikl-naslovna-scaled.jpg","contentUrl":"https:\/\/pozeskakuca.gmp.hr\/wp-content\/uploads\/2022\/10\/Pozeska-kuca-bicikl-naslovna-scaled.jpg","width":2560,"height":1709},{"@type":"BreadcrumbList","@id":"https:\/\/pozeskakuca.gmp.hr\/2022\/11\/10\/otvorenje-centra-za-posjetitelje-pozeska-kuca\/#breadcrumb","itemListElement":[{"@type":"ListItem","position":1,"name":"Po\u010detna stranica","item":"https:\/\/pozeskakuca.gmp.hr\/"},{"@type":"ListItem","position":2,"name":"Sve\u010dano otvorenje Centra za posjetitelje Po\u017ee\u0161ka ku\u0107a"}]},{"@type":"WebSite","@id":"https:\/\/pozeskakuca.gmp.hr\/#website","url":"https:\/\/pozeskakuca.gmp.hr\/","name":"Po\u017eega house","description":"","publisher":{"@id":"https:\/\/pozeskakuca.gmp.hr\/#organization"},"potentialAction":[{"@type":"SearchAction","target":{"@type":"EntryPoint","urlTemplate":"https:\/\/pozeskakuca.gmp.hr\/?s={search_term_string}"},"query-input":{"@type":"PropertyValueSpecification","valueRequired":true,"valueName":"search_term_string"}}],"inLanguage":"en-GB"},{"@type":"Organization","@id":"https:\/\/pozeskakuca.gmp.hr\/#organization","name":"Po\u017eega house","url":"https:\/\/pozeskakuca.gmp.hr\/","logo":{"@type":"ImageObject","inLanguage":"en-GB","@id":"https:\/\/pozeskakuca.gmp.hr\/#\/schema\/logo\/image\/","url":"https:\/\/pozeskakuca.gmp.hr\/wp-content\/uploads\/2022\/09\/pk-logo1.png","contentUrl":"https:\/\/pozeskakuca.gmp.hr\/wp-content\/uploads\/2022\/09\/pk-logo1.png","width":1368,"height":1153,"caption":"Po\u017ee\u0161ka ku\u0107a"},"image":{"@id":"https:\/\/pozeskakuca.gmp.hr\/#\/schema\/logo\/image\/"},"sameAs":["https:\/\/hr-hr.facebook.com\/muzej.pozega\/"]},{"@type":"Person","@id":"https:\/\/pozeskakuca.gmp.hr\/#\/schema\/person\/2538d9f50945a5db3d7ad1654a701dde","name":"admin_matej","image":{"@type":"ImageObject","inLanguage":"en-GB","@id":"https:\/\/secure.gravatar.com\/avatar\/e93a0b81ded036501fe9dc2f1d7f0f8d01a9c1c68eec48450e4fad9dbd473411?s=96&d=mm&r=g","url":"https:\/\/secure.gravatar.com\/avatar\/e93a0b81ded036501fe9dc2f1d7f0f8d01a9c1c68eec48450e4fad9dbd473411?s=96&d=mm&r=g","contentUrl":"https:\/\/secure.gravatar.com\/avatar\/e93a0b81ded036501fe9dc2f1d7f0f8d01a9c1c68eec48450e4fad9dbd473411?s=96&d=mm&r=g","caption":"admin_matej"},"sameAs":["https:\/\/pozeskakuca.gmp.hr"],"url":"https:\/\/pozeskakuca.gmp.hr\/en\/author\/admin_matej\/"}]}},"_links":{"self":[{"href":"https:\/\/pozeskakuca.gmp.hr\/en\/wp-json\/wp\/v2\/posts\/1315","targetHints":{"allow":["GET"]}}],"collection":[{"href":"https:\/\/pozeskakuca.gmp.hr\/en\/wp-json\/wp\/v2\/posts"}],"about":[{"href":"https:\/\/pozeskakuca.gmp.hr\/en\/wp-json\/wp\/v2\/types\/post"}],"author":[{"embeddable":true,"href":"https:\/\/pozeskakuca.gmp.hr\/en\/wp-json\/wp\/v2\/users\/1"}],"replies":[{"embeddable":true,"href":"https:\/\/pozeskakuca.gmp.hr\/en\/wp-json\/wp\/v2\/comments?post=1315"}],"version-history":[{"count":0,"href":"https:\/\/pozeskakuca.gmp.hr\/en\/wp-json\/wp\/v2\/posts\/1315\/revisions"}],"wp:featuredmedia":[{"embeddable":true,"href":"https:\/\/pozeskakuca.gmp.hr\/en\/wp-json\/wp\/v2\/media\/1334"}],"wp:attachment":[{"href":"https:\/\/pozeskakuca.gmp.hr\/en\/wp-json\/wp\/v2\/media?parent=1315"}],"wp:term":[{"taxonomy":"category","embeddable":true,"href":"https:\/\/pozeskakuca.gmp.hr\/en\/wp-json\/wp\/v2\/categories?post=1315"},{"taxonomy":"post_tag","embeddable":true,"href":"https:\/\/pozeskakuca.gmp.hr\/en\/wp-json\/wp\/v2\/tags?post=1315"}],"curies":[{"name":"wp","href":"https:\/\/api.w.org\/{rel}","templated":true}]}}