{"id":2345,"date":"2024-03-19T10:37:59","date_gmt":"2024-03-19T09:37:59","guid":{"rendered":"https:\/\/pozeskakuca.hr\/?p=2345"},"modified":"2024-03-19T10:39:55","modified_gmt":"2024-03-19T09:39:55","slug":"vise-od-1000-posjetitelja-u-sklopu-obiljezavanja-grgureva-u-pozeskoj-kuci","status":"publish","type":"post","link":"http:\/\/pozeskakuca.gmp.hr\/en\/2024\/03\/19\/vise-od-1000-posjetitelja-u-sklopu-obiljezavanja-grgureva-u-pozeskoj-kuci\/","title":{"rendered":"Vi\u0161e od 1000 posjetitelja u sklopu obilje\u017eavanja Grgureva u Po\u017ee\u0161koj ku\u0107i"},"content":{"rendered":"<div data-elementor-type=\"wp-post\" data-elementor-id=\"2345\" class=\"elementor elementor-2345\">\n\t\t\t\t\t\t<section class=\"elementor-section elementor-top-section elementor-element elementor-element-f4c2b59 elementor-section-boxed elementor-section-height-default elementor-section-height-default\" data-id=\"f4c2b59\" data-element_type=\"section\" data-e-type=\"section\">\n\t\t\t\t\t\t<div class=\"elementor-container elementor-column-gap-default\">\n\t\t\t\t\t<div class=\"elementor-column elementor-col-100 elementor-top-column elementor-element elementor-element-8b7378e\" data-id=\"8b7378e\" data-element_type=\"column\" data-e-type=\"column\">\n\t\t\t<div class=\"elementor-widget-wrap elementor-element-populated\">\n\t\t\t\t\t\t<div class=\"elementor-element elementor-element-5ba2796 elementor-widget elementor-widget-text-editor\" data-id=\"5ba2796\" data-element_type=\"widget\" data-e-type=\"widget\" data-widget_type=\"text-editor.default\">\n\t\t\t\t<div class=\"elementor-widget-container\">\n\t\t\t\t\t\t\t\t\t<p>Centar za posjetitelje <strong>Po\u017eega house<\/strong>, u slavljeni\u010dkom tjednu za <strong>Grad Po\u017eegu<\/strong>, kroz Dan otvorenih vrata Centra obilje\u017eio je Dan grada Po\u017eege. Glavni doga\u0111aj bio je 12. o\u017eujka, no kroz cijeli tjedan, od 10. o\u017eujka do 16. o\u017eujka, vi\u0161e od <strong>1 000 posjetitelja<\/strong> do\u0161lo je upoznati se s povijesnim zbivanjima doba koje je obilje\u017eilo Po\u017eegu.<\/p>\t\t\t\t\t\t\t\t<\/div>\n\t\t\t\t<\/div>\n\t\t\t\t\t<\/div>\n\t\t<\/div>\n\t\t\t\t\t<\/div>\n\t\t<\/section>\n\t\t\t\t<section class=\"elementor-section elementor-top-section elementor-element elementor-element-39c7b1b elementor-section-boxed elementor-section-height-default elementor-section-height-default\" data-id=\"39c7b1b\" data-element_type=\"section\" data-e-type=\"section\">\n\t\t\t\t\t\t<div class=\"elementor-container elementor-column-gap-default\">\n\t\t\t\t\t<div class=\"elementor-column elementor-col-100 elementor-top-column elementor-element elementor-element-44586d1\" data-id=\"44586d1\" data-element_type=\"column\" data-e-type=\"column\">\n\t\t\t<div class=\"elementor-widget-wrap elementor-element-populated\">\n\t\t\t\t\t\t<div class=\"elementor-element elementor-element-34a0fd5 elementor-widget elementor-widget-text-editor\" data-id=\"34a0fd5\" data-element_type=\"widget\" data-e-type=\"widget\" data-widget_type=\"text-editor.default\">\n\t\t\t\t<div class=\"elementor-widget-container\">\n\t\t\t\t\t\t\t\t\t<p>Pod nazivom &#8220;<em>Slobodna Po\u017eega u oblacima baruta<\/em>&#8221; realizirana je vo\u0111ena mini izlo\u017eba kojom su se posjetitelji Centra mogli upoznati s doga\u0111ajima vezanim uz obilje\u017eavanje Dana grada. Posjetitelji su tako imali jedinstveni uvid u povijesna zbivanja toga doba, a kroz zanimljive predmete &#8211; sablje, kubure i topovsku kuglu mogli su upoznati tehnologiju razvoja oru\u017eja koja se izravno odnosila na promjenu u ratnim taktikama.\u00a0<\/p>\t\t\t\t\t\t\t\t<\/div>\n\t\t\t\t<\/div>\n\t\t\t\t<div class=\"elementor-element elementor-element-02a91fc elementor-widget elementor-widget-text-editor\" data-id=\"02a91fc\" data-element_type=\"widget\" data-e-type=\"widget\" data-widget_type=\"text-editor.default\">\n\t\t\t\t<div class=\"elementor-widget-container\">\n\t\t\t\t\t\t\t\t\t<p>Osim navedenih predmeta, dio vo\u0111ene mini izlo\u017ebe bile su i grafike koje su predstavljale izgled Po\u017eege za vrijeme osmanske vlasti, ali i nakon oslobo\u0111enja Po\u017eege od osmanske vlasti. Sadr\u017eaj je upotpunjen pripadnicima Gradske stra\u017ee koji su s replikom topa odr\u017eali mini predavanje na temu stra\u017ee u Po\u017eegi kroz povijest. Posjetitelji su mogli do\u017eivjeti sve predmete koji su se nalazili u vitrinama jer su, uz pripadnike Gradske stra\u017ee, replike predmeta donijeli i pripadnici Povijesne postrojbe Trenkovi panduri pa je tako do\u017eivljaj posjetitelja o navedenoj temi bio ve\u0107i.<\/p>\t\t\t\t\t\t\t\t<\/div>\n\t\t\t\t<\/div>\n\t\t\t\t\t<\/div>\n\t\t<\/div>\n\t\t\t\t\t<\/div>\n\t\t<\/section>\n\t\t\t\t<section class=\"elementor-section elementor-top-section elementor-element elementor-element-74c172d elementor-section-boxed elementor-section-height-default elementor-section-height-default\" data-id=\"74c172d\" data-element_type=\"section\" data-e-type=\"section\">\n\t\t\t\t\t\t<div class=\"elementor-container elementor-column-gap-default\">\n\t\t\t\t\t<div class=\"elementor-column elementor-col-100 elementor-top-column elementor-element elementor-element-afd28a4\" data-id=\"afd28a4\" data-element_type=\"column\" data-e-type=\"column\">\n\t\t\t<div class=\"elementor-widget-wrap elementor-element-populated\">\n\t\t\t\t\t\t<div class=\"elementor-element elementor-element-59d45c7 gallery-spacing-custom elementor-widget elementor-widget-image-gallery\" data-id=\"59d45c7\" data-element_type=\"widget\" data-e-type=\"widget\" data-widget_type=\"image-gallery.default\">\n\t\t\t\t<div class=\"elementor-widget-container\">\n\t\t\t\t\t\t\t<div class=\"elementor-image-gallery\">\n\t\t\t\n<a data-elementor-open-lightbox=\"no\" href='https:\/\/pozeskakuca.gmp.hr\/wp-content\/uploads\/2024\/03\/DOV-Pozeska-kuca-15.jpg'><img fetchpriority=\"high\" decoding=\"async\" width=\"1200\" height=\"700\" src=\"https:\/\/pozeskakuca.gmp.hr\/wp-content\/uploads\/2024\/03\/DOV-Pozeska-kuca-15-1200x700.jpg\" class=\"attachment-ocean-thumb-l size-ocean-thumb-l\" alt=\"\" \/><\/a>\n<a data-elementor-open-lightbox=\"no\" href='https:\/\/pozeskakuca.gmp.hr\/wp-content\/uploads\/2024\/03\/DOV-Pozeska-kuca-14.jpg'><img decoding=\"async\" width=\"1200\" height=\"700\" src=\"https:\/\/pozeskakuca.gmp.hr\/wp-content\/uploads\/2024\/03\/DOV-Pozeska-kuca-14-1200x700.jpg\" class=\"attachment-ocean-thumb-l size-ocean-thumb-l\" alt=\"\" \/><\/a>\n<a data-elementor-open-lightbox=\"no\" href='https:\/\/pozeskakuca.gmp.hr\/wp-content\/uploads\/2024\/03\/DOV-Pozeska-kuca-11.jpg'><img decoding=\"async\" width=\"1200\" height=\"700\" src=\"https:\/\/pozeskakuca.gmp.hr\/wp-content\/uploads\/2024\/03\/DOV-Pozeska-kuca-11-1200x700.jpg\" class=\"attachment-ocean-thumb-l size-ocean-thumb-l\" alt=\"\" \/><\/a>\n<a data-elementor-open-lightbox=\"no\" href='https:\/\/pozeskakuca.gmp.hr\/wp-content\/uploads\/2024\/03\/DOV-Pozeska-kuca-10.jpg'><img loading=\"lazy\" decoding=\"async\" width=\"1200\" height=\"700\" src=\"https:\/\/pozeskakuca.gmp.hr\/wp-content\/uploads\/2024\/03\/DOV-Pozeska-kuca-10-1200x700.jpg\" class=\"attachment-ocean-thumb-l size-ocean-thumb-l\" alt=\"\" \/><\/a>\n<a data-elementor-open-lightbox=\"no\" href='https:\/\/pozeskakuca.gmp.hr\/wp-content\/uploads\/2024\/03\/DOV-Pozeska-kuca-7.jpg'><img loading=\"lazy\" decoding=\"async\" width=\"1200\" height=\"700\" src=\"https:\/\/pozeskakuca.gmp.hr\/wp-content\/uploads\/2024\/03\/DOV-Pozeska-kuca-7-1200x700.jpg\" class=\"attachment-ocean-thumb-l size-ocean-thumb-l\" alt=\"\" \/><\/a>\n<a data-elementor-open-lightbox=\"no\" href='https:\/\/pozeskakuca.gmp.hr\/wp-content\/uploads\/2024\/03\/DOV-Pozeska-kuca-5.jpg'><img loading=\"lazy\" decoding=\"async\" width=\"1200\" height=\"700\" src=\"https:\/\/pozeskakuca.gmp.hr\/wp-content\/uploads\/2024\/03\/DOV-Pozeska-kuca-5-1200x700.jpg\" class=\"attachment-ocean-thumb-l size-ocean-thumb-l\" alt=\"\" \/><\/a>\n<a data-elementor-open-lightbox=\"no\" href='https:\/\/pozeskakuca.gmp.hr\/wp-content\/uploads\/2024\/03\/DOV-Pozeska-kuca-4.jpg'><img loading=\"lazy\" decoding=\"async\" width=\"1200\" height=\"700\" src=\"https:\/\/pozeskakuca.gmp.hr\/wp-content\/uploads\/2024\/03\/DOV-Pozeska-kuca-4-1200x700.jpg\" class=\"attachment-ocean-thumb-l size-ocean-thumb-l\" alt=\"\" \/><\/a>\n<a data-elementor-open-lightbox=\"no\" href='https:\/\/pozeskakuca.gmp.hr\/wp-content\/uploads\/2024\/03\/DOV-Pozeska-kuca-3.jpg'><img loading=\"lazy\" decoding=\"async\" width=\"1200\" height=\"700\" src=\"https:\/\/pozeskakuca.gmp.hr\/wp-content\/uploads\/2024\/03\/DOV-Pozeska-kuca-3-1200x700.jpg\" class=\"attachment-ocean-thumb-l size-ocean-thumb-l\" alt=\"\" \/><\/a>\n<a data-elementor-open-lightbox=\"no\" href='https:\/\/pozeskakuca.gmp.hr\/wp-content\/uploads\/2024\/03\/DOV-Pozeska-kuca-1.jpg'><img loading=\"lazy\" decoding=\"async\" width=\"1200\" height=\"700\" src=\"https:\/\/pozeskakuca.gmp.hr\/wp-content\/uploads\/2024\/03\/DOV-Pozeska-kuca-1-1200x700.jpg\" class=\"attachment-ocean-thumb-l size-ocean-thumb-l\" alt=\"\" \/><\/a>\n\t\t<\/div>\n\t\t\t\t\t\t<\/div>\n\t\t\t\t<\/div>\n\t\t\t\t\t<\/div>\n\t\t<\/div>\n\t\t\t\t\t<\/div>\n\t\t<\/section>\n\t\t\t\t<\/div>","protected":false},"excerpt":{"rendered":"<p>Centar za posjetitelje Po\u017ee\u0161ka ku\u0107a, u slavljeni\u010dkom tjednu za Grad Po\u017eegu, kroz Dan otvorenih vrata Centra obilje\u017eio je Dan grada Po\u017eege. Glavni doga\u0111aj bio je 12. o\u017eujka, no kroz cijeli tjedan, od 10. o\u017eujka do 16. o\u017eujka, vi\u0161e od 1 000 posjetitelja do\u0161lo je upoznati se s povijesnim zbivanjima doba koje je obilje\u017eilo Po\u017eegu. Pod [&hellip;]<\/p>\n","protected":false},"author":1,"featured_media":1336,"comment_status":"closed","ping_status":"closed","sticky":false,"template":"","format":"standard","meta":{"ocean_post_layout":"","ocean_both_sidebars_style":"","ocean_both_sidebars_content_width":0,"ocean_both_sidebars_sidebars_width":0,"ocean_sidebar":"","ocean_second_sidebar":"","ocean_disable_margins":"enable","ocean_add_body_class":"","ocean_shortcode_before_top_bar":"","ocean_shortcode_after_top_bar":"","ocean_shortcode_before_header":"","ocean_shortcode_after_header":"","ocean_has_shortcode":"","ocean_shortcode_after_title":"","ocean_shortcode_before_footer_widgets":"","ocean_shortcode_after_footer_widgets":"","ocean_shortcode_before_footer_bottom":"","ocean_shortcode_after_footer_bottom":"","ocean_display_top_bar":"default","ocean_display_header":"default","ocean_header_style":"","ocean_center_header_left_menu":"","ocean_custom_header_template":"","ocean_custom_logo":0,"ocean_custom_retina_logo":0,"ocean_custom_logo_max_width":0,"ocean_custom_logo_tablet_max_width":0,"ocean_custom_logo_mobile_max_width":0,"ocean_custom_logo_max_height":0,"ocean_custom_logo_tablet_max_height":0,"ocean_custom_logo_mobile_max_height":0,"ocean_header_custom_menu":"","ocean_menu_typo_font_family":"","ocean_menu_typo_font_subset":"","ocean_menu_typo_font_size":0,"ocean_menu_typo_font_size_tablet":0,"ocean_menu_typo_font_size_mobile":0,"ocean_menu_typo_font_size_unit":"px","ocean_menu_typo_font_weight":"","ocean_menu_typo_font_weight_tablet":"","ocean_menu_typo_font_weight_mobile":"","ocean_menu_typo_transform":"","ocean_menu_typo_transform_tablet":"","ocean_menu_typo_transform_mobile":"","ocean_menu_typo_line_height":0,"ocean_menu_typo_line_height_tablet":0,"ocean_menu_typo_line_height_mobile":0,"ocean_menu_typo_line_height_unit":"","ocean_menu_typo_spacing":0,"ocean_menu_typo_spacing_tablet":0,"ocean_menu_typo_spacing_mobile":0,"ocean_menu_typo_spacing_unit":"","ocean_menu_link_color":"","ocean_menu_link_color_hover":"","ocean_menu_link_color_active":"","ocean_menu_link_background":"","ocean_menu_link_hover_background":"","ocean_menu_link_active_background":"","ocean_menu_social_links_bg":"","ocean_menu_social_hover_links_bg":"","ocean_menu_social_links_color":"","ocean_menu_social_hover_links_color":"","ocean_disable_title":"default","ocean_disable_heading":"default","ocean_post_title":"","ocean_post_subheading":"","ocean_post_title_style":"","ocean_post_title_background_color":"","ocean_post_title_background":0,"ocean_post_title_bg_image_position":"","ocean_post_title_bg_image_attachment":"","ocean_post_title_bg_image_repeat":"","ocean_post_title_bg_image_size":"","ocean_post_title_height":0,"ocean_post_title_bg_overlay":0.5,"ocean_post_title_bg_overlay_color":"","ocean_disable_breadcrumbs":"default","ocean_breadcrumbs_color":"","ocean_breadcrumbs_separator_color":"","ocean_breadcrumbs_links_color":"","ocean_breadcrumbs_links_hover_color":"","ocean_display_footer_widgets":"default","ocean_display_footer_bottom":"default","ocean_custom_footer_template":"","ocean_post_oembed":"","ocean_post_self_hosted_media":"","ocean_post_video_embed":"","ocean_link_format":"","ocean_link_format_target":"self","ocean_quote_format":"","ocean_quote_format_link":"post","ocean_gallery_link_images":"on","ocean_gallery_id":[],"footnotes":""},"categories":[7],"tags":[],"class_list":["post-2345","post","type-post","status-publish","format-standard","has-post-thumbnail","hentry","category-novosti","entry","has-media"],"yoast_head":"<!-- This site is optimized with the Yoast SEO plugin v27.4 - https:\/\/yoast.com\/product\/yoast-seo-wordpress\/ -->\n<title>Vi\u0161e od 1000 posjetitelja u sklopu obilje\u017eavanja Grgureva u Po\u017ee\u0161koj ku\u0107i - Po\u017ee\u0161ka ku\u0107a<\/title>\n<meta name=\"robots\" content=\"index, follow, max-snippet:-1, max-image-preview:large, max-video-preview:-1\" \/>\n<link rel=\"canonical\" href=\"https:\/\/pozeskakuca.gmp.hr\/en\/2024\/03\/19\/vise-od-1000-posjetitelja-u-sklopu-obiljezavanja-grgureva-u-pozeskoj-kuci\/\" \/>\n<meta property=\"og:locale\" content=\"en_GB\" \/>\n<meta property=\"og:type\" content=\"article\" \/>\n<meta property=\"og:title\" content=\"Vi\u0161e od 1000 posjetitelja u sklopu obilje\u017eavanja Grgureva u Po\u017ee\u0161koj ku\u0107i - Po\u017ee\u0161ka ku\u0107a\" \/>\n<meta property=\"og:description\" content=\"Centar za posjetitelje Po\u017ee\u0161ka ku\u0107a, u slavljeni\u010dkom tjednu za Grad Po\u017eegu, kroz Dan otvorenih vrata Centra obilje\u017eio je Dan grada Po\u017eege. Glavni doga\u0111aj bio je 12. o\u017eujka, no kroz cijeli tjedan, od 10. o\u017eujka do 16. o\u017eujka, vi\u0161e od 1 000 posjetitelja do\u0161lo je upoznati se s povijesnim zbivanjima doba koje je obilje\u017eilo Po\u017eegu. Pod [&hellip;]\" \/>\n<meta property=\"og:url\" content=\"https:\/\/pozeskakuca.gmp.hr\/en\/2024\/03\/19\/vise-od-1000-posjetitelja-u-sklopu-obiljezavanja-grgureva-u-pozeskoj-kuci\/\" \/>\n<meta property=\"og:site_name\" content=\"Po\u017ee\u0161ka ku\u0107a\" \/>\n<meta property=\"article:publisher\" content=\"https:\/\/hr-hr.facebook.com\/muzej.pozega\/\" \/>\n<meta property=\"article:published_time\" content=\"2024-03-19T09:37:59+00:00\" \/>\n<meta property=\"article:modified_time\" content=\"2024-03-19T09:39:55+00:00\" \/>\n<meta property=\"og:image\" content=\"https:\/\/pozeskakuca.gmp.hr\/wp-content\/uploads\/2022\/11\/Pozeska-kuca-cep-i-cokolada-naslovna-scaled.jpg\" \/>\n\t<meta property=\"og:image:width\" content=\"2560\" \/>\n\t<meta property=\"og:image:height\" content=\"1709\" \/>\n\t<meta property=\"og:image:type\" content=\"image\/jpeg\" \/>\n<meta name=\"author\" content=\"admin_matej\" \/>\n<meta name=\"twitter:card\" content=\"summary_large_image\" \/>\n<meta name=\"twitter:label1\" content=\"Written by\" \/>\n\t<meta name=\"twitter:data1\" content=\"admin_matej\" \/>\n\t<meta name=\"twitter:label2\" content=\"Estimated reading time\" \/>\n\t<meta name=\"twitter:data2\" content=\"3 minutes\" \/>\n<script type=\"application\/ld+json\" class=\"yoast-schema-graph\">{\"@context\":\"https:\\\/\\\/schema.org\",\"@graph\":[{\"@type\":\"Article\",\"@id\":\"https:\\\/\\\/pozeskakuca.gmp.hr\\\/2024\\\/03\\\/19\\\/vise-od-1000-posjetitelja-u-sklopu-obiljezavanja-grgureva-u-pozeskoj-kuci\\\/#article\",\"isPartOf\":{\"@id\":\"https:\\\/\\\/pozeskakuca.gmp.hr\\\/2024\\\/03\\\/19\\\/vise-od-1000-posjetitelja-u-sklopu-obiljezavanja-grgureva-u-pozeskoj-kuci\\\/\"},\"author\":{\"name\":\"admin_matej\",\"@id\":\"https:\\\/\\\/pozeskakuca.gmp.hr\\\/#\\\/schema\\\/person\\\/2538d9f50945a5db3d7ad1654a701dde\"},\"headline\":\"Vi\u0161e od 1000 posjetitelja u sklopu obilje\u017eavanja Grgureva u Po\u017ee\u0161koj ku\u0107i\",\"datePublished\":\"2024-03-19T09:37:59+00:00\",\"dateModified\":\"2024-03-19T09:39:55+00:00\",\"mainEntityOfPage\":{\"@id\":\"https:\\\/\\\/pozeskakuca.gmp.hr\\\/2024\\\/03\\\/19\\\/vise-od-1000-posjetitelja-u-sklopu-obiljezavanja-grgureva-u-pozeskoj-kuci\\\/\"},\"wordCount\":247,\"publisher\":{\"@id\":\"https:\\\/\\\/pozeskakuca.gmp.hr\\\/#organization\"},\"image\":{\"@id\":\"https:\\\/\\\/pozeskakuca.gmp.hr\\\/2024\\\/03\\\/19\\\/vise-od-1000-posjetitelja-u-sklopu-obiljezavanja-grgureva-u-pozeskoj-kuci\\\/#primaryimage\"},\"thumbnailUrl\":\"https:\\\/\\\/pozeskakuca.gmp.hr\\\/wp-content\\\/uploads\\\/2022\\\/11\\\/Pozeska-kuca-cep-i-cokolada-naslovna-scaled.jpg\",\"articleSection\":[\"Novosti\"],\"inLanguage\":\"en-GB\"},{\"@type\":\"WebPage\",\"@id\":\"https:\\\/\\\/pozeskakuca.gmp.hr\\\/2024\\\/03\\\/19\\\/vise-od-1000-posjetitelja-u-sklopu-obiljezavanja-grgureva-u-pozeskoj-kuci\\\/\",\"url\":\"https:\\\/\\\/pozeskakuca.gmp.hr\\\/2024\\\/03\\\/19\\\/vise-od-1000-posjetitelja-u-sklopu-obiljezavanja-grgureva-u-pozeskoj-kuci\\\/\",\"name\":\"Vi\u0161e od 1000 posjetitelja u sklopu obilje\u017eavanja Grgureva u Po\u017ee\u0161koj ku\u0107i - Po\u017ee\u0161ka ku\u0107a\",\"isPartOf\":{\"@id\":\"https:\\\/\\\/pozeskakuca.gmp.hr\\\/#website\"},\"primaryImageOfPage\":{\"@id\":\"https:\\\/\\\/pozeskakuca.gmp.hr\\\/2024\\\/03\\\/19\\\/vise-od-1000-posjetitelja-u-sklopu-obiljezavanja-grgureva-u-pozeskoj-kuci\\\/#primaryimage\"},\"image\":{\"@id\":\"https:\\\/\\\/pozeskakuca.gmp.hr\\\/2024\\\/03\\\/19\\\/vise-od-1000-posjetitelja-u-sklopu-obiljezavanja-grgureva-u-pozeskoj-kuci\\\/#primaryimage\"},\"thumbnailUrl\":\"https:\\\/\\\/pozeskakuca.gmp.hr\\\/wp-content\\\/uploads\\\/2022\\\/11\\\/Pozeska-kuca-cep-i-cokolada-naslovna-scaled.jpg\",\"datePublished\":\"2024-03-19T09:37:59+00:00\",\"dateModified\":\"2024-03-19T09:39:55+00:00\",\"breadcrumb\":{\"@id\":\"https:\\\/\\\/pozeskakuca.gmp.hr\\\/2024\\\/03\\\/19\\\/vise-od-1000-posjetitelja-u-sklopu-obiljezavanja-grgureva-u-pozeskoj-kuci\\\/#breadcrumb\"},\"inLanguage\":\"en-GB\",\"potentialAction\":[{\"@type\":\"ReadAction\",\"target\":[\"https:\\\/\\\/pozeskakuca.gmp.hr\\\/2024\\\/03\\\/19\\\/vise-od-1000-posjetitelja-u-sklopu-obiljezavanja-grgureva-u-pozeskoj-kuci\\\/\"]}]},{\"@type\":\"ImageObject\",\"inLanguage\":\"en-GB\",\"@id\":\"https:\\\/\\\/pozeskakuca.gmp.hr\\\/2024\\\/03\\\/19\\\/vise-od-1000-posjetitelja-u-sklopu-obiljezavanja-grgureva-u-pozeskoj-kuci\\\/#primaryimage\",\"url\":\"https:\\\/\\\/pozeskakuca.gmp.hr\\\/wp-content\\\/uploads\\\/2022\\\/11\\\/Pozeska-kuca-cep-i-cokolada-naslovna-scaled.jpg\",\"contentUrl\":\"https:\\\/\\\/pozeskakuca.gmp.hr\\\/wp-content\\\/uploads\\\/2022\\\/11\\\/Pozeska-kuca-cep-i-cokolada-naslovna-scaled.jpg\",\"width\":2560,\"height\":1709},{\"@type\":\"BreadcrumbList\",\"@id\":\"https:\\\/\\\/pozeskakuca.gmp.hr\\\/2024\\\/03\\\/19\\\/vise-od-1000-posjetitelja-u-sklopu-obiljezavanja-grgureva-u-pozeskoj-kuci\\\/#breadcrumb\",\"itemListElement\":[{\"@type\":\"ListItem\",\"position\":1,\"name\":\"Po\u010detna stranica\",\"item\":\"https:\\\/\\\/pozeskakuca.gmp.hr\\\/\"},{\"@type\":\"ListItem\",\"position\":2,\"name\":\"Vi\u0161e od 1000 posjetitelja u sklopu obilje\u017eavanja Grgureva u Po\u017ee\u0161koj ku\u0107i\"}]},{\"@type\":\"WebSite\",\"@id\":\"https:\\\/\\\/pozeskakuca.gmp.hr\\\/#website\",\"url\":\"https:\\\/\\\/pozeskakuca.gmp.hr\\\/\",\"name\":\"Po\u017ee\u0161ka ku\u0107a\",\"description\":\"\",\"publisher\":{\"@id\":\"https:\\\/\\\/pozeskakuca.gmp.hr\\\/#organization\"},\"potentialAction\":[{\"@type\":\"SearchAction\",\"target\":{\"@type\":\"EntryPoint\",\"urlTemplate\":\"https:\\\/\\\/pozeskakuca.gmp.hr\\\/?s={search_term_string}\"},\"query-input\":{\"@type\":\"PropertyValueSpecification\",\"valueRequired\":true,\"valueName\":\"search_term_string\"}}],\"inLanguage\":\"en-GB\"},{\"@type\":\"Organization\",\"@id\":\"https:\\\/\\\/pozeskakuca.gmp.hr\\\/#organization\",\"name\":\"Po\u017ee\u0161ka ku\u0107a\",\"url\":\"https:\\\/\\\/pozeskakuca.gmp.hr\\\/\",\"logo\":{\"@type\":\"ImageObject\",\"inLanguage\":\"en-GB\",\"@id\":\"https:\\\/\\\/pozeskakuca.gmp.hr\\\/#\\\/schema\\\/logo\\\/image\\\/\",\"url\":\"https:\\\/\\\/pozeskakuca.gmp.hr\\\/wp-content\\\/uploads\\\/2022\\\/09\\\/pk-logo1.png\",\"contentUrl\":\"https:\\\/\\\/pozeskakuca.gmp.hr\\\/wp-content\\\/uploads\\\/2022\\\/09\\\/pk-logo1.png\",\"width\":1368,\"height\":1153,\"caption\":\"Po\u017ee\u0161ka ku\u0107a\"},\"image\":{\"@id\":\"https:\\\/\\\/pozeskakuca.gmp.hr\\\/#\\\/schema\\\/logo\\\/image\\\/\"},\"sameAs\":[\"https:\\\/\\\/hr-hr.facebook.com\\\/muzej.pozega\\\/\"]},{\"@type\":\"Person\",\"@id\":\"https:\\\/\\\/pozeskakuca.gmp.hr\\\/#\\\/schema\\\/person\\\/2538d9f50945a5db3d7ad1654a701dde\",\"name\":\"admin_matej\",\"image\":{\"@type\":\"ImageObject\",\"inLanguage\":\"en-GB\",\"@id\":\"https:\\\/\\\/secure.gravatar.com\\\/avatar\\\/e93a0b81ded036501fe9dc2f1d7f0f8d01a9c1c68eec48450e4fad9dbd473411?s=96&d=mm&r=g\",\"url\":\"https:\\\/\\\/secure.gravatar.com\\\/avatar\\\/e93a0b81ded036501fe9dc2f1d7f0f8d01a9c1c68eec48450e4fad9dbd473411?s=96&d=mm&r=g\",\"contentUrl\":\"https:\\\/\\\/secure.gravatar.com\\\/avatar\\\/e93a0b81ded036501fe9dc2f1d7f0f8d01a9c1c68eec48450e4fad9dbd473411?s=96&d=mm&r=g\",\"caption\":\"admin_matej\"},\"sameAs\":[\"https:\\\/\\\/pozeskakuca.gmp.hr\"],\"url\":\"http:\\\/\\\/pozeskakuca.gmp.hr\\\/en\\\/author\\\/admin_matej\\\/\"}]}<\/script>\n<!-- \/ Yoast SEO plugin. -->","yoast_head_json":{"title":"Vi\u0161e od 1000 posjetitelja u sklopu obilje\u017eavanja Grgureva u Po\u017ee\u0161koj ku\u0107i - Po\u017ee\u0161ka ku\u0107a","robots":{"index":"index","follow":"follow","max-snippet":"max-snippet:-1","max-image-preview":"max-image-preview:large","max-video-preview":"max-video-preview:-1"},"canonical":"https:\/\/pozeskakuca.gmp.hr\/en\/2024\/03\/19\/vise-od-1000-posjetitelja-u-sklopu-obiljezavanja-grgureva-u-pozeskoj-kuci\/","og_locale":"en_GB","og_type":"article","og_title":"Vi\u0161e od 1000 posjetitelja u sklopu obilje\u017eavanja Grgureva u Po\u017ee\u0161koj ku\u0107i - Po\u017ee\u0161ka ku\u0107a","og_description":"Centar za posjetitelje Po\u017ee\u0161ka ku\u0107a, u slavljeni\u010dkom tjednu za Grad Po\u017eegu, kroz Dan otvorenih vrata Centra obilje\u017eio je Dan grada Po\u017eege. Glavni doga\u0111aj bio je 12. o\u017eujka, no kroz cijeli tjedan, od 10. o\u017eujka do 16. o\u017eujka, vi\u0161e od 1 000 posjetitelja do\u0161lo je upoznati se s povijesnim zbivanjima doba koje je obilje\u017eilo Po\u017eegu. Pod [&hellip;]","og_url":"https:\/\/pozeskakuca.gmp.hr\/en\/2024\/03\/19\/vise-od-1000-posjetitelja-u-sklopu-obiljezavanja-grgureva-u-pozeskoj-kuci\/","og_site_name":"Po\u017ee\u0161ka ku\u0107a","article_publisher":"https:\/\/hr-hr.facebook.com\/muzej.pozega\/","article_published_time":"2024-03-19T09:37:59+00:00","article_modified_time":"2024-03-19T09:39:55+00:00","og_image":[{"width":2560,"height":1709,"url":"https:\/\/pozeskakuca.gmp.hr\/wp-content\/uploads\/2022\/11\/Pozeska-kuca-cep-i-cokolada-naslovna-scaled.jpg","type":"image\/jpeg"}],"author":"admin_matej","twitter_card":"summary_large_image","twitter_misc":{"Written by":"admin_matej","Estimated reading time":"3 minutes"},"schema":{"@context":"https:\/\/schema.org","@graph":[{"@type":"Article","@id":"https:\/\/pozeskakuca.gmp.hr\/2024\/03\/19\/vise-od-1000-posjetitelja-u-sklopu-obiljezavanja-grgureva-u-pozeskoj-kuci\/#article","isPartOf":{"@id":"https:\/\/pozeskakuca.gmp.hr\/2024\/03\/19\/vise-od-1000-posjetitelja-u-sklopu-obiljezavanja-grgureva-u-pozeskoj-kuci\/"},"author":{"name":"admin_matej","@id":"https:\/\/pozeskakuca.gmp.hr\/#\/schema\/person\/2538d9f50945a5db3d7ad1654a701dde"},"headline":"Vi\u0161e od 1000 posjetitelja u sklopu obilje\u017eavanja Grgureva u Po\u017ee\u0161koj ku\u0107i","datePublished":"2024-03-19T09:37:59+00:00","dateModified":"2024-03-19T09:39:55+00:00","mainEntityOfPage":{"@id":"https:\/\/pozeskakuca.gmp.hr\/2024\/03\/19\/vise-od-1000-posjetitelja-u-sklopu-obiljezavanja-grgureva-u-pozeskoj-kuci\/"},"wordCount":247,"publisher":{"@id":"https:\/\/pozeskakuca.gmp.hr\/#organization"},"image":{"@id":"https:\/\/pozeskakuca.gmp.hr\/2024\/03\/19\/vise-od-1000-posjetitelja-u-sklopu-obiljezavanja-grgureva-u-pozeskoj-kuci\/#primaryimage"},"thumbnailUrl":"https:\/\/pozeskakuca.gmp.hr\/wp-content\/uploads\/2022\/11\/Pozeska-kuca-cep-i-cokolada-naslovna-scaled.jpg","articleSection":["Novosti"],"inLanguage":"en-GB"},{"@type":"WebPage","@id":"https:\/\/pozeskakuca.gmp.hr\/2024\/03\/19\/vise-od-1000-posjetitelja-u-sklopu-obiljezavanja-grgureva-u-pozeskoj-kuci\/","url":"https:\/\/pozeskakuca.gmp.hr\/2024\/03\/19\/vise-od-1000-posjetitelja-u-sklopu-obiljezavanja-grgureva-u-pozeskoj-kuci\/","name":"Vi\u0161e od 1000 posjetitelja u sklopu obilje\u017eavanja Grgureva u Po\u017ee\u0161koj ku\u0107i - Po\u017ee\u0161ka ku\u0107a","isPartOf":{"@id":"https:\/\/pozeskakuca.gmp.hr\/#website"},"primaryImageOfPage":{"@id":"https:\/\/pozeskakuca.gmp.hr\/2024\/03\/19\/vise-od-1000-posjetitelja-u-sklopu-obiljezavanja-grgureva-u-pozeskoj-kuci\/#primaryimage"},"image":{"@id":"https:\/\/pozeskakuca.gmp.hr\/2024\/03\/19\/vise-od-1000-posjetitelja-u-sklopu-obiljezavanja-grgureva-u-pozeskoj-kuci\/#primaryimage"},"thumbnailUrl":"https:\/\/pozeskakuca.gmp.hr\/wp-content\/uploads\/2022\/11\/Pozeska-kuca-cep-i-cokolada-naslovna-scaled.jpg","datePublished":"2024-03-19T09:37:59+00:00","dateModified":"2024-03-19T09:39:55+00:00","breadcrumb":{"@id":"https:\/\/pozeskakuca.gmp.hr\/2024\/03\/19\/vise-od-1000-posjetitelja-u-sklopu-obiljezavanja-grgureva-u-pozeskoj-kuci\/#breadcrumb"},"inLanguage":"en-GB","potentialAction":[{"@type":"ReadAction","target":["https:\/\/pozeskakuca.gmp.hr\/2024\/03\/19\/vise-od-1000-posjetitelja-u-sklopu-obiljezavanja-grgureva-u-pozeskoj-kuci\/"]}]},{"@type":"ImageObject","inLanguage":"en-GB","@id":"https:\/\/pozeskakuca.gmp.hr\/2024\/03\/19\/vise-od-1000-posjetitelja-u-sklopu-obiljezavanja-grgureva-u-pozeskoj-kuci\/#primaryimage","url":"https:\/\/pozeskakuca.gmp.hr\/wp-content\/uploads\/2022\/11\/Pozeska-kuca-cep-i-cokolada-naslovna-scaled.jpg","contentUrl":"https:\/\/pozeskakuca.gmp.hr\/wp-content\/uploads\/2022\/11\/Pozeska-kuca-cep-i-cokolada-naslovna-scaled.jpg","width":2560,"height":1709},{"@type":"BreadcrumbList","@id":"https:\/\/pozeskakuca.gmp.hr\/2024\/03\/19\/vise-od-1000-posjetitelja-u-sklopu-obiljezavanja-grgureva-u-pozeskoj-kuci\/#breadcrumb","itemListElement":[{"@type":"ListItem","position":1,"name":"Po\u010detna stranica","item":"https:\/\/pozeskakuca.gmp.hr\/"},{"@type":"ListItem","position":2,"name":"Vi\u0161e od 1000 posjetitelja u sklopu obilje\u017eavanja Grgureva u Po\u017ee\u0161koj ku\u0107i"}]},{"@type":"WebSite","@id":"https:\/\/pozeskakuca.gmp.hr\/#website","url":"https:\/\/pozeskakuca.gmp.hr\/","name":"Po\u017eega house","description":"","publisher":{"@id":"https:\/\/pozeskakuca.gmp.hr\/#organization"},"potentialAction":[{"@type":"SearchAction","target":{"@type":"EntryPoint","urlTemplate":"https:\/\/pozeskakuca.gmp.hr\/?s={search_term_string}"},"query-input":{"@type":"PropertyValueSpecification","valueRequired":true,"valueName":"search_term_string"}}],"inLanguage":"en-GB"},{"@type":"Organization","@id":"https:\/\/pozeskakuca.gmp.hr\/#organization","name":"Po\u017eega house","url":"https:\/\/pozeskakuca.gmp.hr\/","logo":{"@type":"ImageObject","inLanguage":"en-GB","@id":"https:\/\/pozeskakuca.gmp.hr\/#\/schema\/logo\/image\/","url":"https:\/\/pozeskakuca.gmp.hr\/wp-content\/uploads\/2022\/09\/pk-logo1.png","contentUrl":"https:\/\/pozeskakuca.gmp.hr\/wp-content\/uploads\/2022\/09\/pk-logo1.png","width":1368,"height":1153,"caption":"Po\u017ee\u0161ka ku\u0107a"},"image":{"@id":"https:\/\/pozeskakuca.gmp.hr\/#\/schema\/logo\/image\/"},"sameAs":["https:\/\/hr-hr.facebook.com\/muzej.pozega\/"]},{"@type":"Person","@id":"https:\/\/pozeskakuca.gmp.hr\/#\/schema\/person\/2538d9f50945a5db3d7ad1654a701dde","name":"admin_matej","image":{"@type":"ImageObject","inLanguage":"en-GB","@id":"https:\/\/secure.gravatar.com\/avatar\/e93a0b81ded036501fe9dc2f1d7f0f8d01a9c1c68eec48450e4fad9dbd473411?s=96&d=mm&r=g","url":"https:\/\/secure.gravatar.com\/avatar\/e93a0b81ded036501fe9dc2f1d7f0f8d01a9c1c68eec48450e4fad9dbd473411?s=96&d=mm&r=g","contentUrl":"https:\/\/secure.gravatar.com\/avatar\/e93a0b81ded036501fe9dc2f1d7f0f8d01a9c1c68eec48450e4fad9dbd473411?s=96&d=mm&r=g","caption":"admin_matej"},"sameAs":["https:\/\/pozeskakuca.gmp.hr"],"url":"http:\/\/pozeskakuca.gmp.hr\/en\/author\/admin_matej\/"}]}},"_links":{"self":[{"href":"http:\/\/pozeskakuca.gmp.hr\/en\/wp-json\/wp\/v2\/posts\/2345","targetHints":{"allow":["GET"]}}],"collection":[{"href":"http:\/\/pozeskakuca.gmp.hr\/en\/wp-json\/wp\/v2\/posts"}],"about":[{"href":"http:\/\/pozeskakuca.gmp.hr\/en\/wp-json\/wp\/v2\/types\/post"}],"author":[{"embeddable":true,"href":"http:\/\/pozeskakuca.gmp.hr\/en\/wp-json\/wp\/v2\/users\/1"}],"replies":[{"embeddable":true,"href":"http:\/\/pozeskakuca.gmp.hr\/en\/wp-json\/wp\/v2\/comments?post=2345"}],"version-history":[{"count":8,"href":"http:\/\/pozeskakuca.gmp.hr\/en\/wp-json\/wp\/v2\/posts\/2345\/revisions"}],"predecessor-version":[{"id":2362,"href":"http:\/\/pozeskakuca.gmp.hr\/en\/wp-json\/wp\/v2\/posts\/2345\/revisions\/2362"}],"wp:featuredmedia":[{"embeddable":true,"href":"http:\/\/pozeskakuca.gmp.hr\/en\/wp-json\/wp\/v2\/media\/1336"}],"wp:attachment":[{"href":"http:\/\/pozeskakuca.gmp.hr\/en\/wp-json\/wp\/v2\/media?parent=2345"}],"wp:term":[{"taxonomy":"category","embeddable":true,"href":"http:\/\/pozeskakuca.gmp.hr\/en\/wp-json\/wp\/v2\/categories?post=2345"},{"taxonomy":"post_tag","embeddable":true,"href":"http:\/\/pozeskakuca.gmp.hr\/en\/wp-json\/wp\/v2\/tags?post=2345"}],"curies":[{"name":"wp","href":"https:\/\/api.w.org\/{rel}","templated":true}]}}