{"id":2325,"date":"2024-03-06T08:37:58","date_gmt":"2024-03-06T07:37:58","guid":{"rendered":"https:\/\/pozeskakuca.hr\/?p=2325"},"modified":"2024-03-06T09:33:42","modified_gmt":"2024-03-06T08:33:42","slug":"grgurevo-dan-otvorenih-vrata-pozeske-kuce","status":"publish","type":"post","link":"http:\/\/pozeskakuca.gmp.hr\/en\/2024\/03\/06\/grgurevo-dan-otvorenih-vrata-pozeske-kuce\/","title":{"rendered":"Grgurevo: Dan otvorenih vrata Po\u017ee\u0161ke ku\u0107e"},"content":{"rendered":"<div data-elementor-type=\"wp-post\" data-elementor-id=\"2325\" class=\"elementor elementor-2325\">\n\t\t\t\t\t\t<section class=\"elementor-section elementor-top-section elementor-element elementor-element-2e4dde2 elementor-section-boxed elementor-section-height-default elementor-section-height-default\" data-id=\"2e4dde2\" data-element_type=\"section\" data-e-type=\"section\">\n\t\t\t\t\t\t<div class=\"elementor-container elementor-column-gap-default\">\n\t\t\t\t\t<div class=\"elementor-column elementor-col-100 elementor-top-column elementor-element elementor-element-45b88df\" data-id=\"45b88df\" data-element_type=\"column\" data-e-type=\"column\">\n\t\t\t<div class=\"elementor-widget-wrap elementor-element-populated\">\n\t\t\t\t\t\t<div class=\"elementor-element elementor-element-cbf2a7d elementor-widget elementor-widget-text-editor\" data-id=\"cbf2a7d\" data-element_type=\"widget\" data-e-type=\"widget\" data-widget_type=\"text-editor.default\">\n\t\t\t\t<div class=\"elementor-widget-container\">\n\t\t\t\t\t\t\t\t\t<p>U sklopu obilje\u017eavanja Dana grada Po\u017eege, u Centru za posjetitelje Po\u017ee\u0161ka ku\u0107a odr\u017eat \u0107e se Dan otvorenih vrata u utorak, 12. o\u017eujka, u radnom vremenu Centra (10:00 \u2013 16:00).<\/p>\t\t\t\t\t\t\t\t<\/div>\n\t\t\t\t<\/div>\n\t\t\t\t\t<\/div>\n\t\t<\/div>\n\t\t\t\t\t<\/div>\n\t\t<\/section>\n\t\t\t\t<section class=\"elementor-section elementor-top-section elementor-element elementor-element-cdb3c77 elementor-section-boxed elementor-section-height-default elementor-section-height-default\" data-id=\"cdb3c77\" data-element_type=\"section\" data-e-type=\"section\">\n\t\t\t\t\t\t<div class=\"elementor-container elementor-column-gap-default\">\n\t\t\t\t\t<div class=\"elementor-column elementor-col-100 elementor-top-column elementor-element elementor-element-172496b\" data-id=\"172496b\" data-element_type=\"column\" data-e-type=\"column\">\n\t\t\t<div class=\"elementor-widget-wrap elementor-element-populated\">\n\t\t\t\t\t\t<div class=\"elementor-element elementor-element-4732a64 elementor-widget elementor-widget-text-editor\" data-id=\"4732a64\" data-element_type=\"widget\" data-e-type=\"widget\" data-widget_type=\"text-editor.default\">\n\t\t\t\t<div class=\"elementor-widget-container\">\n\t\t\t\t\t\t\t\t\t<p>Po uzoru na pro\u0161logodi\u0161nji Dan otvorenih vrata Centra, ove godine \u0107e se tako\u0111er na Grgurevo odr\u017eati navedena manifestacija za sve zainteresirane gra\u0111ane, ali i goste grada Po\u017eege. S obzirom na to da se radi o obilje\u017eavanju Dana grada kroz bitku na Sokolovcu, posjetiteljima \u0107e se pru\u017eiti jedinstveni uvid u povijesna zbivanja toga doba, ali \u0107e se tako\u0111er i kroz mini izlo\u017ebu prezentirati na\u010din ratovanja s kraja 17. stolje\u0107a, odnosno u 18. stolje\u0107u.<\/p><p>Kroz muzejske predmete u vo\u0111enom obliku predstavit \u0107e se tehnolo\u0161ka opremljenost vojnika toga doba \u2013 hladno, ali i vatreno oru\u017eje, kako bi se pobli\u017ee objasnio na\u010din ratovanja toga doba. Osim u utorak, 12. o\u017eujka, gra\u0111ani te posjetitelji grada u cijelom tjednu imat \u0107e priliku posjetiti ovu mini izlo\u017ebu i saznati ne\u0161to vi\u0161e o povijesti toga razdoblja, a obilazak mini izlo\u017ebe <strong>je besplatan<\/strong>.<\/p><p>Osim u utorak, vrata Centra za posjetitelje bit \u0107e otvorena i u nedjelju, 10. o\u017eujka, te u ponedjeljak, 11. o\u017eujka, oba dana od 12:00 do 16:00. U navedena tri dana u obilje\u017eavanju Dana grada<strong> obilazak Centra je besplatan za sve zainteresirane<\/strong>, dok \u0107e od utorka, na Dan otvorenih vrata, biti postavljeni ranije spomenuti muzejski predmeti.<\/p>\t\t\t\t\t\t\t\t<\/div>\n\t\t\t\t<\/div>\n\t\t\t\t\t<\/div>\n\t\t<\/div>\n\t\t\t\t\t<\/div>\n\t\t<\/section>\n\t\t\t\t<section class=\"elementor-section elementor-top-section elementor-element elementor-element-823dfec elementor-section-boxed elementor-section-height-default elementor-section-height-default\" data-id=\"823dfec\" data-element_type=\"section\" data-e-type=\"section\">\n\t\t\t\t\t\t<div class=\"elementor-container elementor-column-gap-default\">\n\t\t\t\t\t<div class=\"elementor-column elementor-col-100 elementor-top-column elementor-element elementor-element-a355de0\" data-id=\"a355de0\" data-element_type=\"column\" data-e-type=\"column\">\n\t\t\t<div class=\"elementor-widget-wrap elementor-element-populated\">\n\t\t\t\t\t\t<div class=\"elementor-element elementor-element-7f71f6c elementor-widget elementor-widget-image\" data-id=\"7f71f6c\" data-element_type=\"widget\" data-e-type=\"widget\" data-widget_type=\"image.default\">\n\t\t\t\t<div class=\"elementor-widget-container\">\n\t\t\t\t\t\t\t\t\t\t\t\t\t\t\t<img fetchpriority=\"high\" decoding=\"async\" width=\"1688\" height=\"1688\" src=\"https:\/\/pozeskakuca.gmp.hr\/wp-content\/uploads\/2024\/03\/dov2024-3.png\" class=\"attachment-full size-full wp-image-2327\" alt=\"\" srcset=\"https:\/\/pozeskakuca.gmp.hr\/wp-content\/uploads\/2024\/03\/dov2024-3.png 1688w, https:\/\/pozeskakuca.gmp.hr\/wp-content\/uploads\/2024\/03\/dov2024-3-768x768.png 768w, https:\/\/pozeskakuca.gmp.hr\/wp-content\/uploads\/2024\/03\/dov2024-3-1536x1536.png 1536w, https:\/\/pozeskakuca.gmp.hr\/wp-content\/uploads\/2024\/03\/dov2024-3-12x12.png 12w, https:\/\/pozeskakuca.gmp.hr\/wp-content\/uploads\/2024\/03\/dov2024-3-600x600.png 600w\" sizes=\"(max-width: 1688px) 100vw, 1688px\" \/>\t\t\t\t\t\t\t\t\t\t\t\t\t\t\t<\/div>\n\t\t\t\t<\/div>\n\t\t\t\t\t<\/div>\n\t\t<\/div>\n\t\t\t\t\t<\/div>\n\t\t<\/section>\n\t\t\t\t<\/div>","protected":false},"excerpt":{"rendered":"<p>U sklopu obilje\u017eavanja Dana grada Po\u017eege, u Centru za posjetitelje Po\u017ee\u0161ka ku\u0107a odr\u017eat \u0107e se Dan otvorenih vrata u utorak, 12. o\u017eujka, u radnom vremenu Centra (10:00 \u2013 16:00). Po uzoru na pro\u0161logodi\u0161nji Dan otvorenih vrata Centra, ove godine \u0107e se tako\u0111er na Grgurevo odr\u017eati navedena manifestacija za sve zainteresirane gra\u0111ane, ali i goste grada [&hellip;]<\/p>\n","protected":false},"author":1,"featured_media":1334,"comment_status":"closed","ping_status":"closed","sticky":false,"template":"","format":"standard","meta":{"ocean_post_layout":"","ocean_both_sidebars_style":"","ocean_both_sidebars_content_width":0,"ocean_both_sidebars_sidebars_width":0,"ocean_sidebar":"","ocean_second_sidebar":"","ocean_disable_margins":"enable","ocean_add_body_class":"","ocean_shortcode_before_top_bar":"","ocean_shortcode_after_top_bar":"","ocean_shortcode_before_header":"","ocean_shortcode_after_header":"","ocean_has_shortcode":"","ocean_shortcode_after_title":"","ocean_shortcode_before_footer_widgets":"","ocean_shortcode_after_footer_widgets":"","ocean_shortcode_before_footer_bottom":"","ocean_shortcode_after_footer_bottom":"","ocean_display_top_bar":"default","ocean_display_header":"default","ocean_header_style":"","ocean_center_header_left_menu":"","ocean_custom_header_template":"","ocean_custom_logo":0,"ocean_custom_retina_logo":0,"ocean_custom_logo_max_width":0,"ocean_custom_logo_tablet_max_width":0,"ocean_custom_logo_mobile_max_width":0,"ocean_custom_logo_max_height":0,"ocean_custom_logo_tablet_max_height":0,"ocean_custom_logo_mobile_max_height":0,"ocean_header_custom_menu":"","ocean_menu_typo_font_family":"","ocean_menu_typo_font_subset":"","ocean_menu_typo_font_size":0,"ocean_menu_typo_font_size_tablet":0,"ocean_menu_typo_font_size_mobile":0,"ocean_menu_typo_font_size_unit":"px","ocean_menu_typo_font_weight":"","ocean_menu_typo_font_weight_tablet":"","ocean_menu_typo_font_weight_mobile":"","ocean_menu_typo_transform":"","ocean_menu_typo_transform_tablet":"","ocean_menu_typo_transform_mobile":"","ocean_menu_typo_line_height":0,"ocean_menu_typo_line_height_tablet":0,"ocean_menu_typo_line_height_mobile":0,"ocean_menu_typo_line_height_unit":"","ocean_menu_typo_spacing":0,"ocean_menu_typo_spacing_tablet":0,"ocean_menu_typo_spacing_mobile":0,"ocean_menu_typo_spacing_unit":"","ocean_menu_link_color":"","ocean_menu_link_color_hover":"","ocean_menu_link_color_active":"","ocean_menu_link_background":"","ocean_menu_link_hover_background":"","ocean_menu_link_active_background":"","ocean_menu_social_links_bg":"","ocean_menu_social_hover_links_bg":"","ocean_menu_social_links_color":"","ocean_menu_social_hover_links_color":"","ocean_disable_title":"default","ocean_disable_heading":"default","ocean_post_title":"","ocean_post_subheading":"","ocean_post_title_style":"","ocean_post_title_background_color":"","ocean_post_title_background":0,"ocean_post_title_bg_image_position":"","ocean_post_title_bg_image_attachment":"","ocean_post_title_bg_image_repeat":"","ocean_post_title_bg_image_size":"","ocean_post_title_height":0,"ocean_post_title_bg_overlay":0.5,"ocean_post_title_bg_overlay_color":"","ocean_disable_breadcrumbs":"default","ocean_breadcrumbs_color":"","ocean_breadcrumbs_separator_color":"","ocean_breadcrumbs_links_color":"","ocean_breadcrumbs_links_hover_color":"","ocean_display_footer_widgets":"default","ocean_display_footer_bottom":"default","ocean_custom_footer_template":"","ocean_post_oembed":"","ocean_post_self_hosted_media":"","ocean_post_video_embed":"","ocean_link_format":"","ocean_link_format_target":"self","ocean_quote_format":"","ocean_quote_format_link":"post","ocean_gallery_link_images":"on","ocean_gallery_id":[],"footnotes":""},"categories":[7],"tags":[],"class_list":["post-2325","post","type-post","status-publish","format-standard","has-post-thumbnail","hentry","category-novosti","entry","has-media"],"yoast_head":"<!-- This site is optimized with the Yoast SEO plugin v27.4 - https:\/\/yoast.com\/product\/yoast-seo-wordpress\/ -->\n<title>Grgurevo: Dan otvorenih vrata Po\u017ee\u0161ke ku\u0107e - Po\u017ee\u0161ka ku\u0107a<\/title>\n<meta name=\"robots\" content=\"index, follow, max-snippet:-1, max-image-preview:large, max-video-preview:-1\" \/>\n<link rel=\"canonical\" href=\"https:\/\/pozeskakuca.gmp.hr\/en\/2024\/03\/06\/grgurevo-dan-otvorenih-vrata-pozeske-kuce\/\" \/>\n<meta property=\"og:locale\" content=\"en_GB\" \/>\n<meta property=\"og:type\" content=\"article\" \/>\n<meta property=\"og:title\" content=\"Grgurevo: Dan otvorenih vrata Po\u017ee\u0161ke ku\u0107e - Po\u017ee\u0161ka ku\u0107a\" \/>\n<meta property=\"og:description\" content=\"U sklopu obilje\u017eavanja Dana grada Po\u017eege, u Centru za posjetitelje Po\u017ee\u0161ka ku\u0107a odr\u017eat \u0107e se Dan otvorenih vrata u utorak, 12. o\u017eujka, u radnom vremenu Centra (10:00 \u2013 16:00). Po uzoru na pro\u0161logodi\u0161nji Dan otvorenih vrata Centra, ove godine \u0107e se tako\u0111er na Grgurevo odr\u017eati navedena manifestacija za sve zainteresirane gra\u0111ane, ali i goste grada [&hellip;]\" \/>\n<meta property=\"og:url\" content=\"https:\/\/pozeskakuca.gmp.hr\/en\/2024\/03\/06\/grgurevo-dan-otvorenih-vrata-pozeske-kuce\/\" \/>\n<meta property=\"og:site_name\" content=\"Po\u017ee\u0161ka ku\u0107a\" \/>\n<meta property=\"article:publisher\" content=\"https:\/\/hr-hr.facebook.com\/muzej.pozega\/\" \/>\n<meta property=\"article:published_time\" content=\"2024-03-06T07:37:58+00:00\" \/>\n<meta property=\"article:modified_time\" content=\"2024-03-06T08:33:42+00:00\" \/>\n<meta property=\"og:image\" content=\"https:\/\/pozeskakuca.gmp.hr\/wp-content\/uploads\/2022\/10\/Pozeska-kuca-bicikl-naslovna-scaled.jpg\" \/>\n\t<meta property=\"og:image:width\" content=\"2560\" \/>\n\t<meta property=\"og:image:height\" content=\"1709\" \/>\n\t<meta property=\"og:image:type\" content=\"image\/jpeg\" \/>\n<meta name=\"author\" content=\"admin_matej\" \/>\n<meta name=\"twitter:card\" content=\"summary_large_image\" \/>\n<meta name=\"twitter:label1\" content=\"Written by\" \/>\n\t<meta name=\"twitter:data1\" content=\"admin_matej\" \/>\n\t<meta name=\"twitter:label2\" content=\"Estimated reading time\" \/>\n\t<meta name=\"twitter:data2\" content=\"2 minutes\" \/>\n<script type=\"application\/ld+json\" class=\"yoast-schema-graph\">{\"@context\":\"https:\\\/\\\/schema.org\",\"@graph\":[{\"@type\":\"Article\",\"@id\":\"https:\\\/\\\/pozeskakuca.gmp.hr\\\/2024\\\/03\\\/06\\\/grgurevo-dan-otvorenih-vrata-pozeske-kuce\\\/#article\",\"isPartOf\":{\"@id\":\"https:\\\/\\\/pozeskakuca.gmp.hr\\\/2024\\\/03\\\/06\\\/grgurevo-dan-otvorenih-vrata-pozeske-kuce\\\/\"},\"author\":{\"name\":\"admin_matej\",\"@id\":\"https:\\\/\\\/pozeskakuca.gmp.hr\\\/#\\\/schema\\\/person\\\/2538d9f50945a5db3d7ad1654a701dde\"},\"headline\":\"Grgurevo: Dan otvorenih vrata Po\u017ee\u0161ke ku\u0107e\",\"datePublished\":\"2024-03-06T07:37:58+00:00\",\"dateModified\":\"2024-03-06T08:33:42+00:00\",\"mainEntityOfPage\":{\"@id\":\"https:\\\/\\\/pozeskakuca.gmp.hr\\\/2024\\\/03\\\/06\\\/grgurevo-dan-otvorenih-vrata-pozeske-kuce\\\/\"},\"wordCount\":249,\"publisher\":{\"@id\":\"https:\\\/\\\/pozeskakuca.gmp.hr\\\/#organization\"},\"image\":{\"@id\":\"https:\\\/\\\/pozeskakuca.gmp.hr\\\/2024\\\/03\\\/06\\\/grgurevo-dan-otvorenih-vrata-pozeske-kuce\\\/#primaryimage\"},\"thumbnailUrl\":\"https:\\\/\\\/pozeskakuca.gmp.hr\\\/wp-content\\\/uploads\\\/2022\\\/10\\\/Pozeska-kuca-bicikl-naslovna-scaled.jpg\",\"articleSection\":[\"Novosti\"],\"inLanguage\":\"en-GB\"},{\"@type\":\"WebPage\",\"@id\":\"https:\\\/\\\/pozeskakuca.gmp.hr\\\/2024\\\/03\\\/06\\\/grgurevo-dan-otvorenih-vrata-pozeske-kuce\\\/\",\"url\":\"https:\\\/\\\/pozeskakuca.gmp.hr\\\/2024\\\/03\\\/06\\\/grgurevo-dan-otvorenih-vrata-pozeske-kuce\\\/\",\"name\":\"Grgurevo: Dan otvorenih vrata Po\u017ee\u0161ke ku\u0107e - Po\u017ee\u0161ka ku\u0107a\",\"isPartOf\":{\"@id\":\"https:\\\/\\\/pozeskakuca.gmp.hr\\\/#website\"},\"primaryImageOfPage\":{\"@id\":\"https:\\\/\\\/pozeskakuca.gmp.hr\\\/2024\\\/03\\\/06\\\/grgurevo-dan-otvorenih-vrata-pozeske-kuce\\\/#primaryimage\"},\"image\":{\"@id\":\"https:\\\/\\\/pozeskakuca.gmp.hr\\\/2024\\\/03\\\/06\\\/grgurevo-dan-otvorenih-vrata-pozeske-kuce\\\/#primaryimage\"},\"thumbnailUrl\":\"https:\\\/\\\/pozeskakuca.gmp.hr\\\/wp-content\\\/uploads\\\/2022\\\/10\\\/Pozeska-kuca-bicikl-naslovna-scaled.jpg\",\"datePublished\":\"2024-03-06T07:37:58+00:00\",\"dateModified\":\"2024-03-06T08:33:42+00:00\",\"breadcrumb\":{\"@id\":\"https:\\\/\\\/pozeskakuca.gmp.hr\\\/2024\\\/03\\\/06\\\/grgurevo-dan-otvorenih-vrata-pozeske-kuce\\\/#breadcrumb\"},\"inLanguage\":\"en-GB\",\"potentialAction\":[{\"@type\":\"ReadAction\",\"target\":[\"https:\\\/\\\/pozeskakuca.gmp.hr\\\/2024\\\/03\\\/06\\\/grgurevo-dan-otvorenih-vrata-pozeske-kuce\\\/\"]}]},{\"@type\":\"ImageObject\",\"inLanguage\":\"en-GB\",\"@id\":\"https:\\\/\\\/pozeskakuca.gmp.hr\\\/2024\\\/03\\\/06\\\/grgurevo-dan-otvorenih-vrata-pozeske-kuce\\\/#primaryimage\",\"url\":\"https:\\\/\\\/pozeskakuca.gmp.hr\\\/wp-content\\\/uploads\\\/2022\\\/10\\\/Pozeska-kuca-bicikl-naslovna-scaled.jpg\",\"contentUrl\":\"https:\\\/\\\/pozeskakuca.gmp.hr\\\/wp-content\\\/uploads\\\/2022\\\/10\\\/Pozeska-kuca-bicikl-naslovna-scaled.jpg\",\"width\":2560,\"height\":1709},{\"@type\":\"BreadcrumbList\",\"@id\":\"https:\\\/\\\/pozeskakuca.gmp.hr\\\/2024\\\/03\\\/06\\\/grgurevo-dan-otvorenih-vrata-pozeske-kuce\\\/#breadcrumb\",\"itemListElement\":[{\"@type\":\"ListItem\",\"position\":1,\"name\":\"Po\u010detna stranica\",\"item\":\"https:\\\/\\\/pozeskakuca.gmp.hr\\\/\"},{\"@type\":\"ListItem\",\"position\":2,\"name\":\"Grgurevo: Dan otvorenih vrata Po\u017ee\u0161ke ku\u0107e\"}]},{\"@type\":\"WebSite\",\"@id\":\"https:\\\/\\\/pozeskakuca.gmp.hr\\\/#website\",\"url\":\"https:\\\/\\\/pozeskakuca.gmp.hr\\\/\",\"name\":\"Po\u017ee\u0161ka ku\u0107a\",\"description\":\"\",\"publisher\":{\"@id\":\"https:\\\/\\\/pozeskakuca.gmp.hr\\\/#organization\"},\"potentialAction\":[{\"@type\":\"SearchAction\",\"target\":{\"@type\":\"EntryPoint\",\"urlTemplate\":\"https:\\\/\\\/pozeskakuca.gmp.hr\\\/?s={search_term_string}\"},\"query-input\":{\"@type\":\"PropertyValueSpecification\",\"valueRequired\":true,\"valueName\":\"search_term_string\"}}],\"inLanguage\":\"en-GB\"},{\"@type\":\"Organization\",\"@id\":\"https:\\\/\\\/pozeskakuca.gmp.hr\\\/#organization\",\"name\":\"Po\u017ee\u0161ka ku\u0107a\",\"url\":\"https:\\\/\\\/pozeskakuca.gmp.hr\\\/\",\"logo\":{\"@type\":\"ImageObject\",\"inLanguage\":\"en-GB\",\"@id\":\"https:\\\/\\\/pozeskakuca.gmp.hr\\\/#\\\/schema\\\/logo\\\/image\\\/\",\"url\":\"https:\\\/\\\/pozeskakuca.gmp.hr\\\/wp-content\\\/uploads\\\/2022\\\/09\\\/pk-logo1.png\",\"contentUrl\":\"https:\\\/\\\/pozeskakuca.gmp.hr\\\/wp-content\\\/uploads\\\/2022\\\/09\\\/pk-logo1.png\",\"width\":1368,\"height\":1153,\"caption\":\"Po\u017ee\u0161ka ku\u0107a\"},\"image\":{\"@id\":\"https:\\\/\\\/pozeskakuca.gmp.hr\\\/#\\\/schema\\\/logo\\\/image\\\/\"},\"sameAs\":[\"https:\\\/\\\/hr-hr.facebook.com\\\/muzej.pozega\\\/\"]},{\"@type\":\"Person\",\"@id\":\"https:\\\/\\\/pozeskakuca.gmp.hr\\\/#\\\/schema\\\/person\\\/2538d9f50945a5db3d7ad1654a701dde\",\"name\":\"admin_matej\",\"image\":{\"@type\":\"ImageObject\",\"inLanguage\":\"en-GB\",\"@id\":\"https:\\\/\\\/secure.gravatar.com\\\/avatar\\\/e93a0b81ded036501fe9dc2f1d7f0f8d01a9c1c68eec48450e4fad9dbd473411?s=96&d=mm&r=g\",\"url\":\"https:\\\/\\\/secure.gravatar.com\\\/avatar\\\/e93a0b81ded036501fe9dc2f1d7f0f8d01a9c1c68eec48450e4fad9dbd473411?s=96&d=mm&r=g\",\"contentUrl\":\"https:\\\/\\\/secure.gravatar.com\\\/avatar\\\/e93a0b81ded036501fe9dc2f1d7f0f8d01a9c1c68eec48450e4fad9dbd473411?s=96&d=mm&r=g\",\"caption\":\"admin_matej\"},\"sameAs\":[\"https:\\\/\\\/pozeskakuca.gmp.hr\"],\"url\":\"http:\\\/\\\/pozeskakuca.gmp.hr\\\/en\\\/author\\\/admin_matej\\\/\"}]}<\/script>\n<!-- \/ Yoast SEO plugin. -->","yoast_head_json":{"title":"Grgurevo: Dan otvorenih vrata Po\u017ee\u0161ke ku\u0107e - Po\u017ee\u0161ka ku\u0107a","robots":{"index":"index","follow":"follow","max-snippet":"max-snippet:-1","max-image-preview":"max-image-preview:large","max-video-preview":"max-video-preview:-1"},"canonical":"https:\/\/pozeskakuca.gmp.hr\/en\/2024\/03\/06\/grgurevo-dan-otvorenih-vrata-pozeske-kuce\/","og_locale":"en_GB","og_type":"article","og_title":"Grgurevo: Dan otvorenih vrata Po\u017ee\u0161ke ku\u0107e - Po\u017ee\u0161ka ku\u0107a","og_description":"U sklopu obilje\u017eavanja Dana grada Po\u017eege, u Centru za posjetitelje Po\u017ee\u0161ka ku\u0107a odr\u017eat \u0107e se Dan otvorenih vrata u utorak, 12. o\u017eujka, u radnom vremenu Centra (10:00 \u2013 16:00). Po uzoru na pro\u0161logodi\u0161nji Dan otvorenih vrata Centra, ove godine \u0107e se tako\u0111er na Grgurevo odr\u017eati navedena manifestacija za sve zainteresirane gra\u0111ane, ali i goste grada [&hellip;]","og_url":"https:\/\/pozeskakuca.gmp.hr\/en\/2024\/03\/06\/grgurevo-dan-otvorenih-vrata-pozeske-kuce\/","og_site_name":"Po\u017ee\u0161ka ku\u0107a","article_publisher":"https:\/\/hr-hr.facebook.com\/muzej.pozega\/","article_published_time":"2024-03-06T07:37:58+00:00","article_modified_time":"2024-03-06T08:33:42+00:00","og_image":[{"width":2560,"height":1709,"url":"https:\/\/pozeskakuca.gmp.hr\/wp-content\/uploads\/2022\/10\/Pozeska-kuca-bicikl-naslovna-scaled.jpg","type":"image\/jpeg"}],"author":"admin_matej","twitter_card":"summary_large_image","twitter_misc":{"Written by":"admin_matej","Estimated reading time":"2 minutes"},"schema":{"@context":"https:\/\/schema.org","@graph":[{"@type":"Article","@id":"https:\/\/pozeskakuca.gmp.hr\/2024\/03\/06\/grgurevo-dan-otvorenih-vrata-pozeske-kuce\/#article","isPartOf":{"@id":"https:\/\/pozeskakuca.gmp.hr\/2024\/03\/06\/grgurevo-dan-otvorenih-vrata-pozeske-kuce\/"},"author":{"name":"admin_matej","@id":"https:\/\/pozeskakuca.gmp.hr\/#\/schema\/person\/2538d9f50945a5db3d7ad1654a701dde"},"headline":"Grgurevo: Dan otvorenih vrata Po\u017ee\u0161ke ku\u0107e","datePublished":"2024-03-06T07:37:58+00:00","dateModified":"2024-03-06T08:33:42+00:00","mainEntityOfPage":{"@id":"https:\/\/pozeskakuca.gmp.hr\/2024\/03\/06\/grgurevo-dan-otvorenih-vrata-pozeske-kuce\/"},"wordCount":249,"publisher":{"@id":"https:\/\/pozeskakuca.gmp.hr\/#organization"},"image":{"@id":"https:\/\/pozeskakuca.gmp.hr\/2024\/03\/06\/grgurevo-dan-otvorenih-vrata-pozeske-kuce\/#primaryimage"},"thumbnailUrl":"https:\/\/pozeskakuca.gmp.hr\/wp-content\/uploads\/2022\/10\/Pozeska-kuca-bicikl-naslovna-scaled.jpg","articleSection":["Novosti"],"inLanguage":"en-GB"},{"@type":"WebPage","@id":"https:\/\/pozeskakuca.gmp.hr\/2024\/03\/06\/grgurevo-dan-otvorenih-vrata-pozeske-kuce\/","url":"https:\/\/pozeskakuca.gmp.hr\/2024\/03\/06\/grgurevo-dan-otvorenih-vrata-pozeske-kuce\/","name":"Grgurevo: Dan otvorenih vrata Po\u017ee\u0161ke ku\u0107e - Po\u017ee\u0161ka ku\u0107a","isPartOf":{"@id":"https:\/\/pozeskakuca.gmp.hr\/#website"},"primaryImageOfPage":{"@id":"https:\/\/pozeskakuca.gmp.hr\/2024\/03\/06\/grgurevo-dan-otvorenih-vrata-pozeske-kuce\/#primaryimage"},"image":{"@id":"https:\/\/pozeskakuca.gmp.hr\/2024\/03\/06\/grgurevo-dan-otvorenih-vrata-pozeske-kuce\/#primaryimage"},"thumbnailUrl":"https:\/\/pozeskakuca.gmp.hr\/wp-content\/uploads\/2022\/10\/Pozeska-kuca-bicikl-naslovna-scaled.jpg","datePublished":"2024-03-06T07:37:58+00:00","dateModified":"2024-03-06T08:33:42+00:00","breadcrumb":{"@id":"https:\/\/pozeskakuca.gmp.hr\/2024\/03\/06\/grgurevo-dan-otvorenih-vrata-pozeske-kuce\/#breadcrumb"},"inLanguage":"en-GB","potentialAction":[{"@type":"ReadAction","target":["https:\/\/pozeskakuca.gmp.hr\/2024\/03\/06\/grgurevo-dan-otvorenih-vrata-pozeske-kuce\/"]}]},{"@type":"ImageObject","inLanguage":"en-GB","@id":"https:\/\/pozeskakuca.gmp.hr\/2024\/03\/06\/grgurevo-dan-otvorenih-vrata-pozeske-kuce\/#primaryimage","url":"https:\/\/pozeskakuca.gmp.hr\/wp-content\/uploads\/2022\/10\/Pozeska-kuca-bicikl-naslovna-scaled.jpg","contentUrl":"https:\/\/pozeskakuca.gmp.hr\/wp-content\/uploads\/2022\/10\/Pozeska-kuca-bicikl-naslovna-scaled.jpg","width":2560,"height":1709},{"@type":"BreadcrumbList","@id":"https:\/\/pozeskakuca.gmp.hr\/2024\/03\/06\/grgurevo-dan-otvorenih-vrata-pozeske-kuce\/#breadcrumb","itemListElement":[{"@type":"ListItem","position":1,"name":"Po\u010detna stranica","item":"https:\/\/pozeskakuca.gmp.hr\/"},{"@type":"ListItem","position":2,"name":"Grgurevo: Dan otvorenih vrata Po\u017ee\u0161ke ku\u0107e"}]},{"@type":"WebSite","@id":"https:\/\/pozeskakuca.gmp.hr\/#website","url":"https:\/\/pozeskakuca.gmp.hr\/","name":"Po\u017eega house","description":"","publisher":{"@id":"https:\/\/pozeskakuca.gmp.hr\/#organization"},"potentialAction":[{"@type":"SearchAction","target":{"@type":"EntryPoint","urlTemplate":"https:\/\/pozeskakuca.gmp.hr\/?s={search_term_string}"},"query-input":{"@type":"PropertyValueSpecification","valueRequired":true,"valueName":"search_term_string"}}],"inLanguage":"en-GB"},{"@type":"Organization","@id":"https:\/\/pozeskakuca.gmp.hr\/#organization","name":"Po\u017eega house","url":"https:\/\/pozeskakuca.gmp.hr\/","logo":{"@type":"ImageObject","inLanguage":"en-GB","@id":"https:\/\/pozeskakuca.gmp.hr\/#\/schema\/logo\/image\/","url":"https:\/\/pozeskakuca.gmp.hr\/wp-content\/uploads\/2022\/09\/pk-logo1.png","contentUrl":"https:\/\/pozeskakuca.gmp.hr\/wp-content\/uploads\/2022\/09\/pk-logo1.png","width":1368,"height":1153,"caption":"Po\u017ee\u0161ka ku\u0107a"},"image":{"@id":"https:\/\/pozeskakuca.gmp.hr\/#\/schema\/logo\/image\/"},"sameAs":["https:\/\/hr-hr.facebook.com\/muzej.pozega\/"]},{"@type":"Person","@id":"https:\/\/pozeskakuca.gmp.hr\/#\/schema\/person\/2538d9f50945a5db3d7ad1654a701dde","name":"admin_matej","image":{"@type":"ImageObject","inLanguage":"en-GB","@id":"https:\/\/secure.gravatar.com\/avatar\/e93a0b81ded036501fe9dc2f1d7f0f8d01a9c1c68eec48450e4fad9dbd473411?s=96&d=mm&r=g","url":"https:\/\/secure.gravatar.com\/avatar\/e93a0b81ded036501fe9dc2f1d7f0f8d01a9c1c68eec48450e4fad9dbd473411?s=96&d=mm&r=g","contentUrl":"https:\/\/secure.gravatar.com\/avatar\/e93a0b81ded036501fe9dc2f1d7f0f8d01a9c1c68eec48450e4fad9dbd473411?s=96&d=mm&r=g","caption":"admin_matej"},"sameAs":["https:\/\/pozeskakuca.gmp.hr"],"url":"http:\/\/pozeskakuca.gmp.hr\/en\/author\/admin_matej\/"}]}},"_links":{"self":[{"href":"http:\/\/pozeskakuca.gmp.hr\/en\/wp-json\/wp\/v2\/posts\/2325","targetHints":{"allow":["GET"]}}],"collection":[{"href":"http:\/\/pozeskakuca.gmp.hr\/en\/wp-json\/wp\/v2\/posts"}],"about":[{"href":"http:\/\/pozeskakuca.gmp.hr\/en\/wp-json\/wp\/v2\/types\/post"}],"author":[{"embeddable":true,"href":"http:\/\/pozeskakuca.gmp.hr\/en\/wp-json\/wp\/v2\/users\/1"}],"replies":[{"embeddable":true,"href":"http:\/\/pozeskakuca.gmp.hr\/en\/wp-json\/wp\/v2\/comments?post=2325"}],"version-history":[{"count":10,"href":"http:\/\/pozeskakuca.gmp.hr\/en\/wp-json\/wp\/v2\/posts\/2325\/revisions"}],"predecessor-version":[{"id":2336,"href":"http:\/\/pozeskakuca.gmp.hr\/en\/wp-json\/wp\/v2\/posts\/2325\/revisions\/2336"}],"wp:featuredmedia":[{"embeddable":true,"href":"http:\/\/pozeskakuca.gmp.hr\/en\/wp-json\/wp\/v2\/media\/1334"}],"wp:attachment":[{"href":"http:\/\/pozeskakuca.gmp.hr\/en\/wp-json\/wp\/v2\/media?parent=2325"}],"wp:term":[{"taxonomy":"category","embeddable":true,"href":"http:\/\/pozeskakuca.gmp.hr\/en\/wp-json\/wp\/v2\/categories?post=2325"},{"taxonomy":"post_tag","embeddable":true,"href":"http:\/\/pozeskakuca.gmp.hr\/en\/wp-json\/wp\/v2\/tags?post=2325"}],"curies":[{"name":"wp","href":"https:\/\/api.w.org\/{rel}","templated":true}]}}